{"id":3513,"date":"2015-04-26T11:43:00","date_gmt":"2015-04-26T09:43:00","guid":{"rendered":"http:\/\/agora.xtec.cat\/col-imma-lloret\/general\/10a-edicio-del-campionat-escolar-de-rem-ergometre\/"},"modified":"2015-04-26T11:43:00","modified_gmt":"2015-04-26T09:43:00","slug":"10a-edicio-del-campionat-escolar-de-rem-ergometre","status":"publish","type":"post","link":"https:\/\/agora.xtec.cat\/col-imma-lloret\/portada\/10a-edicio-del-campionat-escolar-de-rem-ergometre\/","title":{"rendered":"10a. edici\u00f3 del Campionat Escolar de Rem Erg\u00f2metre"},"content":{"rendered":"<p>Alumnes de Prim\u00e0ria i ESO participen en el campionat escolar de Rem Erg\u00f2metre organitzat pel Club de Rem Santa Cristina.<\/p>\n<p><\/p>\n<div style=\"text-align: center;\"><embed flashvars=\"host=picasaweb.google.com&amp;hl=ca&amp;feat=flashalbum&amp;RGB=0x000000&amp;feed=https%3A%2F%2Fpicasaweb.google.com%2Fdata%2Ffeed%2Fapi%2Fuser%2F100533306046161634485%2Falbumid%2F6142354979875366161%3Falt%3Drss%26kind%3Dphoto%26hl%3Dca\" height=\"267\" pluginspage=\"http:\/\/www.macromedia.com\/go\/getflashplayer\" src=\"https:\/\/photos.gstatic.com\/media\/slideshow.swf\" type=\"application\/x-shockwave-flash\" width=\"400\"><\/embed><\/div>\n","protected":false},"excerpt":{"rendered":"<p>Alumnes de Prim\u00e0ria i ESO participen en el campionat escolar de Rem Erg\u00f2metre organitzat pel Club de Rem Santa Cristina.<\/p>\n","protected":false},"author":1,"featured_media":0,"comment_status":"open","ping_status":"closed","sticky":false,"template":"","format":"standard","meta":{"_bbp_topic_count":0,"_bbp_reply_count":0,"_bbp_total_topic_count":0,"_bbp_total_reply_count":0,"_bbp_voice_count":0,"_bbp_anonymous_reply_count":0,"_bbp_topic_count_hidden":0,"_bbp_reply_count_hidden":0,"_bbp_forum_subforum_count":0,"footnotes":""},"categories":[120,29],"tags":[],"class_list":["post-3513","post","type-post","status-publish","format-standard","hentry","category-2014-15","category-portada"],"post_mailing_queue_ids":[],"_links":{"self":[{"href":"https:\/\/agora.xtec.cat\/col-imma-lloret\/wp-json\/wp\/v2\/posts\/3513","targetHints":{"allow":["GET"]}}],"collection":[{"href":"https:\/\/agora.xtec.cat\/col-imma-lloret\/wp-json\/wp\/v2\/posts"}],"about":[{"href":"https:\/\/agora.xtec.cat\/col-imma-lloret\/wp-json\/wp\/v2\/types\/post"}],"author":[{"embeddable":true,"href":"https:\/\/agora.xtec.cat\/col-imma-lloret\/wp-json\/wp\/v2\/users\/1"}],"replies":[{"embeddable":true,"href":"https:\/\/agora.xtec.cat\/col-imma-lloret\/wp-json\/wp\/v2\/comments?post=3513"}],"version-history":[{"count":0,"href":"https:\/\/agora.xtec.cat\/col-imma-lloret\/wp-json\/wp\/v2\/posts\/3513\/revisions"}],"wp:attachment":[{"href":"https:\/\/agora.xtec.cat\/col-imma-lloret\/wp-json\/wp\/v2\/media?parent=3513"}],"wp:term":[{"taxonomy":"category","embeddable":true,"href":"https:\/\/agora.xtec.cat\/col-imma-lloret\/wp-json\/wp\/v2\/categories?post=3513"},{"taxonomy":"post_tag","embeddable":true,"href":"https:\/\/agora.xtec.cat\/col-imma-lloret\/wp-json\/wp\/v2\/tags?post=3513"}],"curies":[{"name":"wp","href":"https:\/\/api.w.org\/{rel}","templated":true}]}}