{"id":3115,"date":"2017-04-26T10:44:00","date_gmt":"2017-04-26T08:44:00","guid":{"rendered":""},"modified":"2017-07-12T10:21:39","modified_gmt":"2017-07-12T08:21:39","slug":"dia-de-leducacio-fisica-al-carrer-defc-2017","status":"publish","type":"post","link":"https:\/\/agora.xtec.cat\/col-imma-lloret\/2016-17\/dia-de-leducacio-fisica-al-carrer-defc-2017\/","title":{"rendered":"Dia de l&#8217;Educaci\u00f3 F\u00edsica al carrer. DEFC 2017"},"content":{"rendered":"<div style=\"text-align: justify;\"><\/div>\n<div style=\"clear: both; text-align: center;\"><a href=\"http:\/\/agora.xtec.cat\/col-imma-lloret\/wp-content\/uploads\/usu1420\/2017\/04\/DEFC.jpg\" style=\"margin-left: 1em; margin-right: 1em;\"><img loading=\"lazy\" decoding=\"async\" border=\"0\" height=\"266\" src=\"http:\/\/agora.xtec.cat\/col-imma-lloret\/wp-content\/uploads\/usu1420\/2017\/04\/DEFC-300x201.jpg\" width=\"400\" \/><\/a><\/div>\n<p><\/p>\n<div style=\"text-align: justify;\">Aquest 25 d&#8217;abril als alumnes de 6\u00e8. han participat el DEFC, dia de l&#8217;Educaci\u00f3 F\u00edsica al carrer.<\/div>\n<div style=\"text-align: justify;\"><\/div>\n<div style=\"text-align: justify;\"><span style=\"font-size: 12px;\"><span style=\"font-family: verdana,geneva,sans-serif;\">El  DEFC \u00e9s una iniciativa inicial de Fran Fl\u00f3rez, professor d\u2019Educaci\u00f3  F\u00edsica, que el 2011, a Laviana (Ast\u00faries), va decidir sortir al carrer  amb els seus alumnes a fer classe.<\/span><\/span><\/div>\n<div style=\"text-align: justify;\"><span style=\"font-size: 12px;\"><span style=\"font-family: verdana,geneva,sans-serif;\"><br \/> L\u2019objectiu era mostrar als ve\u00efns com \u00e9s l\u2019actual EF, una activitat  d\u2019aula desconeguda de la ciutadania. La iniciativa, aquell 6 d\u2019abril de  2011, coincid\u00ed amb el Dia Mundial de l\u2019Activitat F\u00edsica.<br \/> Actualment el DEFC aplega estudiants, professors i voluntaris, que  esdevenen protagonistes de l\u2019Educaci\u00f3 F\u00edsica als carrers i places de  pobles i ciutats de tot l\u2019Estat, seguint el lema \u201cEstil de vida actiu  per a tots i per sempre\u201d.<\/span><\/span><\/div>\n<div style=\"text-align: justify;\"><\/div>\n<div style=\"text-align: justify;\">\n<div style=\"text-align: justify;\"><span style=\"font-size: 12px;\"><span style=\"font-family: verdana,geneva,sans-serif;\">Nosaltres hem anat a Can Saragossa, un parc situat a prop de l&#8217;escola, i vam fer el joc de la bandera, on 2 equips intenten conquistar la bandera de l&#8217;altre sense ser atrapats. Hem tingut uns moments fant\u00e0stics acompanyats d&#8217;un dia espl\u00e8ndid i un entorn fabul\u00f3s.<\/span><\/span><\/div>\n<div style=\"text-align: justify;\"><span style=\"font-size: 12px;\"><span style=\"font-family: verdana,geneva,sans-serif;\">&nbsp;<\/span><\/span><\/div>\n<div style=\"text-align: justify;\"><span style=\"font-size: 12px;\"><span style=\"font-family: verdana,geneva,sans-serif;\">Podeu veure alguns moments en aquestes fotografies: <\/span><\/span><\/div>\n<div style=\"text-align: justify;\"><span style=\"font-size: 12px;\"><span style=\"font-family: verdana,geneva,sans-serif;\">&nbsp;<\/span><\/span><\/div>\n<div style=\"clear: both; text-align: center;\"><a href=\"https:\/\/goo.gl\/photos\/4cRCPfpnVN6DcgVm7\" target=\"_blank\"><img loading=\"lazy\" decoding=\"async\" alt=\"DEFC 2017\" border=\"0\" height=\"80\" src=\"http:\/\/agora.xtec.cat\/col-imma-lloret\/wp-content\/uploads\/usu1420\/2017\/04\/IMG-20170426-WA0019-300x75.jpg\" width=\"320\" \/><span><\/span><\/a><span><\/span><\/div>\n<div style=\"text-align: justify;\"><span style=\"font-size: 12px;\"><span style=\"font-family: verdana,geneva,sans-serif;\">&nbsp;<\/span><\/span><\/div>\n<p><span style=\"font-size: 12px;\"><span style=\"font-family: verdana,geneva,sans-serif;\"><\/span><\/span><\/div>\n","protected":false},"excerpt":{"rendered":"<p><a href=\"http:\/\/agora.xtec.cat\/col-imma-lloret\/wp-content\/uploads\/usu1420\/2017\/04\/DEFC.jpg\" style=\"margin-left: 1em; margin-right: 1em;\"><\/a><\/p>\n<p>Aquest 25 d&#8217;abril als alumnes de 6\u00e8. han participat el DEFC, dia de l&#8217;Educaci\u00f3 F\u00edsica al carrer.<\/p>\n<p>El  DEFC \u00e9s una iniciativa inicial de Fran Fl\u00f3rez, professor d\u2019Educaci\u00f3  F\u00edsica, que el 2011, a Laviana (Ast\u00faries), va decidir sortir al&hellip;  <a href=\"https:\/\/agora.xtec.cat\/col-imma-lloret\/2016-17\/dia-de-leducacio-fisica-al-carrer-defc-2017\/\" title=\"Read Dia de l&#8217;Educaci\u00f3 F\u00edsica al carrer. DEFC 2017\">Llegeix m\u00e9s\u00bb<\/a><\/p>\n","protected":false},"author":15,"featured_media":3155,"comment_status":"open","ping_status":"closed","sticky":false,"template":"","format":"standard","meta":{"_bbp_topic_count":0,"_bbp_reply_count":0,"_bbp_total_topic_count":0,"_bbp_total_reply_count":0,"_bbp_voice_count":0,"_bbp_anonymous_reply_count":0,"_bbp_topic_count_hidden":0,"_bbp_reply_count_hidden":0,"_bbp_forum_subforum_count":0,"footnotes":""},"categories":[104,139,152,138],"tags":[],"class_list":["post-3115","post","type-post","status-publish","format-standard","has-post-thumbnail","hentry","category-2016-17","category-6e-primaria","category-educacio-fisica-immaculada","category-nascuts-2005"],"post_mailing_queue_ids":[],"_links":{"self":[{"href":"https:\/\/agora.xtec.cat\/col-imma-lloret\/wp-json\/wp\/v2\/posts\/3115","targetHints":{"allow":["GET"]}}],"collection":[{"href":"https:\/\/agora.xtec.cat\/col-imma-lloret\/wp-json\/wp\/v2\/posts"}],"about":[{"href":"https:\/\/agora.xtec.cat\/col-imma-lloret\/wp-json\/wp\/v2\/types\/post"}],"author":[{"embeddable":true,"href":"https:\/\/agora.xtec.cat\/col-imma-lloret\/wp-json\/wp\/v2\/users\/15"}],"replies":[{"embeddable":true,"href":"https:\/\/agora.xtec.cat\/col-imma-lloret\/wp-json\/wp\/v2\/comments?post=3115"}],"version-history":[{"count":1,"href":"https:\/\/agora.xtec.cat\/col-imma-lloret\/wp-json\/wp\/v2\/posts\/3115\/revisions"}],"predecessor-version":[{"id":3157,"href":"https:\/\/agora.xtec.cat\/col-imma-lloret\/wp-json\/wp\/v2\/posts\/3115\/revisions\/3157"}],"wp:featuredmedia":[{"embeddable":true,"href":"https:\/\/agora.xtec.cat\/col-imma-lloret\/wp-json\/wp\/v2\/media\/3155"}],"wp:attachment":[{"href":"https:\/\/agora.xtec.cat\/col-imma-lloret\/wp-json\/wp\/v2\/media?parent=3115"}],"wp:term":[{"taxonomy":"category","embeddable":true,"href":"https:\/\/agora.xtec.cat\/col-imma-lloret\/wp-json\/wp\/v2\/categories?post=3115"},{"taxonomy":"post_tag","embeddable":true,"href":"https:\/\/agora.xtec.cat\/col-imma-lloret\/wp-json\/wp\/v2\/tags?post=3115"}],"curies":[{"name":"wp","href":"https:\/\/api.w.org\/{rel}","templated":true}]}}