{"id":29242,"date":"2026-04-29T14:37:33","date_gmt":"2026-04-29T12:37:33","guid":{"rendered":"https:\/\/agora.xtec.cat\/col-imma-lloret\/?p=29242"},"modified":"2026-04-29T14:37:33","modified_gmt":"2026-04-29T12:37:33","slug":"i5-segona-visita-de-la-paleontologa-mireia","status":"publish","type":"post","link":"https:\/\/agora.xtec.cat\/col-imma-lloret\/general\/i5-segona-visita-de-la-paleontologa-mireia\/","title":{"rendered":"I5. Segona visita de la paleont\u00f2loga Mireia"},"content":{"rendered":"<p>Avui ens ha vingut a veure&#8217;ns la paleont\u00f2loga Mireia!!! Hem trencat els ous que v\u00e0rem trobar al jaciment, hem mirat uns contes molt interessants de dinosaures en 3D i hem classificat f\u00f2ssils. Hem apr\u00e8s moltes coses i hem gaudit molt!!!<\/p>\n<p>Som uns bons paleont\u00f2legs!!<\/p>\n<p><a href=\"https:\/\/photos.app.goo.gl\/tzA9vnSWSnLwaPjG7\"><img loading=\"lazy\" decoding=\"async\" class=\"aligncenter wp-image-29243 size-full\" src=\"https:\/\/agora.xtec.cat\/col-imma-lloret\/wp-content\/uploads\/usu1420\/2026\/04\/IMG_20260429_140104_50_50-scaled.jpg\" alt=\"\" width=\"1592\" height=\"2560\" srcset=\"https:\/\/agora.xtec.cat\/col-imma-lloret\/wp-content\/uploads\/usu1420\/2026\/04\/IMG_20260429_140104_50_50-scaled.jpg 1592w, https:\/\/agora.xtec.cat\/col-imma-lloret\/wp-content\/uploads\/usu1420\/2026\/04\/IMG_20260429_140104_50_50-187x300.jpg 187w, https:\/\/agora.xtec.cat\/col-imma-lloret\/wp-content\/uploads\/usu1420\/2026\/04\/IMG_20260429_140104_50_50-637x1024.jpg 637w, https:\/\/agora.xtec.cat\/col-imma-lloret\/wp-content\/uploads\/usu1420\/2026\/04\/IMG_20260429_140104_50_50-768x1235.jpg 768w, https:\/\/agora.xtec.cat\/col-imma-lloret\/wp-content\/uploads\/usu1420\/2026\/04\/IMG_20260429_140104_50_50-955x1536.jpg 955w, https:\/\/agora.xtec.cat\/col-imma-lloret\/wp-content\/uploads\/usu1420\/2026\/04\/IMG_20260429_140104_50_50-1273x2048.jpg 1273w\" sizes=\"auto, (max-width: 1592px) 100vw, 1592px\" \/><\/a><\/p>\n<p>&nbsp;<\/p>\n","protected":false},"excerpt":{"rendered":"<p>Avui ens ha vingut a veure&#8217;ns la paleont\u00f2loga Mireia!!!&hellip;  <a href=\"https:\/\/agora.xtec.cat\/col-imma-lloret\/general\/i5-segona-visita-de-la-paleontologa-mireia\/\" title=\"Read I5. Segona visita de la paleont\u00f2loga Mireia\">Llegeix m\u00e9s\u00bb<\/a><\/p>\n","protected":false},"author":1,"featured_media":29243,"comment_status":"closed","ping_status":"closed","sticky":false,"template":"","format":"standard","meta":{"_bbp_topic_count":0,"_bbp_reply_count":0,"_bbp_total_topic_count":0,"_bbp_total_reply_count":0,"_bbp_voice_count":0,"_bbp_anonymous_reply_count":0,"_bbp_topic_count_hidden":0,"_bbp_reply_count_hidden":0,"_bbp_forum_subforum_count":0,"footnotes":""},"categories":[1,121],"tags":[850],"class_list":["post-29242","post","type-post","status-publish","format-standard","has-post-thumbnail","hentry","category-general","category-i5","tag-dinosaures-i5"],"post_mailing_queue_ids":[],"_links":{"self":[{"href":"https:\/\/agora.xtec.cat\/col-imma-lloret\/wp-json\/wp\/v2\/posts\/29242","targetHints":{"allow":["GET"]}}],"collection":[{"href":"https:\/\/agora.xtec.cat\/col-imma-lloret\/wp-json\/wp\/v2\/posts"}],"about":[{"href":"https:\/\/agora.xtec.cat\/col-imma-lloret\/wp-json\/wp\/v2\/types\/post"}],"author":[{"embeddable":true,"href":"https:\/\/agora.xtec.cat\/col-imma-lloret\/wp-json\/wp\/v2\/users\/1"}],"replies":[{"embeddable":true,"href":"https:\/\/agora.xtec.cat\/col-imma-lloret\/wp-json\/wp\/v2\/comments?post=29242"}],"version-history":[{"count":1,"href":"https:\/\/agora.xtec.cat\/col-imma-lloret\/wp-json\/wp\/v2\/posts\/29242\/revisions"}],"predecessor-version":[{"id":29244,"href":"https:\/\/agora.xtec.cat\/col-imma-lloret\/wp-json\/wp\/v2\/posts\/29242\/revisions\/29244"}],"wp:featuredmedia":[{"embeddable":true,"href":"https:\/\/agora.xtec.cat\/col-imma-lloret\/wp-json\/wp\/v2\/media\/29243"}],"wp:attachment":[{"href":"https:\/\/agora.xtec.cat\/col-imma-lloret\/wp-json\/wp\/v2\/media?parent=29242"}],"wp:term":[{"taxonomy":"category","embeddable":true,"href":"https:\/\/agora.xtec.cat\/col-imma-lloret\/wp-json\/wp\/v2\/categories?post=29242"},{"taxonomy":"post_tag","embeddable":true,"href":"https:\/\/agora.xtec.cat\/col-imma-lloret\/wp-json\/wp\/v2\/tags?post=29242"}],"curies":[{"name":"wp","href":"https:\/\/api.w.org\/{rel}","templated":true}]}}