{"id":29233,"date":"2026-04-29T12:11:00","date_gmt":"2026-04-29T10:11:00","guid":{"rendered":"https:\/\/agora.xtec.cat\/col-imma-lloret\/?p=29233"},"modified":"2026-04-29T12:11:00","modified_gmt":"2026-04-29T10:11:00","slug":"diagnosi-ecologica-del-nostre-entorn-setmana-de-la-terra","status":"publish","type":"post","link":"https:\/\/agora.xtec.cat\/col-imma-lloret\/general\/diagnosi-ecologica-del-nostre-entorn-setmana-de-la-terra\/","title":{"rendered":"Diagnosi ecol\u00f2gica del nostre entorn (Setmana de la Terra)"},"content":{"rendered":"<p>Amb motiu de la\u00a0<strong>Setmana de la Terra<\/strong>, l\u2019alumnat de 4t d\u2019ESO de Biologia i Geologia ha dut a terme una activitat pr\u00e0ctica de camp al\u00a0<strong>bosc i jard\u00ed de l\u2019escola<\/strong>\u00a0per analitzar l\u2019estat ecol\u00f2gic del nostre entorn m\u00e9s proper.<\/p>\n<p>Organitzats en petits grups, els alumnes han delimitat parcel\u00b7les de mostreig i han observat els elements bi\u00f2tics i abi\u00f2tics, estimada la biodiversitat i identificat possibles impactes humans. A partir d\u2019aquest treball, han elaborat propostes de millora amb criteri cient\u00edfic, que posteriorment han compartit i discutit a l\u2019aula.<\/p>\n\r\n\t<div class=\"slideshow_container slideshow_container_style-light\" style=\" \" data-slideshow-id=\"29235\" data-style-name=\"style-light\" data-style-version=\"2.3.1\" >\r\n\r\n\t\t\t\t\t<div class=\"slideshow_loading_icon\"><\/div>\r\n\t\t\r\n\t\t<div class=\"slideshow_content\" style=\"display: none;\">\r\n\r\n\t\t\t<div class=\"slideshow_view\">\r\n\t\t\t\t<div class=\"slideshow_slide slideshow_slide_image\">\r\n\t\t\t\t\t\t\t\t\t\t\t<img src=\"https:\/\/agora.xtec.cat\/col-imma-lloret\/wp-content\/uploads\/usu1420\/2026\/04\/20260423_122711.jpg\" alt=\"20260423_122711\" width=\"1024\" height=\"768\" \/>\r\n\t\t\t\t\t\t\t\t\t\t<div class=\"slideshow_description_box slideshow_transparent\">\r\n\t\t\t\t\t\t<div class=\"slideshow_title\">20260423_122711<\/div>\t\t\t\t\t\t\t\t\t\t\t<\/div>\r\n\t\t\t\t<\/div>\r\n\r\n\t\t\t\t\t\t<div style=\"clear: both;\"><\/div><\/div><div class=\"slideshow_view\">\r\n\t\t\t\t<div class=\"slideshow_slide slideshow_slide_image\">\r\n\t\t\t\t\t\t\t\t\t\t\t<img src=\"https:\/\/agora.xtec.cat\/col-imma-lloret\/wp-content\/uploads\/usu1420\/2026\/04\/20260423_122511.jpg\" alt=\"20260423_122511\" width=\"1024\" height=\"768\" \/>\r\n\t\t\t\t\t\t\t\t\t\t<div class=\"slideshow_description_box slideshow_transparent\">\r\n\t\t\t\t\t\t<div class=\"slideshow_title\">20260423_122511<\/div>\t\t\t\t\t\t\t\t\t\t\t<\/div>\r\n\t\t\t\t<\/div>\r\n\r\n\t\t\t\t\t\t<div style=\"clear: both;\"><\/div><\/div><div class=\"slideshow_view\">\r\n\t\t\t\t<div class=\"slideshow_slide slideshow_slide_image\">\r\n\t\t\t\t\t\t\t\t\t\t\t<img src=\"https:\/\/agora.xtec.cat\/col-imma-lloret\/wp-content\/uploads\/usu1420\/2026\/04\/20260424_122236.jpg\" alt=\"20260424_122236\" width=\"1024\" height=\"768\" \/>\r\n\t\t\t\t\t\t\t\t\t\t<div class=\"slideshow_description_box slideshow_transparent\">\r\n\t\t\t\t\t\t<div class=\"slideshow_title\">20260424_122236<\/div>\t\t\t\t\t\t\t\t\t\t\t<\/div>\r\n\t\t\t\t<\/div>\r\n\r\n\t\t\t\t\t\t<div style=\"clear: both;\"><\/div><\/div><div class=\"slideshow_view\">\r\n\t\t\t\t<div class=\"slideshow_slide slideshow_slide_image\">\r\n\t\t\t\t\t\t\t\t\t\t\t<img src=\"https:\/\/agora.xtec.cat\/col-imma-lloret\/wp-content\/uploads\/usu1420\/2026\/04\/20260424_121304.jpg\" alt=\"20260424_121304\" width=\"1024\" height=\"768\" \/>\r\n\t\t\t\t\t\t\t\t\t\t<div class=\"slideshow_description_box slideshow_transparent\">\r\n\t\t\t\t\t\t<div class=\"slideshow_title\">20260424_121304<\/div>\t\t\t\t\t\t\t\t\t\t\t<\/div>\r\n\t\t\t\t<\/div>\r\n\r\n\t\t\t\t\t\t<div style=\"clear: both;\"><\/div><\/div>\r\n\t\t<\/div>\r\n\r\n\t\t<div class=\"slideshow_controlPanel slideshow_transparent\" style=\"display: none;\"><ul><li class=\"slideshow_togglePlay\" data-play-text=\"Visualitza\" data-pause-text=\"Pausa\"><\/li><\/ul><\/div>\r\n\r\n\t\t<div class=\"slideshow_button slideshow_previous slideshow_transparent\" role=\"button\" data-previous-text=\"Anterior\" style=\"display: none;\"><\/div>\r\n\t\t<div class=\"slideshow_button slideshow_next slideshow_transparent\" role=\"button\" data-next-text=\"Seg\u00fcent\" style=\"display: none;\"><\/div>\r\n\r\n\t\t<div class=\"slideshow_pagination\" style=\"display: none;\" data-go-to-text=\"V\u00e9s a la diapositiva\"><div class=\"slideshow_pagination_center\"><\/div><\/div>\r\n\r\n\t\t<!-- WordPress Slideshow Version 2.3.1 -->\r\n\r\n\t\t\t<\/div>\r\n\r\n\n<p>Aquesta activitat ha perm\u00e8s aplicar els continguts treballats a classe en un context real, fomentant l\u2019observaci\u00f3, el pensament cr\u00edtic i el comprom\u00eds amb la sostenibilitat del nostre entorn.<\/p>\n","protected":false},"excerpt":{"rendered":"<p>Amb motiu de la\u00a0Setmana de la Terra, l\u2019alumnat de 4t d\u2019ESO de Biologia i Geologia ha dut a terme una activitat pr\u00e0ctica de camp al\u00a0bosc i jard\u00ed de l\u2019escola\u00a0per analitzar l\u2019estat ecol\u00f2gic del nostre entorn m\u00e9s proper.<br \/>\nOrganitzats en petits grups, els alumnes han delimitat parcel\u00b7les&hellip;  <a href=\"https:\/\/agora.xtec.cat\/col-imma-lloret\/general\/diagnosi-ecologica-del-nostre-entorn-setmana-de-la-terra\/\" title=\"Read Diagnosi ecol\u00f2gica del nostre entorn (Setmana de la Terra)\">Llegeix m\u00e9s\u00bb<\/a><\/p>\n","protected":false},"author":1,"featured_media":29238,"comment_status":"closed","ping_status":"open","sticky":false,"template":"","format":"standard","meta":{"_bbp_topic_count":0,"_bbp_reply_count":0,"_bbp_total_topic_count":0,"_bbp_total_reply_count":0,"_bbp_voice_count":0,"_bbp_anonymous_reply_count":0,"_bbp_topic_count_hidden":0,"_bbp_reply_count_hidden":0,"_bbp_forum_subforum_count":0,"footnotes":""},"categories":[816,164,203,182,171,3,163,24,25,225,1,191,126,29],"tags":[],"class_list":["post-29233","post","type-post","status-publish","format-standard","has-post-thumbnail","hentry","category-2025-2026","category-activitats","category-campanyes","category-ciencies","category-concursos-premis","category-eso","category-eso-4","category-eso-4a","category-eso-4b","category-festes-i-celebracions","category-general","category-laboratori","category-nascuts-2010","category-portada"],"post_mailing_queue_ids":[],"_links":{"self":[{"href":"https:\/\/agora.xtec.cat\/col-imma-lloret\/wp-json\/wp\/v2\/posts\/29233","targetHints":{"allow":["GET"]}}],"collection":[{"href":"https:\/\/agora.xtec.cat\/col-imma-lloret\/wp-json\/wp\/v2\/posts"}],"about":[{"href":"https:\/\/agora.xtec.cat\/col-imma-lloret\/wp-json\/wp\/v2\/types\/post"}],"author":[{"embeddable":true,"href":"https:\/\/agora.xtec.cat\/col-imma-lloret\/wp-json\/wp\/v2\/users\/1"}],"replies":[{"embeddable":true,"href":"https:\/\/agora.xtec.cat\/col-imma-lloret\/wp-json\/wp\/v2\/comments?post=29233"}],"version-history":[{"count":2,"href":"https:\/\/agora.xtec.cat\/col-imma-lloret\/wp-json\/wp\/v2\/posts\/29233\/revisions"}],"predecessor-version":[{"id":29240,"href":"https:\/\/agora.xtec.cat\/col-imma-lloret\/wp-json\/wp\/v2\/posts\/29233\/revisions\/29240"}],"wp:featuredmedia":[{"embeddable":true,"href":"https:\/\/agora.xtec.cat\/col-imma-lloret\/wp-json\/wp\/v2\/media\/29238"}],"wp:attachment":[{"href":"https:\/\/agora.xtec.cat\/col-imma-lloret\/wp-json\/wp\/v2\/media?parent=29233"}],"wp:term":[{"taxonomy":"category","embeddable":true,"href":"https:\/\/agora.xtec.cat\/col-imma-lloret\/wp-json\/wp\/v2\/categories?post=29233"},{"taxonomy":"post_tag","embeddable":true,"href":"https:\/\/agora.xtec.cat\/col-imma-lloret\/wp-json\/wp\/v2\/tags?post=29233"}],"curies":[{"name":"wp","href":"https:\/\/api.w.org\/{rel}","templated":true}]}}