{"id":29010,"date":"2025-12-19T13:59:24","date_gmt":"2025-12-19T12:59:24","guid":{"rendered":"https:\/\/agora.xtec.cat\/col-imma-lloret\/?p=29010"},"modified":"2026-01-28T12:27:15","modified_gmt":"2026-01-28T11:27:15","slug":"celebrem-el-nadal-a-cicle-inicial","status":"publish","type":"post","link":"https:\/\/agora.xtec.cat\/col-imma-lloret\/general\/celebrem-el-nadal-a-cicle-inicial\/","title":{"rendered":"Celebrem El Nadal a Cicle Inicial"},"content":{"rendered":"<p>Avui, ja \u00faltim dia d&#8217;escola hem fet cagar El Ti\u00f3. Ahir vam veure els Patges Reials. Tamb\u00e9 hem vist Els Pastorets, hem sentit Poemes i Nadales. Si voleu veure fotos cliqueu a la imatge.<\/p>\n<p><a href=\"https:\/\/photos.app.goo.gl\/uqgHzX21hx4YY2Ch9\"><img loading=\"lazy\" decoding=\"async\" class=\"alignnone size-large wp-image-29011\" src=\"https:\/\/agora.xtec.cat\/col-imma-lloret\/wp-content\/uploads\/usu1420\/2025\/12\/WhatsApp-Image-2025-12-19-at-17.24.55-986x1024.jpeg\" alt=\"\" width=\"986\" height=\"1024\" srcset=\"https:\/\/agora.xtec.cat\/col-imma-lloret\/wp-content\/uploads\/usu1420\/2025\/12\/WhatsApp-Image-2025-12-19-at-17.24.55-986x1024.jpeg 986w, https:\/\/agora.xtec.cat\/col-imma-lloret\/wp-content\/uploads\/usu1420\/2025\/12\/WhatsApp-Image-2025-12-19-at-17.24.55-289x300.jpeg 289w, https:\/\/agora.xtec.cat\/col-imma-lloret\/wp-content\/uploads\/usu1420\/2025\/12\/WhatsApp-Image-2025-12-19-at-17.24.55-768x798.jpeg 768w, https:\/\/agora.xtec.cat\/col-imma-lloret\/wp-content\/uploads\/usu1420\/2025\/12\/WhatsApp-Image-2025-12-19-at-17.24.55.jpeg 1076w\" sizes=\"auto, (max-width: 986px) 100vw, 986px\" \/><\/a><\/p>\n","protected":false},"excerpt":{"rendered":"<p>Avui, ja \u00faltim dia d&#8217;escola hem fet cagar El Ti\u00f3&hellip;  <a href=\"https:\/\/agora.xtec.cat\/col-imma-lloret\/general\/celebrem-el-nadal-a-cicle-inicial\/\" title=\"Read Celebrem El Nadal a Cicle Inicial\">Llegeix m\u00e9s\u00bb<\/a><\/p>\n","protected":false},"author":1,"featured_media":29012,"comment_status":"closed","ping_status":"open","sticky":false,"template":"","format":"standard","meta":{"_bbp_topic_count":0,"_bbp_reply_count":0,"_bbp_total_topic_count":0,"_bbp_total_reply_count":0,"_bbp_voice_count":0,"_bbp_anonymous_reply_count":0,"_bbp_topic_count_hidden":0,"_bbp_reply_count_hidden":0,"_bbp_forum_subforum_count":0,"footnotes":""},"categories":[127,816,130,1,670,711,29],"tags":[],"class_list":["post-29010","post","type-post","status-publish","format-standard","has-post-thumbnail","hentry","category-1r-primaria","category-2025-2026","category-2n-primaria","category-general","category-nascuts-2018","category-nascuts-2019","category-portada"],"post_mailing_queue_ids":[],"_links":{"self":[{"href":"https:\/\/agora.xtec.cat\/col-imma-lloret\/wp-json\/wp\/v2\/posts\/29010","targetHints":{"allow":["GET"]}}],"collection":[{"href":"https:\/\/agora.xtec.cat\/col-imma-lloret\/wp-json\/wp\/v2\/posts"}],"about":[{"href":"https:\/\/agora.xtec.cat\/col-imma-lloret\/wp-json\/wp\/v2\/types\/post"}],"author":[{"embeddable":true,"href":"https:\/\/agora.xtec.cat\/col-imma-lloret\/wp-json\/wp\/v2\/users\/1"}],"replies":[{"embeddable":true,"href":"https:\/\/agora.xtec.cat\/col-imma-lloret\/wp-json\/wp\/v2\/comments?post=29010"}],"version-history":[{"count":2,"href":"https:\/\/agora.xtec.cat\/col-imma-lloret\/wp-json\/wp\/v2\/posts\/29010\/revisions"}],"predecessor-version":[{"id":29027,"href":"https:\/\/agora.xtec.cat\/col-imma-lloret\/wp-json\/wp\/v2\/posts\/29010\/revisions\/29027"}],"wp:featuredmedia":[{"embeddable":true,"href":"https:\/\/agora.xtec.cat\/col-imma-lloret\/wp-json\/wp\/v2\/media\/29012"}],"wp:attachment":[{"href":"https:\/\/agora.xtec.cat\/col-imma-lloret\/wp-json\/wp\/v2\/media?parent=29010"}],"wp:term":[{"taxonomy":"category","embeddable":true,"href":"https:\/\/agora.xtec.cat\/col-imma-lloret\/wp-json\/wp\/v2\/categories?post=29010"},{"taxonomy":"post_tag","embeddable":true,"href":"https:\/\/agora.xtec.cat\/col-imma-lloret\/wp-json\/wp\/v2\/tags?post=29010"}],"curies":[{"name":"wp","href":"https:\/\/api.w.org\/{rel}","templated":true}]}}