{"id":26360,"date":"2024-03-02T18:35:45","date_gmt":"2024-03-02T17:35:45","guid":{"rendered":"https:\/\/agora.xtec.cat\/col-imma-lloret\/?p=26360"},"modified":"2024-04-17T11:04:47","modified_gmt":"2024-04-17T09:04:47","slug":"excursio-de-2n-de-primaria-a-la-casa-del-mar","status":"publish","type":"post","link":"https:\/\/agora.xtec.cat\/col-imma-lloret\/general\/excursio-de-2n-de-primaria-a-la-casa-del-mar\/","title":{"rendered":"Excursi\u00f3 de 2n de prim\u00e0ria a La Casa del Mar"},"content":{"rendered":"<p>Els alumnes de 2n hem gaudit d&#8217;un dia espl\u00e8ndid en una visita a La Casa del Mar de Lloret de Mar. Hem anat caminant fins la platja de Fenals a la part de Garb\u00ed que \u00e9s on est\u00e0 situada aquesta casa, que havia sigut la caseta de banys de la finca de Can Roviralta (Jardins de Sta. Clotilde) que visitarem properament.<\/p>\n<p>En primer lloc ens han dividit en tres grups per poder fer tres activitats diferents, que han estat molt interesants.\u00a0 Xatrac, entitat que fa aquestes activitats, es dedica a l&#8217;Interpretaci\u00f3 Ambiental i el que ens han transm\u00e8s \u00e9s: que si coneixem l&#8217;entorn, l&#8217;estimem i per tant el protegim! Si voleu veure un munt de fotos de les activitats cliqueu la imatge.<\/p>\n<p><a href=\"https:\/\/photos.app.goo.gl\/tTuQ2fdpfVyPFrfQ8\"><img loading=\"lazy\" decoding=\"async\" class=\"wp-image-26361 aligncenter\" src=\"https:\/\/agora.xtec.cat\/col-imma-lloret\/wp-content\/uploads\/usu1420\/2024\/03\/WhatsApp-Image-2024-03-02-at-18.30.53-1024x498.jpeg\" alt=\"\" width=\"952\" height=\"463\" srcset=\"https:\/\/agora.xtec.cat\/col-imma-lloret\/wp-content\/uploads\/usu1420\/2024\/03\/WhatsApp-Image-2024-03-02-at-18.30.53-1024x498.jpeg 1024w, https:\/\/agora.xtec.cat\/col-imma-lloret\/wp-content\/uploads\/usu1420\/2024\/03\/WhatsApp-Image-2024-03-02-at-18.30.53-300x146.jpeg 300w, https:\/\/agora.xtec.cat\/col-imma-lloret\/wp-content\/uploads\/usu1420\/2024\/03\/WhatsApp-Image-2024-03-02-at-18.30.53-768x374.jpeg 768w, https:\/\/agora.xtec.cat\/col-imma-lloret\/wp-content\/uploads\/usu1420\/2024\/03\/WhatsApp-Image-2024-03-02-at-18.30.53.jpeg 1038w\" sizes=\"auto, (max-width: 952px) 100vw, 952px\" \/><\/a><\/p>\n","protected":false},"excerpt":{"rendered":"<p>Els alumnes de 2n hem gaudit d&#8217;un dia espl\u00e8ndid en una visita a La Casa del Mar de Lloret de Mar. Hem anat caminant fins la platja de Fenals a la part de Garb\u00ed que \u00e9s on est\u00e0 situada aquesta casa, que havia sigut la&hellip;  <a href=\"https:\/\/agora.xtec.cat\/col-imma-lloret\/general\/excursio-de-2n-de-primaria-a-la-casa-del-mar\/\" title=\"Read Excursi\u00f3 de 2n de prim\u00e0ria a La Casa del Mar\">Llegeix m\u00e9s\u00bb<\/a><\/p>\n","protected":false},"author":1,"featured_media":26361,"comment_status":"open","ping_status":"closed","sticky":false,"template":"","format":"standard","meta":{"_bbp_topic_count":0,"_bbp_reply_count":0,"_bbp_total_topic_count":0,"_bbp_total_reply_count":0,"_bbp_voice_count":0,"_bbp_anonymous_reply_count":0,"_bbp_topic_count_hidden":0,"_bbp_reply_count_hidden":0,"_bbp_forum_subforum_count":0,"footnotes":""},"categories":[760,130,1,532,29],"tags":[372],"class_list":["post-26360","post","type-post","status-publish","format-standard","has-post-thumbnail","hentry","category-2023-2024","category-2n-primaria","category-general","category-nascuts16","category-portada","tag-excursions"],"post_mailing_queue_ids":[],"_links":{"self":[{"href":"https:\/\/agora.xtec.cat\/col-imma-lloret\/wp-json\/wp\/v2\/posts\/26360","targetHints":{"allow":["GET"]}}],"collection":[{"href":"https:\/\/agora.xtec.cat\/col-imma-lloret\/wp-json\/wp\/v2\/posts"}],"about":[{"href":"https:\/\/agora.xtec.cat\/col-imma-lloret\/wp-json\/wp\/v2\/types\/post"}],"author":[{"embeddable":true,"href":"https:\/\/agora.xtec.cat\/col-imma-lloret\/wp-json\/wp\/v2\/users\/1"}],"replies":[{"embeddable":true,"href":"https:\/\/agora.xtec.cat\/col-imma-lloret\/wp-json\/wp\/v2\/comments?post=26360"}],"version-history":[{"count":3,"href":"https:\/\/agora.xtec.cat\/col-imma-lloret\/wp-json\/wp\/v2\/posts\/26360\/revisions"}],"predecessor-version":[{"id":26400,"href":"https:\/\/agora.xtec.cat\/col-imma-lloret\/wp-json\/wp\/v2\/posts\/26360\/revisions\/26400"}],"wp:featuredmedia":[{"embeddable":true,"href":"https:\/\/agora.xtec.cat\/col-imma-lloret\/wp-json\/wp\/v2\/media\/26361"}],"wp:attachment":[{"href":"https:\/\/agora.xtec.cat\/col-imma-lloret\/wp-json\/wp\/v2\/media?parent=26360"}],"wp:term":[{"taxonomy":"category","embeddable":true,"href":"https:\/\/agora.xtec.cat\/col-imma-lloret\/wp-json\/wp\/v2\/categories?post=26360"},{"taxonomy":"post_tag","embeddable":true,"href":"https:\/\/agora.xtec.cat\/col-imma-lloret\/wp-json\/wp\/v2\/tags?post=26360"}],"curies":[{"name":"wp","href":"https:\/\/api.w.org\/{rel}","templated":true}]}}