{"id":25960,"date":"2023-11-14T18:41:28","date_gmt":"2023-11-14T17:41:28","guid":{"rendered":"https:\/\/agora.xtec.cat\/col-imma-lloret\/?p=25960"},"modified":"2024-02-28T21:23:38","modified_gmt":"2024-02-28T20:23:38","slug":"2n-de-primaria-a-la-fira-de-de-ciencia","status":"publish","type":"post","link":"https:\/\/agora.xtec.cat\/col-imma-lloret\/general\/2n-de-primaria-a-la-fira-de-de-ciencia\/","title":{"rendered":"2n de Prim\u00e0ria a la Fira de de Ci\u00e8ncia"},"content":{"rendered":"<p>Avui, els alumnes de 2n de Prim\u00e0ria, hem baixat al pati a veure els experiments que tots els cursos hem preparat per gaudir-los plegats a la Fira. Ha estat molt interessant i hem apr\u00e8s moltes coses!<\/p>\n<p>Si voleu veure fotos cliqueu la imatge!<\/p>\n<p><a href=\"https:\/\/photos.app.goo.gl\/GzvgwUaF9PgdM94Q6\"><img loading=\"lazy\" decoding=\"async\" class=\"alignnone size-large wp-image-25961\" src=\"https:\/\/agora.xtec.cat\/col-imma-lloret\/wp-content\/uploads\/usu1420\/2023\/11\/20231114_101436-735x1024.jpg\" alt=\"\" width=\"735\" height=\"1024\" srcset=\"https:\/\/agora.xtec.cat\/col-imma-lloret\/wp-content\/uploads\/usu1420\/2023\/11\/20231114_101436-735x1024.jpg 735w, https:\/\/agora.xtec.cat\/col-imma-lloret\/wp-content\/uploads\/usu1420\/2023\/11\/20231114_101436-215x300.jpg 215w, https:\/\/agora.xtec.cat\/col-imma-lloret\/wp-content\/uploads\/usu1420\/2023\/11\/20231114_101436-768x1070.jpg 768w, https:\/\/agora.xtec.cat\/col-imma-lloret\/wp-content\/uploads\/usu1420\/2023\/11\/20231114_101436-1102x1536.jpg 1102w, https:\/\/agora.xtec.cat\/col-imma-lloret\/wp-content\/uploads\/usu1420\/2023\/11\/20231114_101436-1469x2048.jpg 1469w, https:\/\/agora.xtec.cat\/col-imma-lloret\/wp-content\/uploads\/usu1420\/2023\/11\/20231114_101436-scaled.jpg 1837w\" sizes=\"auto, (max-width: 735px) 100vw, 735px\" \/><\/a><\/p>\n","protected":false},"excerpt":{"rendered":"<p>Avui, els alumnes de 2n de Prim\u00e0ria, hem baixat al pati a veure els experiments que tots els cursos hem preparat per gaudir-los plegats a la Fira. Ha estat molt interessant i hem apr\u00e8s moltes coses!<br \/>\nSi voleu veure fotos cliqueu la imatge!<br \/>\n<a href=\"https:\/\/photos.app.goo.gl\/GzvgwUaF9PgdM94Q6\"><\/a><\/p>\n","protected":false},"author":1,"featured_media":25968,"comment_status":"open","ping_status":"closed","sticky":false,"template":"","format":"standard","meta":{"_bbp_topic_count":0,"_bbp_reply_count":0,"_bbp_total_topic_count":0,"_bbp_total_reply_count":0,"_bbp_voice_count":0,"_bbp_anonymous_reply_count":0,"_bbp_topic_count_hidden":0,"_bbp_reply_count_hidden":0,"_bbp_forum_subforum_count":0,"footnotes":""},"categories":[760,130,1,532,29],"tags":[],"class_list":["post-25960","post","type-post","status-publish","format-standard","has-post-thumbnail","hentry","category-2023-2024","category-2n-primaria","category-general","category-nascuts16","category-portada"],"post_mailing_queue_ids":[],"_links":{"self":[{"href":"https:\/\/agora.xtec.cat\/col-imma-lloret\/wp-json\/wp\/v2\/posts\/25960","targetHints":{"allow":["GET"]}}],"collection":[{"href":"https:\/\/agora.xtec.cat\/col-imma-lloret\/wp-json\/wp\/v2\/posts"}],"about":[{"href":"https:\/\/agora.xtec.cat\/col-imma-lloret\/wp-json\/wp\/v2\/types\/post"}],"author":[{"embeddable":true,"href":"https:\/\/agora.xtec.cat\/col-imma-lloret\/wp-json\/wp\/v2\/users\/1"}],"replies":[{"embeddable":true,"href":"https:\/\/agora.xtec.cat\/col-imma-lloret\/wp-json\/wp\/v2\/comments?post=25960"}],"version-history":[{"count":2,"href":"https:\/\/agora.xtec.cat\/col-imma-lloret\/wp-json\/wp\/v2\/posts\/25960\/revisions"}],"predecessor-version":[{"id":25966,"href":"https:\/\/agora.xtec.cat\/col-imma-lloret\/wp-json\/wp\/v2\/posts\/25960\/revisions\/25966"}],"wp:featuredmedia":[{"embeddable":true,"href":"https:\/\/agora.xtec.cat\/col-imma-lloret\/wp-json\/wp\/v2\/media\/25968"}],"wp:attachment":[{"href":"https:\/\/agora.xtec.cat\/col-imma-lloret\/wp-json\/wp\/v2\/media?parent=25960"}],"wp:term":[{"taxonomy":"category","embeddable":true,"href":"https:\/\/agora.xtec.cat\/col-imma-lloret\/wp-json\/wp\/v2\/categories?post=25960"},{"taxonomy":"post_tag","embeddable":true,"href":"https:\/\/agora.xtec.cat\/col-imma-lloret\/wp-json\/wp\/v2\/tags?post=25960"}],"curies":[{"name":"wp","href":"https:\/\/api.w.org\/{rel}","templated":true}]}}