{"id":24657,"date":"2022-11-25T16:09:10","date_gmt":"2022-11-25T15:09:10","guid":{"rendered":"https:\/\/agora.xtec.cat\/col-imma-lloret\/?p=24657"},"modified":"2022-11-30T21:19:49","modified_gmt":"2022-11-30T20:19:49","slug":"i3-setmana-del-protagonista-i3a-ona-i-i3b-aina","status":"publish","type":"post","link":"https:\/\/agora.xtec.cat\/col-imma-lloret\/general\/i3-setmana-del-protagonista-i3a-ona-i-i3b-aina\/","title":{"rendered":"I3. Setmana del protagonista : I3A Ona i I3B Aina"},"content":{"rendered":"<p>Aquesta setmana ho hem passat d&#8217;all\u00f2 m\u00e9s b\u00e9 sabent tot all\u00f2 que els agrada a l&#8217;Ona i l&#8217;Aina. Amb l&#8217;Ona hem jugat als seus puzles preferits i amb l&#8217;Aina hem creat una ampolla de la calma molt bonica!!<\/p>\n<p>Ho hem passat molt i molt b\u00e9!! Moltes gr\u00e0cies fam\u00edlies!!<\/p>\n<p><a href=\"https:\/\/photos.app.goo.gl\/ufqvrdMZCv17mrQg8\"><img loading=\"lazy\" decoding=\"async\" class=\"aligncenter wp-image-24658 size-full\" src=\"https:\/\/agora.xtec.cat\/col-imma-lloret\/wp-content\/uploads\/usu1420\/2022\/11\/IMG-20221124-WA0012.jpg\" alt=\"\" width=\"2048\" height=\"2048\" srcset=\"https:\/\/agora.xtec.cat\/col-imma-lloret\/wp-content\/uploads\/usu1420\/2022\/11\/IMG-20221124-WA0012.jpg 2048w, https:\/\/agora.xtec.cat\/col-imma-lloret\/wp-content\/uploads\/usu1420\/2022\/11\/IMG-20221124-WA0012-300x300.jpg 300w, https:\/\/agora.xtec.cat\/col-imma-lloret\/wp-content\/uploads\/usu1420\/2022\/11\/IMG-20221124-WA0012-1024x1024.jpg 1024w, https:\/\/agora.xtec.cat\/col-imma-lloret\/wp-content\/uploads\/usu1420\/2022\/11\/IMG-20221124-WA0012-150x150.jpg 150w, https:\/\/agora.xtec.cat\/col-imma-lloret\/wp-content\/uploads\/usu1420\/2022\/11\/IMG-20221124-WA0012-768x768.jpg 768w, https:\/\/agora.xtec.cat\/col-imma-lloret\/wp-content\/uploads\/usu1420\/2022\/11\/IMG-20221124-WA0012-1536x1536.jpg 1536w\" sizes=\"auto, (max-width: 2048px) 100vw, 2048px\" \/><\/a><\/p>\n<p>&nbsp;<\/p>\n","protected":false},"excerpt":{"rendered":"<p>Aquesta setmana ho hem passat d&#8217;all\u00f2 m\u00e9s b\u00e9&hellip;  <a href=\"https:\/\/agora.xtec.cat\/col-imma-lloret\/general\/i3-setmana-del-protagonista-i3a-ona-i-i3b-aina\/\" title=\"Read I3. Setmana del protagonista : I3A Ona i I3B Aina\">Llegeix m\u00e9s\u00bb<\/a><\/p>\n","protected":false},"author":1,"featured_media":24658,"comment_status":"closed","ping_status":"closed","sticky":false,"template":"","format":"standard","meta":{"_bbp_topic_count":0,"_bbp_reply_count":0,"_bbp_total_topic_count":0,"_bbp_total_reply_count":0,"_bbp_voice_count":0,"_bbp_anonymous_reply_count":0,"_bbp_topic_count_hidden":0,"_bbp_reply_count_hidden":0,"_bbp_forum_subforum_count":0,"footnotes":""},"categories":[710,1,114,711,29],"tags":[720],"class_list":["post-24657","post","type-post","status-publish","format-standard","has-post-thumbnail","hentry","category-2022-2023","category-general","category-i3","category-nascuts-2019","category-portada","tag-i3-setmana-del-protagonista"],"post_mailing_queue_ids":[],"_links":{"self":[{"href":"https:\/\/agora.xtec.cat\/col-imma-lloret\/wp-json\/wp\/v2\/posts\/24657","targetHints":{"allow":["GET"]}}],"collection":[{"href":"https:\/\/agora.xtec.cat\/col-imma-lloret\/wp-json\/wp\/v2\/posts"}],"about":[{"href":"https:\/\/agora.xtec.cat\/col-imma-lloret\/wp-json\/wp\/v2\/types\/post"}],"author":[{"embeddable":true,"href":"https:\/\/agora.xtec.cat\/col-imma-lloret\/wp-json\/wp\/v2\/users\/1"}],"replies":[{"embeddable":true,"href":"https:\/\/agora.xtec.cat\/col-imma-lloret\/wp-json\/wp\/v2\/comments?post=24657"}],"version-history":[{"count":2,"href":"https:\/\/agora.xtec.cat\/col-imma-lloret\/wp-json\/wp\/v2\/posts\/24657\/revisions"}],"predecessor-version":[{"id":24698,"href":"https:\/\/agora.xtec.cat\/col-imma-lloret\/wp-json\/wp\/v2\/posts\/24657\/revisions\/24698"}],"wp:featuredmedia":[{"embeddable":true,"href":"https:\/\/agora.xtec.cat\/col-imma-lloret\/wp-json\/wp\/v2\/media\/24658"}],"wp:attachment":[{"href":"https:\/\/agora.xtec.cat\/col-imma-lloret\/wp-json\/wp\/v2\/media?parent=24657"}],"wp:term":[{"taxonomy":"category","embeddable":true,"href":"https:\/\/agora.xtec.cat\/col-imma-lloret\/wp-json\/wp\/v2\/categories?post=24657"},{"taxonomy":"post_tag","embeddable":true,"href":"https:\/\/agora.xtec.cat\/col-imma-lloret\/wp-json\/wp\/v2\/tags?post=24657"}],"curies":[{"name":"wp","href":"https:\/\/api.w.org\/{rel}","templated":true}]}}