{"id":21505,"date":"2020-12-09T14:58:07","date_gmt":"2020-12-09T13:58:07","guid":{"rendered":"http:\/\/agora.xtec.cat\/col-imma-lloret\/?p=21505"},"modified":"2020-12-09T15:00:01","modified_gmt":"2020-12-09T14:00:01","slug":"festa-de-la-immaculada-13","status":"publish","type":"post","link":"https:\/\/agora.xtec.cat\/col-imma-lloret\/infantil-primaria\/infantil\/festa-de-la-immaculada-13\/","title":{"rendered":"Festa de la Immaculada"},"content":{"rendered":"<p>&nbsp;<\/p>\n<p>La festa de la Immaculada sempre est\u00e0 present a la nostra escola i encara que aquest any no la podrem celebrar junts amb els pares, no hem volgut\u00a0 deixar de celebrar-la.<\/p>\n<p>Hem decorat un cor\u00a0 per poder-li oferir a la Immaculada , li hem portat a la seva escultura i li hem cantat la seva\u00a0 can\u00e7\u00f3.<\/p>\n<p>Per acabar hem fet la t\u00edpica cursa que es fa a la festa familiar i ens ho hem passat d&#8217;all\u00f2 m\u00e9s b\u00e9.<\/p>\n<p><a href=\"https:\/\/photos.app.goo.gl\/VsEGV1zY8HfwqY9v9\"><img loading=\"lazy\" decoding=\"async\" class=\"alignnone wp-image-21507 size-large\" src=\"https:\/\/agora.xtec.cat\/col-imma-lloret\/wp-content\/uploads\/usu1420\/2020\/12\/IMG-20201209-WA0006-1024x768.jpg\" alt=\"\" width=\"1024\" height=\"768\" srcset=\"https:\/\/agora.xtec.cat\/col-imma-lloret\/wp-content\/uploads\/usu1420\/2020\/12\/IMG-20201209-WA0006-1024x768.jpg 1024w, https:\/\/agora.xtec.cat\/col-imma-lloret\/wp-content\/uploads\/usu1420\/2020\/12\/IMG-20201209-WA0006-300x225.jpg 300w, https:\/\/agora.xtec.cat\/col-imma-lloret\/wp-content\/uploads\/usu1420\/2020\/12\/IMG-20201209-WA0006-768x576.jpg 768w, https:\/\/agora.xtec.cat\/col-imma-lloret\/wp-content\/uploads\/usu1420\/2020\/12\/IMG-20201209-WA0006-200x150.jpg 200w, https:\/\/agora.xtec.cat\/col-imma-lloret\/wp-content\/uploads\/usu1420\/2020\/12\/IMG-20201209-WA0006.jpg 2016w\" sizes=\"auto, (max-width: 1024px) 100vw, 1024px\" \/><\/a><\/p>\n","protected":false},"excerpt":{"rendered":"<p>La festa de la Immaculada sempre est\u00e0 present a la nostra escola&hellip;  <a href=\"https:\/\/agora.xtec.cat\/col-imma-lloret\/infantil-primaria\/infantil\/festa-de-la-immaculada-13\/\" title=\"Read Festa de la Immaculada\">Llegeix m\u00e9s\u00bb<\/a><\/p>\n","protected":false},"author":1,"featured_media":21507,"comment_status":"closed","ping_status":"closed","sticky":false,"template":"","format":"standard","meta":{"_bbp_topic_count":0,"_bbp_reply_count":0,"_bbp_total_topic_count":0,"_bbp_total_reply_count":0,"_bbp_voice_count":0,"_bbp_anonymous_reply_count":0,"_bbp_topic_count_hidden":0,"_bbp_reply_count_hidden":0,"_bbp_forum_subforum_count":0,"footnotes":""},"categories":[615,116,99,162,532],"tags":[286],"class_list":["post-21505","post","type-post","status-publish","format-standard","has-post-thumbnail","hentry","category-2020-2021","category-i4","category-infantil","category-infantil-primaria","category-nascuts16","tag-p4"],"post_mailing_queue_ids":[],"_links":{"self":[{"href":"https:\/\/agora.xtec.cat\/col-imma-lloret\/wp-json\/wp\/v2\/posts\/21505","targetHints":{"allow":["GET"]}}],"collection":[{"href":"https:\/\/agora.xtec.cat\/col-imma-lloret\/wp-json\/wp\/v2\/posts"}],"about":[{"href":"https:\/\/agora.xtec.cat\/col-imma-lloret\/wp-json\/wp\/v2\/types\/post"}],"author":[{"embeddable":true,"href":"https:\/\/agora.xtec.cat\/col-imma-lloret\/wp-json\/wp\/v2\/users\/1"}],"replies":[{"embeddable":true,"href":"https:\/\/agora.xtec.cat\/col-imma-lloret\/wp-json\/wp\/v2\/comments?post=21505"}],"version-history":[{"count":2,"href":"https:\/\/agora.xtec.cat\/col-imma-lloret\/wp-json\/wp\/v2\/posts\/21505\/revisions"}],"predecessor-version":[{"id":21509,"href":"https:\/\/agora.xtec.cat\/col-imma-lloret\/wp-json\/wp\/v2\/posts\/21505\/revisions\/21509"}],"wp:featuredmedia":[{"embeddable":true,"href":"https:\/\/agora.xtec.cat\/col-imma-lloret\/wp-json\/wp\/v2\/media\/21507"}],"wp:attachment":[{"href":"https:\/\/agora.xtec.cat\/col-imma-lloret\/wp-json\/wp\/v2\/media?parent=21505"}],"wp:term":[{"taxonomy":"category","embeddable":true,"href":"https:\/\/agora.xtec.cat\/col-imma-lloret\/wp-json\/wp\/v2\/categories?post=21505"},{"taxonomy":"post_tag","embeddable":true,"href":"https:\/\/agora.xtec.cat\/col-imma-lloret\/wp-json\/wp\/v2\/tags?post=21505"}],"curies":[{"name":"wp","href":"https:\/\/api.w.org\/{rel}","templated":true}]}}