{"id":20674,"date":"2020-06-09T20:58:20","date_gmt":"2020-06-09T18:58:20","guid":{"rendered":"http:\/\/agora.xtec.cat\/col-imma-lloret\/?p=20674"},"modified":"2020-06-09T20:58:20","modified_gmt":"2020-06-09T18:58:20","slug":"el-gat-enfadat","status":"publish","type":"post","link":"https:\/\/agora.xtec.cat\/col-imma-lloret\/infantil-primaria\/infantil\/el-gat-enfadat\/","title":{"rendered":"El gat enfadat"},"content":{"rendered":"<p>Avui, els conills i els ossos, han visionat la can\u00e7\u00f3 &#8220;El gat enfadat&#8221; i ens han expressat com es senten i despr\u00e9s han dibuixat\u00a0 l&#8217;animal que m\u00e9s els ha agradat.<\/p>\n<p><a href=\"https:\/\/agora.xtec.cat\/col-imma-lloret\/wp-content\/uploads\/usu1420\/2020\/06\/hqdefault.jpg\">\u00a0 <\/a><a href=\"https:\/\/photos.app.goo.gl\/23F6ecDs7VoJqkwA7\"><img loading=\"lazy\" decoding=\"async\" class=\"alignnone wp-image-20675 size-full\" src=\"https:\/\/agora.xtec.cat\/col-imma-lloret\/wp-content\/uploads\/usu1420\/2020\/06\/hqdefault.jpg\" alt=\"\" width=\"480\" height=\"360\" srcset=\"https:\/\/agora.xtec.cat\/col-imma-lloret\/wp-content\/uploads\/usu1420\/2020\/06\/hqdefault.jpg 480w, https:\/\/agora.xtec.cat\/col-imma-lloret\/wp-content\/uploads\/usu1420\/2020\/06\/hqdefault-300x225.jpg 300w, https:\/\/agora.xtec.cat\/col-imma-lloret\/wp-content\/uploads\/usu1420\/2020\/06\/hqdefault-200x150.jpg 200w\" sizes=\"auto, (max-width: 480px) 100vw, 480px\" \/><\/a><\/p>\n","protected":false},"excerpt":{"rendered":"<p>Avui els conills i els ossos han visionat la can\u00e7\u00f3 &#8220;El gat enfadat&#8221; i ens han expressat com es senten i despr\u00e9s han dibuixat\u00a0 l&#8217;animal que m\u00e9s els ha agradat.&hellip;  <a href=\"https:\/\/agora.xtec.cat\/col-imma-lloret\/infantil-primaria\/infantil\/el-gat-enfadat\/\" title=\"Read El gat enfadat\">Llegeix m\u00e9s\u00bb<\/a><\/p>\n","protected":false},"author":1,"featured_media":20675,"comment_status":"closed","ping_status":"closed","sticky":false,"template":"","format":"standard","meta":{"_bbp_topic_count":0,"_bbp_reply_count":0,"_bbp_total_topic_count":0,"_bbp_total_reply_count":0,"_bbp_voice_count":0,"_bbp_anonymous_reply_count":0,"_bbp_topic_count_hidden":0,"_bbp_reply_count_hidden":0,"_bbp_forum_subforum_count":0,"footnotes":""},"categories":[533,114,99,532],"tags":[578,577],"class_list":["post-20674","post","type-post","status-publish","format-standard","has-post-thumbnail","hentry","category-2019-2020","category-i3","category-infantil","category-nascuts16","tag-578","tag-p"],"post_mailing_queue_ids":[],"_links":{"self":[{"href":"https:\/\/agora.xtec.cat\/col-imma-lloret\/wp-json\/wp\/v2\/posts\/20674","targetHints":{"allow":["GET"]}}],"collection":[{"href":"https:\/\/agora.xtec.cat\/col-imma-lloret\/wp-json\/wp\/v2\/posts"}],"about":[{"href":"https:\/\/agora.xtec.cat\/col-imma-lloret\/wp-json\/wp\/v2\/types\/post"}],"author":[{"embeddable":true,"href":"https:\/\/agora.xtec.cat\/col-imma-lloret\/wp-json\/wp\/v2\/users\/1"}],"replies":[{"embeddable":true,"href":"https:\/\/agora.xtec.cat\/col-imma-lloret\/wp-json\/wp\/v2\/comments?post=20674"}],"version-history":[{"count":2,"href":"https:\/\/agora.xtec.cat\/col-imma-lloret\/wp-json\/wp\/v2\/posts\/20674\/revisions"}],"predecessor-version":[{"id":20677,"href":"https:\/\/agora.xtec.cat\/col-imma-lloret\/wp-json\/wp\/v2\/posts\/20674\/revisions\/20677"}],"wp:featuredmedia":[{"embeddable":true,"href":"https:\/\/agora.xtec.cat\/col-imma-lloret\/wp-json\/wp\/v2\/media\/20675"}],"wp:attachment":[{"href":"https:\/\/agora.xtec.cat\/col-imma-lloret\/wp-json\/wp\/v2\/media?parent=20674"}],"wp:term":[{"taxonomy":"category","embeddable":true,"href":"https:\/\/agora.xtec.cat\/col-imma-lloret\/wp-json\/wp\/v2\/categories?post=20674"},{"taxonomy":"post_tag","embeddable":true,"href":"https:\/\/agora.xtec.cat\/col-imma-lloret\/wp-json\/wp\/v2\/tags?post=20674"}],"curies":[{"name":"wp","href":"https:\/\/api.w.org\/{rel}","templated":true}]}}