{"id":20190,"date":"2020-05-12T09:59:01","date_gmt":"2020-05-12T07:59:01","guid":{"rendered":"http:\/\/agora.xtec.cat\/col-imma-lloret\/?p=20190"},"modified":"2020-05-12T11:53:15","modified_gmt":"2020-05-12T09:53:15","slug":"la-maquina-de-ballar-educacio-fisica-cicle-inicial","status":"publish","type":"post","link":"https:\/\/agora.xtec.cat\/col-imma-lloret\/general\/la-maquina-de-ballar-educacio-fisica-cicle-inicial\/","title":{"rendered":"La m\u00e0quina de ball. Educaci\u00f3 f\u00edsica. Cicle Inicial."},"content":{"rendered":"<p>Hola nois i noies,<\/p>\n<p>Aquesta setmana coincidint amb la setmana de les matem\u00e0tiques us proposem una activitat on haureu de treballar la coordinaci\u00f3, atenci\u00f3 i la numeraci\u00f3. Haureu de crear una m\u00e0quina de ball i fer una coreografia o inventar una.<\/p>\n<p>Us deixo un link amb un v\u00eddeo d&#8217;exemple.<\/p>\n<p><a href=\"https:\/\/view.genial.ly\/5eb6c1077199c50d8c41798c\/interactive-content-la-maquina-de-ball\"><br \/>\n<img loading=\"lazy\" decoding=\"async\" class=\"aligncenter wp-image-20193 size-full\" src=\"https:\/\/agora.xtec.cat\/col-imma-lloret\/wp-content\/uploads\/usu1420\/2020\/05\/Captura-de-pantalla-2020-05-12-a-las-9.33.53.png\" alt=\"\" width=\"669\" height=\"385\" srcset=\"https:\/\/agora.xtec.cat\/col-imma-lloret\/wp-content\/uploads\/usu1420\/2020\/05\/Captura-de-pantalla-2020-05-12-a-las-9.33.53.png 669w, https:\/\/agora.xtec.cat\/col-imma-lloret\/wp-content\/uploads\/usu1420\/2020\/05\/Captura-de-pantalla-2020-05-12-a-las-9.33.53-300x173.png 300w\" sizes=\"auto, (max-width: 669px) 100vw, 669px\" \/><\/a><\/p>\n<p>Molts \u00e0nims!!<\/p>\n","protected":false},"excerpt":{"rendered":"<p>Hola nois i noies,<br \/>\nAquesta setmana coincidint amb la setmana de les matem\u00e0tiques us proposem una activitat on haureu de treballar la coordinaci\u00f3, atenci\u00f3 i la numeraci\u00f3. Haureu de crear una m\u00e0quina de ball i fer una coreografia o inventar una.<br \/>\nUs deixo un link amb un&hellip;  <a href=\"https:\/\/agora.xtec.cat\/col-imma-lloret\/general\/la-maquina-de-ballar-educacio-fisica-cicle-inicial\/\" title=\"Read La m\u00e0quina de ball. Educaci\u00f3 f\u00edsica. Cicle Inicial.\">Llegeix m\u00e9s\u00bb<\/a><\/p>\n","protected":false},"author":1,"featured_media":20193,"comment_status":"open","ping_status":"closed","sticky":false,"template":"","format":"standard","meta":{"_bbp_topic_count":0,"_bbp_reply_count":0,"_bbp_total_topic_count":0,"_bbp_total_reply_count":0,"_bbp_voice_count":0,"_bbp_anonymous_reply_count":0,"_bbp_topic_count_hidden":0,"_bbp_reply_count_hidden":0,"_bbp_forum_subforum_count":0,"footnotes":""},"categories":[127,533,130,152,1,117,113,29,103],"tags":[557],"class_list":["post-20190","post","type-post","status-publish","format-standard","has-post-thumbnail","hentry","category-1r-primaria","category-2019-2020","category-2n-primaria","category-educacio-fisica-immaculada","category-general","category-nascuts12","category-nascuts13","category-portada","category-primaria","tag-educacio-fisica"],"post_mailing_queue_ids":[],"_links":{"self":[{"href":"https:\/\/agora.xtec.cat\/col-imma-lloret\/wp-json\/wp\/v2\/posts\/20190","targetHints":{"allow":["GET"]}}],"collection":[{"href":"https:\/\/agora.xtec.cat\/col-imma-lloret\/wp-json\/wp\/v2\/posts"}],"about":[{"href":"https:\/\/agora.xtec.cat\/col-imma-lloret\/wp-json\/wp\/v2\/types\/post"}],"author":[{"embeddable":true,"href":"https:\/\/agora.xtec.cat\/col-imma-lloret\/wp-json\/wp\/v2\/users\/1"}],"replies":[{"embeddable":true,"href":"https:\/\/agora.xtec.cat\/col-imma-lloret\/wp-json\/wp\/v2\/comments?post=20190"}],"version-history":[{"count":2,"href":"https:\/\/agora.xtec.cat\/col-imma-lloret\/wp-json\/wp\/v2\/posts\/20190\/revisions"}],"predecessor-version":[{"id":20201,"href":"https:\/\/agora.xtec.cat\/col-imma-lloret\/wp-json\/wp\/v2\/posts\/20190\/revisions\/20201"}],"wp:featuredmedia":[{"embeddable":true,"href":"https:\/\/agora.xtec.cat\/col-imma-lloret\/wp-json\/wp\/v2\/media\/20193"}],"wp:attachment":[{"href":"https:\/\/agora.xtec.cat\/col-imma-lloret\/wp-json\/wp\/v2\/media?parent=20190"}],"wp:term":[{"taxonomy":"category","embeddable":true,"href":"https:\/\/agora.xtec.cat\/col-imma-lloret\/wp-json\/wp\/v2\/categories?post=20190"},{"taxonomy":"post_tag","embeddable":true,"href":"https:\/\/agora.xtec.cat\/col-imma-lloret\/wp-json\/wp\/v2\/tags?post=20190"}],"curies":[{"name":"wp","href":"https:\/\/api.w.org\/{rel}","templated":true}]}}