{"id":20150,"date":"2020-05-11T09:55:48","date_gmt":"2020-05-11T07:55:48","guid":{"rendered":"http:\/\/agora.xtec.cat\/col-imma-lloret\/?p=20150"},"modified":"2020-05-11T09:55:48","modified_gmt":"2020-05-11T07:55:48","slug":"expressio-corporal-i-mates-educacio-fisica-cicle-inicial","status":"publish","type":"post","link":"https:\/\/agora.xtec.cat\/col-imma-lloret\/general\/expressio-corporal-i-mates-educacio-fisica-cicle-inicial\/","title":{"rendered":"Expressi\u00f3 corporal i mates. Educaci\u00f3 F\u00edsica. Cicle Inicial"},"content":{"rendered":"<p>Aquesta setmana, \u00e9s la setmana de les matem\u00e0tiques i els vostres companys de cicle superior, han volgut preparar-vos una sorpresa. Han creat operacions, formant els n\u00fameros amb el seu cos.<\/p>\n<p>Vosaltres les haureu de solucionar, i la feina d&#8217;educaci\u00f3 f\u00edsica ser\u00e0, escollir una d&#8217;aquestes operacions, i fer la resposta amb el vostre cos.<\/p>\n<p>Us haureu de fer una foto amb la soluci\u00f3 de la operaci\u00f3 escollida.<\/p>\n<p>A continuaci\u00f3 teniu els dos arxius amb gaireb\u00e9 totes les operacions que han creat els alumnes de 5\u00e8 i 6\u00e8.<\/p>\n<p><a href=\"https:\/\/drive.google.com\/file\/d\/1in_9iOxPvcMFnTgFZ1AwEPX3omRCQ4XS\/view?usp=sharing\">https:\/\/drive.google.com\/file\/d\/1in_9iOxPvcMFnTgFZ1AwEPX3omRCQ4XS\/view?usp=sharing<\/a><\/p>\n<p><a href=\"https:\/\/drive.google.com\/file\/d\/1HxcsC7IryCkjo0WZs5cnCj1NBZ5n0FPm\/view?usp=sharing\">https:\/\/drive.google.com\/file\/d\/1HxcsC7IryCkjo0WZs5cnCj1NBZ5n0FPm\/view?usp=sharing<\/a><\/p>\n<p>Podeu imprimir les operacions o apuntar per ordre les operacions i les seves solucions.<\/p>\n<p>En propers dies us penjarem les solucions.<\/p>\n<p>Molts \u00e0nims i bona setmana de les matem\u00e0tiques!!<\/p>\n","protected":false},"excerpt":{"rendered":"<p>Aquesta setmana, \u00e9s la setmana de les matem\u00e0tiques i els vostres companys de cicle superior, han volgut preparar-vos una sorpresa. Han creat operacions, formant els n\u00fameros amb el seu cos.<br \/>\nVosaltres les haureu de solucionar, i la feina d&#8217;educaci\u00f3 f\u00edsica ser\u00e0, escollir una d&#8217;aquestes operacions, i&hellip;  <a href=\"https:\/\/agora.xtec.cat\/col-imma-lloret\/general\/expressio-corporal-i-mates-educacio-fisica-cicle-inicial\/\" title=\"Read Expressi\u00f3 corporal i mates. Educaci\u00f3 F\u00edsica. Cicle Inicial\">Llegeix m\u00e9s\u00bb<\/a><\/p>\n","protected":false},"author":1,"featured_media":20168,"comment_status":"open","ping_status":"closed","sticky":false,"template":"","format":"standard","meta":{"_bbp_topic_count":0,"_bbp_reply_count":0,"_bbp_total_topic_count":0,"_bbp_total_reply_count":0,"_bbp_voice_count":0,"_bbp_anonymous_reply_count":0,"_bbp_topic_count_hidden":0,"_bbp_reply_count_hidden":0,"_bbp_forum_subforum_count":0,"footnotes":""},"categories":[127,533,130,152,1,117,113,29,103],"tags":[557],"class_list":["post-20150","post","type-post","status-publish","format-standard","has-post-thumbnail","hentry","category-1r-primaria","category-2019-2020","category-2n-primaria","category-educacio-fisica-immaculada","category-general","category-nascuts12","category-nascuts13","category-portada","category-primaria","tag-educacio-fisica"],"post_mailing_queue_ids":[],"_links":{"self":[{"href":"https:\/\/agora.xtec.cat\/col-imma-lloret\/wp-json\/wp\/v2\/posts\/20150","targetHints":{"allow":["GET"]}}],"collection":[{"href":"https:\/\/agora.xtec.cat\/col-imma-lloret\/wp-json\/wp\/v2\/posts"}],"about":[{"href":"https:\/\/agora.xtec.cat\/col-imma-lloret\/wp-json\/wp\/v2\/types\/post"}],"author":[{"embeddable":true,"href":"https:\/\/agora.xtec.cat\/col-imma-lloret\/wp-json\/wp\/v2\/users\/1"}],"replies":[{"embeddable":true,"href":"https:\/\/agora.xtec.cat\/col-imma-lloret\/wp-json\/wp\/v2\/comments?post=20150"}],"version-history":[{"count":4,"href":"https:\/\/agora.xtec.cat\/col-imma-lloret\/wp-json\/wp\/v2\/posts\/20150\/revisions"}],"predecessor-version":[{"id":20169,"href":"https:\/\/agora.xtec.cat\/col-imma-lloret\/wp-json\/wp\/v2\/posts\/20150\/revisions\/20169"}],"wp:featuredmedia":[{"embeddable":true,"href":"https:\/\/agora.xtec.cat\/col-imma-lloret\/wp-json\/wp\/v2\/media\/20168"}],"wp:attachment":[{"href":"https:\/\/agora.xtec.cat\/col-imma-lloret\/wp-json\/wp\/v2\/media?parent=20150"}],"wp:term":[{"taxonomy":"category","embeddable":true,"href":"https:\/\/agora.xtec.cat\/col-imma-lloret\/wp-json\/wp\/v2\/categories?post=20150"},{"taxonomy":"post_tag","embeddable":true,"href":"https:\/\/agora.xtec.cat\/col-imma-lloret\/wp-json\/wp\/v2\/tags?post=20150"}],"curies":[{"name":"wp","href":"https:\/\/api.w.org\/{rel}","templated":true}]}}