{"id":19620,"date":"2020-04-19T13:01:05","date_gmt":"2020-04-19T11:01:05","guid":{"rendered":"http:\/\/agora.xtec.cat\/col-imma-lloret\/?p=19620"},"modified":"2025-09-19T14:30:42","modified_gmt":"2025-09-19T12:30:42","slug":"concurs-de-dibuix-per-sant-jordi-cicle-inicial","status":"publish","type":"post","link":"https:\/\/agora.xtec.cat\/col-imma-lloret\/general\/concurs-de-dibuix-per-sant-jordi-cicle-inicial\/","title":{"rendered":"Concurs dibuix per Sant Jordi, Cicle Inicial"},"content":{"rendered":"<div class=\"gs\">\n<div class=\"\">\n<div id=\":1v7\" class=\"ii gt\">\n<div id=\":1v6\" class=\"a3s aXjCH \">\n<h4>DIBUIXOS PER SANT JORDI &#8211; 2020<\/h4>\n<div>\n<p>Aquest any celebrem Sant Jordi fent un concurs de dibuix virtual !<\/p>\n<p>Tots esteu convidats a participar-hi !!! Esperem els vostres dibuixos!<\/p>\n<p>El m\u00e9s bonic de cada classe l&#8217;enviarem al concurs de dibuix que organitzen Les Floristes de Lloret.<\/p>\n<p>La data l\u00edmit perqu\u00e8 ens feu arribar tant el text com el dibuix ser\u00e0 el dimarts 21 d&#8217;abril a les 12 h .<\/p>\n<p>&nbsp;<\/p>\n<p><a href=\"https:\/\/photos.app.goo.gl\/VhPcbZ8kDX1NWdL97\" target=\"_blank\" rel=\"noopener noreferrer\"><img loading=\"lazy\" decoding=\"async\" class=\"aligncenter wp-image-19621 \" src=\"https:\/\/agora.xtec.cat\/col-imma-lloret\/wp-content\/uploads\/usu1420\/2020\/04\/IMG_3924-300x212.jpeg\" alt=\"\" width=\"382\" height=\"270\" srcset=\"https:\/\/agora.xtec.cat\/col-imma-lloret\/wp-content\/uploads\/usu1420\/2020\/04\/IMG_3924-300x212.jpeg 300w, https:\/\/agora.xtec.cat\/col-imma-lloret\/wp-content\/uploads\/usu1420\/2020\/04\/IMG_3924.jpeg 750w\" sizes=\"auto, (max-width: 382px) 100vw, 382px\" \/><\/a><\/p>\n<\/div>\n<div class=\"yj6qo\" style=\"text-align: center;\">(Clica a la imatge per veure tots els dibuixos)<\/div>\n<\/div>\n<\/div>\n<div class=\"hi\"><\/div>\n<\/div>\n<\/div>\n","protected":false},"excerpt":{"rendered":"<p>Aquest any celebrem Sant Jordi&hellip;  <a href=\"https:\/\/agora.xtec.cat\/col-imma-lloret\/general\/concurs-de-dibuix-per-sant-jordi-cicle-inicial\/\" title=\"Read Concurs dibuix per Sant Jordi, Cicle Inicial\">Llegeix m\u00e9s\u00bb<\/a><\/p>\n","protected":false},"author":1,"featured_media":19621,"comment_status":"closed","ping_status":"closed","sticky":false,"template":"","format":"standard","meta":{"_bbp_topic_count":0,"_bbp_reply_count":0,"_bbp_total_topic_count":0,"_bbp_total_reply_count":0,"_bbp_voice_count":0,"_bbp_anonymous_reply_count":0,"_bbp_topic_count_hidden":0,"_bbp_reply_count_hidden":0,"_bbp_forum_subforum_count":0,"footnotes":""},"categories":[127,533,130,1,117,113,29],"tags":[],"class_list":["post-19620","post","type-post","status-publish","format-standard","has-post-thumbnail","hentry","category-1r-primaria","category-2019-2020","category-2n-primaria","category-general","category-nascuts12","category-nascuts13","category-portada"],"post_mailing_queue_ids":[],"_links":{"self":[{"href":"https:\/\/agora.xtec.cat\/col-imma-lloret\/wp-json\/wp\/v2\/posts\/19620","targetHints":{"allow":["GET"]}}],"collection":[{"href":"https:\/\/agora.xtec.cat\/col-imma-lloret\/wp-json\/wp\/v2\/posts"}],"about":[{"href":"https:\/\/agora.xtec.cat\/col-imma-lloret\/wp-json\/wp\/v2\/types\/post"}],"author":[{"embeddable":true,"href":"https:\/\/agora.xtec.cat\/col-imma-lloret\/wp-json\/wp\/v2\/users\/1"}],"replies":[{"embeddable":true,"href":"https:\/\/agora.xtec.cat\/col-imma-lloret\/wp-json\/wp\/v2\/comments?post=19620"}],"version-history":[{"count":4,"href":"https:\/\/agora.xtec.cat\/col-imma-lloret\/wp-json\/wp\/v2\/posts\/19620\/revisions"}],"predecessor-version":[{"id":28774,"href":"https:\/\/agora.xtec.cat\/col-imma-lloret\/wp-json\/wp\/v2\/posts\/19620\/revisions\/28774"}],"wp:featuredmedia":[{"embeddable":true,"href":"https:\/\/agora.xtec.cat\/col-imma-lloret\/wp-json\/wp\/v2\/media\/19621"}],"wp:attachment":[{"href":"https:\/\/agora.xtec.cat\/col-imma-lloret\/wp-json\/wp\/v2\/media?parent=19620"}],"wp:term":[{"taxonomy":"category","embeddable":true,"href":"https:\/\/agora.xtec.cat\/col-imma-lloret\/wp-json\/wp\/v2\/categories?post=19620"},{"taxonomy":"post_tag","embeddable":true,"href":"https:\/\/agora.xtec.cat\/col-imma-lloret\/wp-json\/wp\/v2\/tags?post=19620"}],"curies":[{"name":"wp","href":"https:\/\/api.w.org\/{rel}","templated":true}]}}