{"id":1817,"date":"2013-04-25T15:42:00","date_gmt":"2013-04-25T13:42:00","guid":{"rendered":"http:\/\/agora.xtec.cat\/col-imma-lloret\/general\/sant-jordi-3\/"},"modified":"2024-05-31T20:00:34","modified_gmt":"2024-05-31T18:00:34","slug":"sant-jordi-3","status":"publish","type":"post","link":"https:\/\/agora.xtec.cat\/col-imma-lloret\/infantil-primaria\/infantil\/i4\/sant-jordi-3\/","title":{"rendered":"Sant Jordi"},"content":{"rendered":"<p>En motiu de la festivitat de Sant Jordi hem estat fent, tot d&#8217;activitats relacionades.<br \/>Hem fet el drac, la rosa, hem apr\u00e8s una poesia, en sortit a passejar per veure l&#8217;ambient del poble entorn a la festa,&#8230; i ara aquesta setmana hem convidat als avis i a les \u00e0vies a explicar-nos algun conte a la classe, de moment tot est\u00e0&nbsp;essent&nbsp;molt emocionant.<\/p>\n<p>El dimecres va venir l&#8217;\u00e0via de la Paula i ens va explicar la Llegenda de Sant Jordi. Tot i con\u00e8ixer la hist\u00f2ria tots varem quedar bocabadats en veure el drac, la princesa i el cavaller; i com pod\u00edem&nbsp;acabar&nbsp;millor que&#8230; jugant a ser&nbsp;pr\u00ednceps,&nbsp;princeses i drac ferotges.<\/p>\n<div style=\"clear: both; text-align: center;\"><\/div>\n<div style=\"text-align: center;\"><\/div>\n<div style=\"clear: both; text-align: center;\"><\/div>\n<div style=\"text-align: center;\"><\/div>\n<div style=\"clear: both; text-align: center;\"><\/div>\n<div style=\"text-align: center;\"><\/div>\n<div style=\"text-align: center;\"><embed flashvars=\"host=picasaweb.google.com&amp;hl=ca&amp;feat=flashalbum&amp;RGB=0x000000&amp;feed=https%3A%2F%2Fpicasaweb.google.com%2Fdata%2Ffeed%2Fapi%2Fuser%2Fnascuts08%2Falbumid%2F5870778805917009505%3Falt%3Drss%26kind%3Dphoto%26hl%3Dca\" height=\"400\" pluginspage=\"http:\/\/www.macromedia.com\/go\/getflashplayer\" src=\"https:\/\/picasaweb.google.com\/s\/c\/bin\/slideshow.swf\" type=\"application\/x-shockwave-flash\" width=\"600\"><\/embed><\/div>\n","protected":false},"excerpt":{"rendered":"<p>En motiu de la festivitat de Sant Jordi hem estat fent, tot d&#8217;activitats relacionades.Hem fet el drac, la rosa, hem apr\u00e8s una poesia, en sortit a passejar per veure l&#8217;ambient del poble entorn a la festa,&#8230; i ara aquesta setmana hem convidat als avis i&hellip;  <a href=\"https:\/\/agora.xtec.cat\/col-imma-lloret\/infantil-primaria\/infantil\/i4\/sant-jordi-3\/\" title=\"Read Sant Jordi\">Llegeix m\u00e9s\u00bb<\/a><\/p>\n","protected":false},"author":1,"featured_media":0,"comment_status":"open","ping_status":"closed","sticky":false,"template":"","format":"standard","meta":{"_bbp_topic_count":0,"_bbp_reply_count":0,"_bbp_total_topic_count":0,"_bbp_total_reply_count":0,"_bbp_voice_count":0,"_bbp_anonymous_reply_count":0,"_bbp_topic_count_hidden":0,"_bbp_reply_count_hidden":0,"_bbp_forum_subforum_count":0,"footnotes":""},"categories":[131,116,132],"tags":[],"class_list":["post-1817","post","type-post","status-publish","format-standard","hentry","category-2012-13","category-i4","category-nascuts-2008"],"post_mailing_queue_ids":[],"_links":{"self":[{"href":"https:\/\/agora.xtec.cat\/col-imma-lloret\/wp-json\/wp\/v2\/posts\/1817","targetHints":{"allow":["GET"]}}],"collection":[{"href":"https:\/\/agora.xtec.cat\/col-imma-lloret\/wp-json\/wp\/v2\/posts"}],"about":[{"href":"https:\/\/agora.xtec.cat\/col-imma-lloret\/wp-json\/wp\/v2\/types\/post"}],"author":[{"embeddable":true,"href":"https:\/\/agora.xtec.cat\/col-imma-lloret\/wp-json\/wp\/v2\/users\/1"}],"replies":[{"embeddable":true,"href":"https:\/\/agora.xtec.cat\/col-imma-lloret\/wp-json\/wp\/v2\/comments?post=1817"}],"version-history":[{"count":1,"href":"https:\/\/agora.xtec.cat\/col-imma-lloret\/wp-json\/wp\/v2\/posts\/1817\/revisions"}],"predecessor-version":[{"id":27458,"href":"https:\/\/agora.xtec.cat\/col-imma-lloret\/wp-json\/wp\/v2\/posts\/1817\/revisions\/27458"}],"wp:attachment":[{"href":"https:\/\/agora.xtec.cat\/col-imma-lloret\/wp-json\/wp\/v2\/media?parent=1817"}],"wp:term":[{"taxonomy":"category","embeddable":true,"href":"https:\/\/agora.xtec.cat\/col-imma-lloret\/wp-json\/wp\/v2\/categories?post=1817"},{"taxonomy":"post_tag","embeddable":true,"href":"https:\/\/agora.xtec.cat\/col-imma-lloret\/wp-json\/wp\/v2\/tags?post=1817"}],"curies":[{"name":"wp","href":"https:\/\/api.w.org\/{rel}","templated":true}]}}