{"id":1545,"date":"2015-02-20T22:25:00","date_gmt":"2015-02-20T21:25:00","guid":{"rendered":"http:\/\/agora.xtec.cat\/col-imma-lloret\/general\/ja-ha-arribat-la-vella-quaresma-2\/"},"modified":"2024-05-31T19:52:26","modified_gmt":"2024-05-31T17:52:26","slug":"ja-ha-arribat-la-vella-quaresma-2","status":"publish","type":"post","link":"https:\/\/agora.xtec.cat\/col-imma-lloret\/2014-15\/ja-ha-arribat-la-vella-quaresma-2\/","title":{"rendered":"Ja ha arribat la Vella Quaresma"},"content":{"rendered":"<div style=\"text-align: center;\">\n<div style=\"text-align: left;\">&nbsp;Avui \u00e9s el primer divendres de Quaresma i com cada any hem comen\u00e7at a treure cames a la Vella Quaresma. Ara ja nom\u00e9s n&#8217;hi queden 6.<\/div>\n<\/div>\n<div style=\"text-align: center;\"><\/div>\n<div style=\"text-align: center;\"><\/div>\n<div style=\"text-align: center;\"><img loading=\"lazy\" decoding=\"async\" height=\"400\" src=\"https:\/\/joviatelpisdebaix.files.wordpress.com\/2015\/02\/vellaquaresma-cols.jpg\" width=\"280\" \/><\/div>\n<div style=\"text-align: center;\"><\/div>\n","protected":false},"excerpt":{"rendered":"<p>&nbsp;Avui \u00e9s el primer divendres de Quaresma i com cada any hem comen\u00e7at a treure cames a la Vella Quaresma. Ara ja nom\u00e9s n&#8217;hi queden 6.<\/p>\n","protected":false},"author":1,"featured_media":0,"comment_status":"open","ping_status":"closed","sticky":false,"template":"","format":"standard","meta":{"_bbp_topic_count":0,"_bbp_reply_count":0,"_bbp_total_topic_count":0,"_bbp_total_reply_count":0,"_bbp_voice_count":0,"_bbp_anonymous_reply_count":0,"_bbp_topic_count_hidden":0,"_bbp_reply_count_hidden":0,"_bbp_forum_subforum_count":0,"footnotes":""},"categories":[120,121,129],"tags":[],"class_list":["post-1545","post","type-post","status-publish","format-standard","hentry","category-2014-15","category-i5","category-nascuts-2009"],"post_mailing_queue_ids":[],"_links":{"self":[{"href":"https:\/\/agora.xtec.cat\/col-imma-lloret\/wp-json\/wp\/v2\/posts\/1545","targetHints":{"allow":["GET"]}}],"collection":[{"href":"https:\/\/agora.xtec.cat\/col-imma-lloret\/wp-json\/wp\/v2\/posts"}],"about":[{"href":"https:\/\/agora.xtec.cat\/col-imma-lloret\/wp-json\/wp\/v2\/types\/post"}],"author":[{"embeddable":true,"href":"https:\/\/agora.xtec.cat\/col-imma-lloret\/wp-json\/wp\/v2\/users\/1"}],"replies":[{"embeddable":true,"href":"https:\/\/agora.xtec.cat\/col-imma-lloret\/wp-json\/wp\/v2\/comments?post=1545"}],"version-history":[{"count":1,"href":"https:\/\/agora.xtec.cat\/col-imma-lloret\/wp-json\/wp\/v2\/posts\/1545\/revisions"}],"predecessor-version":[{"id":27099,"href":"https:\/\/agora.xtec.cat\/col-imma-lloret\/wp-json\/wp\/v2\/posts\/1545\/revisions\/27099"}],"wp:attachment":[{"href":"https:\/\/agora.xtec.cat\/col-imma-lloret\/wp-json\/wp\/v2\/media?parent=1545"}],"wp:term":[{"taxonomy":"category","embeddable":true,"href":"https:\/\/agora.xtec.cat\/col-imma-lloret\/wp-json\/wp\/v2\/categories?post=1545"},{"taxonomy":"post_tag","embeddable":true,"href":"https:\/\/agora.xtec.cat\/col-imma-lloret\/wp-json\/wp\/v2\/tags?post=1545"}],"curies":[{"name":"wp","href":"https:\/\/api.w.org\/{rel}","templated":true}]}}