{"id":13838,"date":"2020-03-16T16:48:18","date_gmt":"2020-03-16T15:48:18","guid":{"rendered":"http:\/\/agora.xtec.cat\/col-imma-lloret\/?p=13838"},"modified":"2021-09-08T00:16:12","modified_gmt":"2021-09-07T22:16:12","slug":"recomanacions-educacio-fisica-per-aquest-dies-de-confinament","status":"publish","type":"post","link":"https:\/\/agora.xtec.cat\/col-imma-lloret\/general\/recomanacions-educacio-fisica-per-aquest-dies-de-confinament\/","title":{"rendered":"Recomanacions Educaci\u00f3 F\u00edsica per aquest dies de confinament."},"content":{"rendered":"<p>Hola nois i noies!! Per aquests dies de confinament des de l&#8217;\u00e0rea d&#8217;Educaci\u00f3 F\u00edsica us passem unes petites recomanacions per estar actius i sans!!<\/p>\n<p style=\"text-align: center;\"><a href=\"https:\/\/agora.xtec.cat\/col-imma-lloret\/wp-content\/uploads\/usu1420\/2020\/03\/recomanacions-E.F..xps\"><img loading=\"lazy\" decoding=\"async\" class=\"alignnone wp-image-13868 size-full\" src=\"https:\/\/agora.xtec.cat\/col-imma-lloret\/wp-content\/uploads\/usu1420\/2020\/03\/imatge-recomanacions-EF.png\" alt=\"\" width=\"337\" height=\"482\" srcset=\"https:\/\/agora.xtec.cat\/col-imma-lloret\/wp-content\/uploads\/usu1420\/2020\/03\/imatge-recomanacions-EF.png 337w, https:\/\/agora.xtec.cat\/col-imma-lloret\/wp-content\/uploads\/usu1420\/2020\/03\/imatge-recomanacions-EF-210x300.png 210w\" sizes=\"auto, (max-width: 337px) 100vw, 337px\" \/><\/a><\/p>\n<p>Heu de fer clic a sobre de la foto, per descarregar un arxiu, on hi ha diferents enlla\u00e7os amb algunes propostes per fer a casa durant aquest dies!.<\/p>\n<p>Fins aviat!!<\/p>\n<p>&nbsp;<\/p>\n<p>&nbsp;<\/p>\n","protected":false},"excerpt":{"rendered":"<p>Recomanacions E.F.&hellip;  <a href=\"https:\/\/agora.xtec.cat\/col-imma-lloret\/general\/recomanacions-educacio-fisica-per-aquest-dies-de-confinament\/\" title=\"Read Recomanacions Educaci\u00f3 F\u00edsica per aquest dies de confinament.\">Llegeix m\u00e9s\u00bb<\/a><\/p>\n","protected":false},"author":1,"featured_media":13868,"comment_status":"open","ping_status":"closed","sticky":false,"template":"","format":"standard","meta":{"_bbp_topic_count":0,"_bbp_reply_count":0,"_bbp_total_topic_count":0,"_bbp_total_reply_count":0,"_bbp_voice_count":0,"_bbp_anonymous_reply_count":0,"_bbp_topic_count_hidden":0,"_bbp_reply_count_hidden":0,"_bbp_forum_subforum_count":0,"footnotes":""},"categories":[127,533,130,133,134,136,139,152,1,162,29,103],"tags":[557],"class_list":["post-13838","post","type-post","status-publish","format-standard","has-post-thumbnail","hentry","category-1r-primaria","category-2019-2020","category-2n-primaria","category-3r-primaria","category-4t-primaria","category-5e-primaria","category-6e-primaria","category-educacio-fisica-immaculada","category-general","category-infantil-primaria","category-portada","category-primaria","tag-educacio-fisica"],"post_mailing_queue_ids":[],"_links":{"self":[{"href":"https:\/\/agora.xtec.cat\/col-imma-lloret\/wp-json\/wp\/v2\/posts\/13838","targetHints":{"allow":["GET"]}}],"collection":[{"href":"https:\/\/agora.xtec.cat\/col-imma-lloret\/wp-json\/wp\/v2\/posts"}],"about":[{"href":"https:\/\/agora.xtec.cat\/col-imma-lloret\/wp-json\/wp\/v2\/types\/post"}],"author":[{"embeddable":true,"href":"https:\/\/agora.xtec.cat\/col-imma-lloret\/wp-json\/wp\/v2\/users\/1"}],"replies":[{"embeddable":true,"href":"https:\/\/agora.xtec.cat\/col-imma-lloret\/wp-json\/wp\/v2\/comments?post=13838"}],"version-history":[{"count":3,"href":"https:\/\/agora.xtec.cat\/col-imma-lloret\/wp-json\/wp\/v2\/posts\/13838\/revisions"}],"predecessor-version":[{"id":13904,"href":"https:\/\/agora.xtec.cat\/col-imma-lloret\/wp-json\/wp\/v2\/posts\/13838\/revisions\/13904"}],"wp:featuredmedia":[{"embeddable":true,"href":"https:\/\/agora.xtec.cat\/col-imma-lloret\/wp-json\/wp\/v2\/media\/13868"}],"wp:attachment":[{"href":"https:\/\/agora.xtec.cat\/col-imma-lloret\/wp-json\/wp\/v2\/media?parent=13838"}],"wp:term":[{"taxonomy":"category","embeddable":true,"href":"https:\/\/agora.xtec.cat\/col-imma-lloret\/wp-json\/wp\/v2\/categories?post=13838"},{"taxonomy":"post_tag","embeddable":true,"href":"https:\/\/agora.xtec.cat\/col-imma-lloret\/wp-json\/wp\/v2\/tags?post=13838"}],"curies":[{"name":"wp","href":"https:\/\/api.w.org\/{rel}","templated":true}]}}