{"id":1309,"date":"2014-02-24T12:48:00","date_gmt":"2014-02-24T11:48:00","guid":{"rendered":"http:\/\/agora.xtec.cat\/col-imma-lloret\/general\/festival-de-curtmetratges\/"},"modified":"2024-05-31T19:57:35","modified_gmt":"2024-05-31T17:57:35","slug":"festival-de-curtmetratges","status":"publish","type":"post","link":"https:\/\/agora.xtec.cat\/col-imma-lloret\/infantil-primaria\/infantil\/i3\/festival-de-curtmetratges\/","title":{"rendered":"Festival de curtmetratges"},"content":{"rendered":"<p>El divendres per la tarda hem pogut gaudir d&#8217;un petit Festival de curtmetratges. Ha estat molt interessant poder preparar-nos per assistir-hi.<\/p>\n<div>Tots amb la nostra entrada a punt hem pogut entregar a la porta del teatre que per una tarda s&#8217;ha convertit en un cinema improvitzat. Un cop ben asseguts, tanquem els llums i amb un silenci absolut podem gaudir de quatre curts molt interessants.<\/div>\n<div>Gr\u00e0cies Adolf per la preparaci\u00f3 i projecci\u00f3 d&#8217;aquesta selecci\u00f3 de curts.<\/div>\n<div><\/div>\n<div style=\"text-align: center;\"><embed flashvars=\"host=picasaweb.google.com&amp;hl=ca&amp;feat=flashalbum&amp;RGB=0x000000&amp;feed=https%3A%2F%2Fpicasaweb.google.com%2Fdata%2Ffeed%2Fapi%2Fuser%2F113444239192712699251%2Falbumid%2F5983330899702296513%3Falt%3Drss%26kind%3Dphoto%26hl%3Dca\" height=\"400\" pluginspage=\"http:\/\/www.macromedia.com\/go\/getflashplayer\" src=\"https:\/\/photos.gstatic.com\/media\/slideshow.swf\" type=\"application\/x-shockwave-flash\" width=\"600\"><\/embed><\/div>\n","protected":false},"excerpt":{"rendered":"<p>El divendres per la tarda hem pogut gaudir d&#8217;un petit Festival de curtmetratges. Ha estat molt interessant poder preparar-nos per assistir-hi.<br \/>\nTots amb la nostra entrada a punt hem pogut entregar a la porta del teatre que per una tarda s&#8217;ha convertit en un cinema improvitzat.&hellip;  <a href=\"https:\/\/agora.xtec.cat\/col-imma-lloret\/infantil-primaria\/infantil\/i3\/festival-de-curtmetratges\/\" title=\"Read Festival de curtmetratges\">Llegeix m\u00e9s\u00bb<\/a><\/p>\n","protected":false},"author":1,"featured_media":0,"comment_status":"open","ping_status":"closed","sticky":false,"template":"","format":"standard","meta":{"_bbp_topic_count":0,"_bbp_reply_count":0,"_bbp_total_topic_count":0,"_bbp_total_reply_count":0,"_bbp_voice_count":0,"_bbp_anonymous_reply_count":0,"_bbp_topic_count_hidden":0,"_bbp_reply_count_hidden":0,"_bbp_forum_subforum_count":0,"footnotes":""},"categories":[128,114,126],"tags":[],"class_list":["post-1309","post","type-post","status-publish","format-standard","hentry","category-2013-14","category-i3","category-nascuts-2010"],"post_mailing_queue_ids":[],"_links":{"self":[{"href":"https:\/\/agora.xtec.cat\/col-imma-lloret\/wp-json\/wp\/v2\/posts\/1309","targetHints":{"allow":["GET"]}}],"collection":[{"href":"https:\/\/agora.xtec.cat\/col-imma-lloret\/wp-json\/wp\/v2\/posts"}],"about":[{"href":"https:\/\/agora.xtec.cat\/col-imma-lloret\/wp-json\/wp\/v2\/types\/post"}],"author":[{"embeddable":true,"href":"https:\/\/agora.xtec.cat\/col-imma-lloret\/wp-json\/wp\/v2\/users\/1"}],"replies":[{"embeddable":true,"href":"https:\/\/agora.xtec.cat\/col-imma-lloret\/wp-json\/wp\/v2\/comments?post=1309"}],"version-history":[{"count":1,"href":"https:\/\/agora.xtec.cat\/col-imma-lloret\/wp-json\/wp\/v2\/posts\/1309\/revisions"}],"predecessor-version":[{"id":27335,"href":"https:\/\/agora.xtec.cat\/col-imma-lloret\/wp-json\/wp\/v2\/posts\/1309\/revisions\/27335"}],"wp:attachment":[{"href":"https:\/\/agora.xtec.cat\/col-imma-lloret\/wp-json\/wp\/v2\/media?parent=1309"}],"wp:term":[{"taxonomy":"category","embeddable":true,"href":"https:\/\/agora.xtec.cat\/col-imma-lloret\/wp-json\/wp\/v2\/categories?post=1309"},{"taxonomy":"post_tag","embeddable":true,"href":"https:\/\/agora.xtec.cat\/col-imma-lloret\/wp-json\/wp\/v2\/tags?post=1309"}],"curies":[{"name":"wp","href":"https:\/\/api.w.org\/{rel}","templated":true}]}}