{"id":1282,"date":"2015-01-22T17:11:00","date_gmt":"2015-01-22T16:11:00","guid":{"rendered":"http:\/\/agora.xtec.cat\/col-imma-lloret\/general\/acte-dapadrinament-amb-sise\/"},"modified":"2024-05-31T19:53:26","modified_gmt":"2024-05-31T17:53:26","slug":"acte-dapadrinament-amb-sise","status":"publish","type":"post","link":"https:\/\/agora.xtec.cat\/col-imma-lloret\/infantil-primaria\/infantil\/i4\/acte-dapadrinament-amb-sise\/","title":{"rendered":"Acte d&#8217;apadrinament amb sis\u00e8"},"content":{"rendered":"<p>A l&#8217;escola, despr\u00e9s de l&#8217;experi\u00e8ncia tan maca que van gaudir els nens de P-4 el curs passat amb els padrins, hem decidit que aquest any l&#8217;experi\u00e8ncia s&#8217;havia de repetir.<br \/>Els alumnes de sis\u00e8 han volgut ser els nostres padrins i s&#8217;ho han agafat amb molta alegria. No us podeu imaginar pares , com els cuiden i la m\u00e0gia que es viu quan comparteixen aula i joc.<br \/>Aquestes fotos que us presentem s\u00f3n de l&#8217;acte d&#8217;apadrinament, quan realment es van con\u00e8ixer i van signar un comprom\u00eds de Padr\u00ed-Fillol.<\/p>\n<div style=\"text-align: center;\"><\/div>\n<div style=\"text-align: center;\">P4 A<\/div>\n<div style=\"text-align: center;\"><\/div>\n<div style=\"text-align: center;\">&nbsp; <embed flashvars=\"host=picasaweb.google.com&amp;hl=ca&amp;feat=flashalbum&amp;RGB=0x000000&amp;feed=https%3A%2F%2Fpicasaweb.google.com%2Fdata%2Ffeed%2Fapi%2Fuser%2F113444239192712699251%2Falbumid%2F6104575598920294593%3Falt%3Drss%26kind%3Dphoto%26hl%3Dca\" height=\"400\" pluginspage=\"http:\/\/www.macromedia.com\/go\/getflashplayer\" src=\"https:\/\/photos.gstatic.com\/media\/slideshow.swf\" type=\"application\/x-shockwave-flash\" width=\"600\"><\/embed> <\/div>\n<div style=\"text-align: center;\">P4 B<\/div>\n<div style=\"text-align: center;\"><\/div>\n<div style=\"text-align: center;\"><embed flashvars=\"host=picasaweb.google.com&amp;hl=ca&amp;feat=flashalbum&amp;RGB=0x000000&amp;feed=https%3A%2F%2Fpicasaweb.google.com%2Fdata%2Ffeed%2Fapi%2Fuser%2F114968776077752273206%2Falbumid%2F6095584388091838673%3Falt%3Drss%26kind%3Dphoto%26authkey%3DGv1sRgCJaf8Mbq-raXUQ%26hl%3Dca\" height=\"400\" pluginspage=\"http:\/\/www.macromedia.com\/go\/getflashplayer\" src=\"https:\/\/photos.gstatic.com\/media\/slideshow.swf\" type=\"application\/x-shockwave-flash\" width=\"600\"><\/embed><\/div>\n","protected":false},"excerpt":{"rendered":"<p>A l&#8217;escola, despr\u00e9s de l&#8217;experi\u00e8ncia tan maca que van gaudir els nens de P-4 el curs passat amb els padrins, hem decidit que aquest any l&#8217;experi\u00e8ncia s&#8217;havia de repetir.Els alumnes de sis\u00e8 han volgut ser els nostres padrins i s&#8217;ho han agafat amb molta alegria.&hellip;  <a href=\"https:\/\/agora.xtec.cat\/col-imma-lloret\/infantil-primaria\/infantil\/i4\/acte-dapadrinament-amb-sise\/\" title=\"Read Acte d&#8217;apadrinament amb sis\u00e8\">Llegeix m\u00e9s\u00bb<\/a><\/p>\n","protected":false},"author":1,"featured_media":0,"comment_status":"open","ping_status":"closed","sticky":false,"template":"","format":"standard","meta":{"_bbp_topic_count":0,"_bbp_reply_count":0,"_bbp_total_topic_count":0,"_bbp_total_reply_count":0,"_bbp_voice_count":0,"_bbp_anonymous_reply_count":0,"_bbp_topic_count_hidden":0,"_bbp_reply_count_hidden":0,"_bbp_forum_subforum_count":0,"footnotes":""},"categories":[120,116,126],"tags":[],"class_list":["post-1282","post","type-post","status-publish","format-standard","hentry","category-2014-15","category-i4","category-nascuts-2010"],"post_mailing_queue_ids":[],"_links":{"self":[{"href":"https:\/\/agora.xtec.cat\/col-imma-lloret\/wp-json\/wp\/v2\/posts\/1282","targetHints":{"allow":["GET"]}}],"collection":[{"href":"https:\/\/agora.xtec.cat\/col-imma-lloret\/wp-json\/wp\/v2\/posts"}],"about":[{"href":"https:\/\/agora.xtec.cat\/col-imma-lloret\/wp-json\/wp\/v2\/types\/post"}],"author":[{"embeddable":true,"href":"https:\/\/agora.xtec.cat\/col-imma-lloret\/wp-json\/wp\/v2\/users\/1"}],"replies":[{"embeddable":true,"href":"https:\/\/agora.xtec.cat\/col-imma-lloret\/wp-json\/wp\/v2\/comments?post=1282"}],"version-history":[{"count":1,"href":"https:\/\/agora.xtec.cat\/col-imma-lloret\/wp-json\/wp\/v2\/posts\/1282\/revisions"}],"predecessor-version":[{"id":27143,"href":"https:\/\/agora.xtec.cat\/col-imma-lloret\/wp-json\/wp\/v2\/posts\/1282\/revisions\/27143"}],"wp:attachment":[{"href":"https:\/\/agora.xtec.cat\/col-imma-lloret\/wp-json\/wp\/v2\/media?parent=1282"}],"wp:term":[{"taxonomy":"category","embeddable":true,"href":"https:\/\/agora.xtec.cat\/col-imma-lloret\/wp-json\/wp\/v2\/categories?post=1282"},{"taxonomy":"post_tag","embeddable":true,"href":"https:\/\/agora.xtec.cat\/col-imma-lloret\/wp-json\/wp\/v2\/tags?post=1282"}],"curies":[{"name":"wp","href":"https:\/\/api.w.org\/{rel}","templated":true}]}}