{"id":1269,"date":"2015-04-23T09:56:00","date_gmt":"2015-04-23T07:56:00","guid":{"rendered":"http:\/\/agora.xtec.cat\/col-imma-lloret\/general\/conte-de-sant-jordi\/"},"modified":"2024-05-31T19:51:23","modified_gmt":"2024-05-31T17:51:23","slug":"conte-de-sant-jordi","status":"publish","type":"post","link":"https:\/\/agora.xtec.cat\/col-imma-lloret\/infantil-primaria\/infantil\/i4\/conte-de-sant-jordi\/","title":{"rendered":"Conte de Sant Jordi"},"content":{"rendered":"<p>El 23 d&#8217;abril ser\u00e0 la diada de Sant Jordi. Per comen\u00e7ar a recordar-lo aqu\u00ed teniu el drac, la princesa i a Sant Jordi en aquest conte interactiu tot clicant la imatge.<\/p>\n<div style=\"clear: both; text-align: center;\"><a href=\"http:\/\/www.edu365.cat\/primaria\/contes\/contes_spc\/jordi\/jordi07.htm\" target=\"_blank\" rel=\"noopener\"><img loading=\"lazy\" decoding=\"async\" border=\"0\" src=\"http:\/\/1.bp.blogspot.com\/-zIbgZUa6ilM\/VTC7WZAH2ZI\/AAAAAAAADsU\/Q1yVKuI1egk\/s1600\/sant%2Bjordi.JPG\" height=\"280\" width=\"320\" \/><\/a><\/div>\n<div style=\"clear: both; text-align: center;\"><\/div>\n<div style=\"clear: both; text-align: left;\"><\/div>\n<p>&nbsp;Si voleu tamb\u00e9 podeu trobar m\u00e9s activitats en aquest enlla\u00e7.&nbsp;<a href=\"http:\/\/www.edu365.cat\/stjordi\/\" target=\"_blank\" rel=\"noopener\">Activitats edu365<\/a><br \/>Que passeu una bona estona!<\/p>\n","protected":false},"excerpt":{"rendered":"<p>El 23 d&#8217;abril ser\u00e0 la diada de Sant Jordi. Per comen\u00e7ar a recordar-lo aqu\u00ed teniu el drac, la princesa i a Sant Jordi en aquest conte interactiu tot clicant la imatge.<br \/>\n<a href=\"http:\/\/www.edu365.cat\/primaria\/contes\/contes_spc\/jordi\/jordi07.htm\" target=\"_blank\" rel=\"noopener\"><\/a><\/p>\n<p>&nbsp;Si voleu tamb\u00e9 podeu trobar m\u00e9s activitats en aquest enlla\u00e7.&nbsp;<a href=\"http:\/\/www.edu365.cat\/stjordi\/\" target=\"_blank\"&hellip;  <a href=\"https:\/\/agora.xtec.cat\/col-imma-lloret\/infantil-primaria\/infantil\/i4\/conte-de-sant-jordi\/\" title=\"Read Conte de Sant Jordi\">Llegeix m\u00e9s\u00bb<\/a><\/p>\n","protected":false},"author":1,"featured_media":0,"comment_status":"open","ping_status":"closed","sticky":false,"template":"","format":"standard","meta":{"_bbp_topic_count":0,"_bbp_reply_count":0,"_bbp_total_topic_count":0,"_bbp_total_reply_count":0,"_bbp_voice_count":0,"_bbp_anonymous_reply_count":0,"_bbp_topic_count_hidden":0,"_bbp_reply_count_hidden":0,"_bbp_forum_subforum_count":0,"footnotes":""},"categories":[120,116,126],"tags":[],"class_list":["post-1269","post","type-post","status-publish","format-standard","hentry","category-2014-15","category-i4","category-nascuts-2010"],"post_mailing_queue_ids":[],"_links":{"self":[{"href":"https:\/\/agora.xtec.cat\/col-imma-lloret\/wp-json\/wp\/v2\/posts\/1269","targetHints":{"allow":["GET"]}}],"collection":[{"href":"https:\/\/agora.xtec.cat\/col-imma-lloret\/wp-json\/wp\/v2\/posts"}],"about":[{"href":"https:\/\/agora.xtec.cat\/col-imma-lloret\/wp-json\/wp\/v2\/types\/post"}],"author":[{"embeddable":true,"href":"https:\/\/agora.xtec.cat\/col-imma-lloret\/wp-json\/wp\/v2\/users\/1"}],"replies":[{"embeddable":true,"href":"https:\/\/agora.xtec.cat\/col-imma-lloret\/wp-json\/wp\/v2\/comments?post=1269"}],"version-history":[{"count":1,"href":"https:\/\/agora.xtec.cat\/col-imma-lloret\/wp-json\/wp\/v2\/posts\/1269\/revisions"}],"predecessor-version":[{"id":27043,"href":"https:\/\/agora.xtec.cat\/col-imma-lloret\/wp-json\/wp\/v2\/posts\/1269\/revisions\/27043"}],"wp:attachment":[{"href":"https:\/\/agora.xtec.cat\/col-imma-lloret\/wp-json\/wp\/v2\/media?parent=1269"}],"wp:term":[{"taxonomy":"category","embeddable":true,"href":"https:\/\/agora.xtec.cat\/col-imma-lloret\/wp-json\/wp\/v2\/categories?post=1269"},{"taxonomy":"post_tag","embeddable":true,"href":"https:\/\/agora.xtec.cat\/col-imma-lloret\/wp-json\/wp\/v2\/tags?post=1269"}],"curies":[{"name":"wp","href":"https:\/\/api.w.org\/{rel}","templated":true}]}}