{"id":12449,"date":"2019-10-16T15:54:01","date_gmt":"2019-10-16T13:54:01","guid":{"rendered":"http:\/\/agora.xtec.cat\/col-imma-lloret\/?p=12449"},"modified":"2019-10-24T14:04:14","modified_gmt":"2019-10-24T12:04:14","slug":"trobada-de-mares-i-pares-per-la-setmana-de-la-llengua-materna","status":"publish","type":"post","link":"https:\/\/agora.xtec.cat\/col-imma-lloret\/general\/trobada-de-mares-i-pares-per-la-setmana-de-la-llengua-materna\/","title":{"rendered":"Trobada de mares i pares per la Setmana de la LLengua Materna"},"content":{"rendered":"<p>Avui ens han visitat moltes mares, pares i algunes \u00e0vies i tietes per fer-nos saber quina \u00e9s la seva llengua materna i explicar-nos un conte. Ens ha agradat molt poder escoltar la sonoritat de totes les lleng\u00fces que tenen els nostres alumnes a casa seva!<\/p>\n<p>Moltes gr\u00e0cies a tots els qu\u00e8 hi heu participat: mares, pares, \u00e0vies i tietes!!!<\/p>\n<p style=\"text-align: center;\">Clica a la imatge per veure m\u00e9s fotos!<\/p>\n<p>&nbsp;<\/p>\n<p><a href=\"https:\/\/photos.app.goo.gl\/iPUBNHxbGy2hGq1U8\" target=\"_blank\" rel=\"noopener noreferrer\"><img loading=\"lazy\" decoding=\"async\" class=\"aligncenter wp-image-12481\" src=\"https:\/\/agora.xtec.cat\/col-imma-lloret\/wp-content\/uploads\/usu1420\/2019\/10\/unnamed-300x198.jpg\" alt=\"\" width=\"495\" height=\"327\" srcset=\"https:\/\/agora.xtec.cat\/col-imma-lloret\/wp-content\/uploads\/usu1420\/2019\/10\/unnamed-300x198.jpg 300w, https:\/\/agora.xtec.cat\/col-imma-lloret\/wp-content\/uploads\/usu1420\/2019\/10\/unnamed-768x506.jpg 768w, https:\/\/agora.xtec.cat\/col-imma-lloret\/wp-content\/uploads\/usu1420\/2019\/10\/unnamed-1024x674.jpg 1024w\" sizes=\"auto, (max-width: 495px) 100vw, 495px\" \/><\/a><\/p>\n<p>&nbsp;<\/p>\n","protected":false},"excerpt":{"rendered":"<p>Avui ens han visitat moltes mares, pares i algunes \u00e0vies i tietes per fer-nos saber quina \u00e9s la seva llengua materna i explicar-nos un conte. Ens ha agradat molt poder escoltar la sonoritat de totes les lleng\u00fces que tenen els nostres alumnes a casa seva!<br \/>\nMoltes&hellip;  <a href=\"https:\/\/agora.xtec.cat\/col-imma-lloret\/general\/trobada-de-mares-i-pares-per-la-setmana-de-la-llengua-materna\/\" title=\"Read Trobada de mares i pares per la Setmana de la LLengua Materna\">Llegeix m\u00e9s\u00bb<\/a><\/p>\n","protected":false},"author":1,"featured_media":12450,"comment_status":"closed","ping_status":"closed","sticky":false,"template":"","format":"standard","meta":{"_bbp_topic_count":0,"_bbp_reply_count":0,"_bbp_total_topic_count":0,"_bbp_total_reply_count":0,"_bbp_voice_count":0,"_bbp_anonymous_reply_count":0,"_bbp_topic_count_hidden":0,"_bbp_reply_count_hidden":0,"_bbp_forum_subforum_count":0,"footnotes":""},"categories":[127,533,130,1,117,113,29,103],"tags":[],"class_list":["post-12449","post","type-post","status-publish","format-standard","has-post-thumbnail","hentry","category-1r-primaria","category-2019-2020","category-2n-primaria","category-general","category-nascuts12","category-nascuts13","category-portada","category-primaria"],"post_mailing_queue_ids":[],"_links":{"self":[{"href":"https:\/\/agora.xtec.cat\/col-imma-lloret\/wp-json\/wp\/v2\/posts\/12449","targetHints":{"allow":["GET"]}}],"collection":[{"href":"https:\/\/agora.xtec.cat\/col-imma-lloret\/wp-json\/wp\/v2\/posts"}],"about":[{"href":"https:\/\/agora.xtec.cat\/col-imma-lloret\/wp-json\/wp\/v2\/types\/post"}],"author":[{"embeddable":true,"href":"https:\/\/agora.xtec.cat\/col-imma-lloret\/wp-json\/wp\/v2\/users\/1"}],"replies":[{"embeddable":true,"href":"https:\/\/agora.xtec.cat\/col-imma-lloret\/wp-json\/wp\/v2\/comments?post=12449"}],"version-history":[{"count":3,"href":"https:\/\/agora.xtec.cat\/col-imma-lloret\/wp-json\/wp\/v2\/posts\/12449\/revisions"}],"predecessor-version":[{"id":12538,"href":"https:\/\/agora.xtec.cat\/col-imma-lloret\/wp-json\/wp\/v2\/posts\/12449\/revisions\/12538"}],"wp:featuredmedia":[{"embeddable":true,"href":"https:\/\/agora.xtec.cat\/col-imma-lloret\/wp-json\/wp\/v2\/media\/12450"}],"wp:attachment":[{"href":"https:\/\/agora.xtec.cat\/col-imma-lloret\/wp-json\/wp\/v2\/media?parent=12449"}],"wp:term":[{"taxonomy":"category","embeddable":true,"href":"https:\/\/agora.xtec.cat\/col-imma-lloret\/wp-json\/wp\/v2\/categories?post=12449"},{"taxonomy":"post_tag","embeddable":true,"href":"https:\/\/agora.xtec.cat\/col-imma-lloret\/wp-json\/wp\/v2\/tags?post=12449"}],"curies":[{"name":"wp","href":"https:\/\/api.w.org\/{rel}","templated":true}]}}