{"id":1164,"date":"2016-12-21T01:26:00","date_gmt":"2016-12-21T00:26:00","guid":{"rendered":"http:\/\/agora.xtec.cat\/col-imma-lloret\/general\/festa-de-nadal-amb-els-padrins\/"},"modified":"2021-07-01T12:14:35","modified_gmt":"2021-07-01T10:14:35","slug":"festa-de-nadal-amb-els-padrins","status":"publish","type":"post","link":"https:\/\/agora.xtec.cat\/col-imma-lloret\/2016-17\/festa-de-nadal-amb-els-padrins\/","title":{"rendered":"Festa de Nadal amb els padrins"},"content":{"rendered":"<div style=\"clear: both; text-align: center;\"><a href=\"https:\/\/goo.gl\/photos\/QmCHTR8H1YPPXe7p9\" target=\"_blank\" rel=\"noopener noreferrer\"><img loading=\"lazy\" decoding=\"async\" border=\"0\" height=\"422\" src=\"https:\/\/1.bp.blogspot.com\/-t88LBsRMjCE\/WFsO_HRejGI\/AAAAAAAAJLg\/qRWSE_IVx_Euyxyjpn_09b6h5E3KO9-GgCLcB\/s640\/L1004720.JPG\" width=\"640\" \/><\/a><\/div>\n<p>No podr\u00edem haver acomiadat l&#8217;any sense haver desitjat Bon Nadal als nostres padrins. Aix\u00ed que&#8230; ells ens han fet un espectacle magn\u00edfic, nosaltres els hem cantat les nostres can\u00e7ons i tots junts ens hem intercanviat postals de Nadal ben boniques.<br \/>I per finalitzar, hem ballat tots junts com a bons padrins i fillols!!<\/p>\n<p>Gr\u00e0cies nens, nenes i tutors de 6\u00e8 per cuidar-nos tan b\u00e9!<\/p>\n","protected":false},"excerpt":{"rendered":"<p><a href=\"https:\/\/goo.gl\/photos\/QmCHTR8H1YPPXe7p9\" target=\"_blank\" rel=\"noopener noreferrer\"><\/a><br \/>\nNo podr\u00edem haver acomiadat l&#8217;any sense haver desitjat Bon Nadal als nostres padrins. Aix\u00ed que&#8230; ells ens han fet un espectacle magn\u00edfic, nosaltres els hem cantat les nostres can\u00e7ons i tots junts ens hem intercanviat postals de Nadal ben boniques.I per&hellip;  <a href=\"https:\/\/agora.xtec.cat\/col-imma-lloret\/2016-17\/festa-de-nadal-amb-els-padrins\/\" title=\"Read Festa de Nadal amb els padrins\">Llegeix m\u00e9s\u00bb<\/a><\/p>\n","protected":false},"author":1,"featured_media":0,"comment_status":"open","ping_status":"closed","sticky":false,"template":"","format":"standard","meta":{"_bbp_topic_count":0,"_bbp_reply_count":0,"_bbp_total_topic_count":0,"_bbp_total_reply_count":0,"_bbp_voice_count":0,"_bbp_anonymous_reply_count":0,"_bbp_topic_count_hidden":0,"_bbp_reply_count_hidden":0,"_bbp_forum_subforum_count":0,"footnotes":""},"categories":[127,104,126],"tags":[],"class_list":["post-1164","post","type-post","status-publish","format-standard","hentry","category-1r-primaria","category-2016-17","category-nascuts-2010"],"post_mailing_queue_ids":[],"_links":{"self":[{"href":"https:\/\/agora.xtec.cat\/col-imma-lloret\/wp-json\/wp\/v2\/posts\/1164","targetHints":{"allow":["GET"]}}],"collection":[{"href":"https:\/\/agora.xtec.cat\/col-imma-lloret\/wp-json\/wp\/v2\/posts"}],"about":[{"href":"https:\/\/agora.xtec.cat\/col-imma-lloret\/wp-json\/wp\/v2\/types\/post"}],"author":[{"embeddable":true,"href":"https:\/\/agora.xtec.cat\/col-imma-lloret\/wp-json\/wp\/v2\/users\/1"}],"replies":[{"embeddable":true,"href":"https:\/\/agora.xtec.cat\/col-imma-lloret\/wp-json\/wp\/v2\/comments?post=1164"}],"version-history":[{"count":1,"href":"https:\/\/agora.xtec.cat\/col-imma-lloret\/wp-json\/wp\/v2\/posts\/1164\/revisions"}],"predecessor-version":[{"id":22822,"href":"https:\/\/agora.xtec.cat\/col-imma-lloret\/wp-json\/wp\/v2\/posts\/1164\/revisions\/22822"}],"wp:attachment":[{"href":"https:\/\/agora.xtec.cat\/col-imma-lloret\/wp-json\/wp\/v2\/media?parent=1164"}],"wp:term":[{"taxonomy":"category","embeddable":true,"href":"https:\/\/agora.xtec.cat\/col-imma-lloret\/wp-json\/wp\/v2\/categories?post=1164"},{"taxonomy":"post_tag","embeddable":true,"href":"https:\/\/agora.xtec.cat\/col-imma-lloret\/wp-json\/wp\/v2\/tags?post=1164"}],"curies":[{"name":"wp","href":"https:\/\/api.w.org\/{rel}","templated":true}]}}