{"id":10849,"date":"2019-02-28T22:01:33","date_gmt":"2019-02-28T21:01:33","guid":{"rendered":"http:\/\/agora.xtec.cat\/col-imma-lloret\/?p=10849"},"modified":"2021-09-08T00:06:57","modified_gmt":"2021-09-07T22:06:57","slug":"protagonista-de-la-setmana-amelia-p3a","status":"publish","type":"post","link":"https:\/\/agora.xtec.cat\/col-imma-lloret\/infantil-primaria\/infantil\/protagonista-de-la-setmana-amelia-p3a\/","title":{"rendered":"Protagonista de la setmana: Amelia P3A"},"content":{"rendered":"<p>Avui han vingut a compartir una estona amb nosaltres els pares de l&#8217;Amelia. Ens han portat fotos per explicar-nos tot aix\u00f2 que li agrada fer a l&#8217;Amelia com cuinar,montar en bicicleta&#8230; i tamb\u00e9 hem pogut jugar amb les seves joguines preferides.<\/p>\n<p>Moltes gr\u00e0cies per compartir les vostres viv\u00e8ncies amb nosaltres fam\u00edlia!!!<\/p>\n<p><a href=\"https:\/\/photos.app.goo.gl\/Eg78Wof9TcThYyvx8\"><img loading=\"lazy\" decoding=\"async\" class=\"aligncenter wp-image-10850 size-medium\" src=\"https:\/\/agora.xtec.cat\/col-imma-lloret\/wp-content\/uploads\/usu1420\/2019\/02\/20190228_153749-300x169.jpg\" alt=\"\" width=\"300\" height=\"169\" srcset=\"https:\/\/agora.xtec.cat\/col-imma-lloret\/wp-content\/uploads\/usu1420\/2019\/02\/20190228_153749-300x169.jpg 300w, https:\/\/agora.xtec.cat\/col-imma-lloret\/wp-content\/uploads\/usu1420\/2019\/02\/20190228_153749-768x432.jpg 768w, https:\/\/agora.xtec.cat\/col-imma-lloret\/wp-content\/uploads\/usu1420\/2019\/02\/20190228_153749-1024x576.jpg 1024w\" sizes=\"auto, (max-width: 300px) 100vw, 300px\" \/><\/a><\/p>\n","protected":false},"excerpt":{"rendered":"<p>Avui han vingut a compartir una estona amb nosaltres els pares de l&#8217;Amelia. Ens han portat fotos per explicar-nos tot aix\u00f2 que li agrada fer a l&#8217;Amelia com cuinar,montar en bicicleta&#8230; i tamb\u00e9 hem pogut jugar amb les seves joguines preferides.<\/p>\n<p>Moltes gr\u00e0cies per compartir les vostres viv\u00e8ncies amb nosaltres fam\u00edlia!!!\u00a0<\/p>\n<p>\u00a0&hellip;  <a href=\"https:\/\/agora.xtec.cat\/col-imma-lloret\/infantil-primaria\/infantil\/protagonista-de-la-setmana-amelia-p3a\/\" title=\"Read Protagonista de la setmana: Amelia P3A\">Llegeix m\u00e9s\u00bb<\/a><\/p>\n","protected":false},"author":1,"featured_media":10850,"comment_status":"closed","ping_status":"closed","sticky":false,"template":"","format":"standard","meta":{"_bbp_topic_count":0,"_bbp_reply_count":0,"_bbp_total_topic_count":0,"_bbp_total_reply_count":0,"_bbp_voice_count":0,"_bbp_anonymous_reply_count":0,"_bbp_topic_count_hidden":0,"_bbp_reply_count_hidden":0,"_bbp_forum_subforum_count":0,"footnotes":""},"categories":[492,114,99,493],"tags":[516],"class_list":["post-10849","post","type-post","status-publish","format-standard","has-post-thumbnail","hentry","category-2018-2019","category-i3","category-infantil","category-nascuts15","tag-setmana-del-protagonista-p3"],"post_mailing_queue_ids":[],"_links":{"self":[{"href":"https:\/\/agora.xtec.cat\/col-imma-lloret\/wp-json\/wp\/v2\/posts\/10849","targetHints":{"allow":["GET"]}}],"collection":[{"href":"https:\/\/agora.xtec.cat\/col-imma-lloret\/wp-json\/wp\/v2\/posts"}],"about":[{"href":"https:\/\/agora.xtec.cat\/col-imma-lloret\/wp-json\/wp\/v2\/types\/post"}],"author":[{"embeddable":true,"href":"https:\/\/agora.xtec.cat\/col-imma-lloret\/wp-json\/wp\/v2\/users\/1"}],"replies":[{"embeddable":true,"href":"https:\/\/agora.xtec.cat\/col-imma-lloret\/wp-json\/wp\/v2\/comments?post=10849"}],"version-history":[{"count":1,"href":"https:\/\/agora.xtec.cat\/col-imma-lloret\/wp-json\/wp\/v2\/posts\/10849\/revisions"}],"predecessor-version":[{"id":10851,"href":"https:\/\/agora.xtec.cat\/col-imma-lloret\/wp-json\/wp\/v2\/posts\/10849\/revisions\/10851"}],"wp:featuredmedia":[{"embeddable":true,"href":"https:\/\/agora.xtec.cat\/col-imma-lloret\/wp-json\/wp\/v2\/media\/10850"}],"wp:attachment":[{"href":"https:\/\/agora.xtec.cat\/col-imma-lloret\/wp-json\/wp\/v2\/media?parent=10849"}],"wp:term":[{"taxonomy":"category","embeddable":true,"href":"https:\/\/agora.xtec.cat\/col-imma-lloret\/wp-json\/wp\/v2\/categories?post=10849"},{"taxonomy":"post_tag","embeddable":true,"href":"https:\/\/agora.xtec.cat\/col-imma-lloret\/wp-json\/wp\/v2\/tags?post=10849"}],"curies":[{"name":"wp","href":"https:\/\/api.w.org\/{rel}","templated":true}]}}