{"id":1066,"date":"2014-10-03T14:39:00","date_gmt":"2014-10-03T12:39:00","guid":{"rendered":"http:\/\/agora.xtec.cat\/col-imma-lloret\/general\/festa-demilie\/"},"modified":"2014-10-03T14:39:00","modified_gmt":"2014-10-03T12:39:00","slug":"festa-demilie","status":"publish","type":"post","link":"https:\/\/agora.xtec.cat\/col-imma-lloret\/infantil-primaria\/infantil\/i3\/festa-demilie\/","title":{"rendered":"FESTA D&#8217;EMILIE"},"content":{"rendered":"<p>Per celebrar la festa d&#8217;Emilie hem anat a passeig pel jard\u00ed del col\u00b7legi i hem vist les imatges d&#8217;Emilie i la Verge Maria. Tamb\u00e9 hem pintat un dibuix i l&#8217;hem deixat a la b\u00fastia de correus per l&#8217;Emilie. Ens ho hem passat molt b\u00e9.  <embed flashvars=\"host=picasaweb.google.com&amp;hl=ca&amp;feat=flashalbum&amp;RGB=0x000000&amp;feed=https%3A%2F%2Fpicasaweb.google.com%2Fdata%2Ffeed%2Fapi%2Fuser%2F108016495972097786551%2Falbumid%2F6070771210813364721%3Falt%3Drss%26kind%3Dphoto%26authkey%3DGv1sRgCMuZ0d2o16XwCw%26hl%3Dca\" height=\"433\" pluginspage=\"http:\/\/www.macromedia.com\/go\/getflashplayer\" src=\"https:\/\/photos.gstatic.com\/media\/slideshow.swf\" type=\"application\/x-shockwave-flash\" width=\"700\"><\/embed><\/p>\n","protected":false},"excerpt":{"rendered":"<p>Per celebrar la festa d&#8217;Emilie hem anat a passeig pel jard\u00ed del col\u00b7legi i hem vist les imatges d&#8217;Emilie i la Verge Maria. Tamb\u00e9 hem pintat un dibuix i l&#8217;hem deixat a la b\u00fastia de correus per l&#8217;Emilie. Ens ho hem passat molt b\u00e9. &hellip;  <a href=\"https:\/\/agora.xtec.cat\/col-imma-lloret\/infantil-primaria\/infantil\/i3\/festa-demilie\/\" title=\"Read FESTA D&#8217;EMILIE\">Llegeix m\u00e9s\u00bb<\/a><\/p>\n","protected":false},"author":15,"featured_media":0,"comment_status":"open","ping_status":"closed","sticky":false,"template":"","format":"standard","meta":{"_bbp_topic_count":0,"_bbp_reply_count":0,"_bbp_total_topic_count":0,"_bbp_total_reply_count":0,"_bbp_voice_count":0,"_bbp_anonymous_reply_count":0,"_bbp_topic_count_hidden":0,"_bbp_reply_count_hidden":0,"_bbp_forum_subforum_count":0,"footnotes":""},"categories":[120,114,118],"tags":[],"class_list":["post-1066","post","type-post","status-publish","format-standard","hentry","category-2014-15","category-i3","category-nascuts11"],"post_mailing_queue_ids":[],"_links":{"self":[{"href":"https:\/\/agora.xtec.cat\/col-imma-lloret\/wp-json\/wp\/v2\/posts\/1066","targetHints":{"allow":["GET"]}}],"collection":[{"href":"https:\/\/agora.xtec.cat\/col-imma-lloret\/wp-json\/wp\/v2\/posts"}],"about":[{"href":"https:\/\/agora.xtec.cat\/col-imma-lloret\/wp-json\/wp\/v2\/types\/post"}],"author":[{"embeddable":true,"href":"https:\/\/agora.xtec.cat\/col-imma-lloret\/wp-json\/wp\/v2\/users\/15"}],"replies":[{"embeddable":true,"href":"https:\/\/agora.xtec.cat\/col-imma-lloret\/wp-json\/wp\/v2\/comments?post=1066"}],"version-history":[{"count":0,"href":"https:\/\/agora.xtec.cat\/col-imma-lloret\/wp-json\/wp\/v2\/posts\/1066\/revisions"}],"wp:attachment":[{"href":"https:\/\/agora.xtec.cat\/col-imma-lloret\/wp-json\/wp\/v2\/media?parent=1066"}],"wp:term":[{"taxonomy":"category","embeddable":true,"href":"https:\/\/agora.xtec.cat\/col-imma-lloret\/wp-json\/wp\/v2\/categories?post=1066"},{"taxonomy":"post_tag","embeddable":true,"href":"https:\/\/agora.xtec.cat\/col-imma-lloret\/wp-json\/wp\/v2\/tags?post=1066"}],"curies":[{"name":"wp","href":"https:\/\/api.w.org\/{rel}","templated":true}]}}