{"id":10625,"date":"2019-02-11T19:12:13","date_gmt":"2019-02-11T18:12:13","guid":{"rendered":"http:\/\/agora.xtec.cat\/col-imma-lloret\/?p=10625"},"modified":"2021-09-08T00:07:04","modified_gmt":"2021-09-07T22:07:04","slug":"iasmina-ens-fa-una-sessio-en-angles","status":"publish","type":"post","link":"https:\/\/agora.xtec.cat\/col-imma-lloret\/infantil-primaria\/infantil\/iasmina-ens-fa-una-sessio-en-angles\/","title":{"rendered":"Iasmina ens fa una sessi\u00f3 en angl\u00e8s"},"content":{"rendered":"<p>Amb motiu de la setmana de l&#8217;English Week la tieta de l&#8217;Elsa ens ha preparat una sessi\u00f3\u00a0 amb diferents activitats: hem ballat,hem escoltat un conte &#8230;.. i tot en angl\u00e8s!!<\/p>\n<p>Ens ho hem passat d&#8217;all\u00f2 m\u00e9s b\u00e9!! Moltes gr\u00e0cies Iasmina!!<\/p>\n<p><a href=\"https:\/\/photos.app.goo.gl\/E54v7MgXZpF3sZpV8\"><img loading=\"lazy\" decoding=\"async\" class=\"aligncenter wp-image-10627 size-medium\" src=\"https:\/\/agora.xtec.cat\/col-imma-lloret\/wp-content\/uploads\/usu1420\/2019\/02\/20190208_121331-300x225.jpg\" alt=\"\" width=\"300\" height=\"225\" srcset=\"https:\/\/agora.xtec.cat\/col-imma-lloret\/wp-content\/uploads\/usu1420\/2019\/02\/20190208_121331-300x225.jpg 300w, https:\/\/agora.xtec.cat\/col-imma-lloret\/wp-content\/uploads\/usu1420\/2019\/02\/20190208_121331-768x576.jpg 768w, https:\/\/agora.xtec.cat\/col-imma-lloret\/wp-content\/uploads\/usu1420\/2019\/02\/20190208_121331-1024x768.jpg 1024w, https:\/\/agora.xtec.cat\/col-imma-lloret\/wp-content\/uploads\/usu1420\/2019\/02\/20190208_121331-200x150.jpg 200w\" sizes=\"auto, (max-width: 300px) 100vw, 300px\" \/><\/a><\/p>\n","protected":false},"excerpt":{"rendered":"<p>Amb motiu de la setmana de l&#8217;english week la tieta de l&#8217;Elsa ens ha preparat una sessi\u00f3\u00a0 amb diferents activitats: hem ballat,hem escoltat un conte &#8230;.. i tot en angl\u00e8s!!<\/p>\n<p>Ens ho hem passat d&#8217;all\u00f2 m\u00e9s b\u00e9!! Moltes gr\u00e0cies Iasmina!!\u00a0&hellip;  <a href=\"https:\/\/agora.xtec.cat\/col-imma-lloret\/infantil-primaria\/infantil\/iasmina-ens-fa-una-sessio-en-angles\/\" title=\"Read Iasmina ens fa una sessi\u00f3 en angl\u00e8s\">Llegeix m\u00e9s\u00bb<\/a><\/p>\n","protected":false},"author":1,"featured_media":10627,"comment_status":"closed","ping_status":"closed","sticky":false,"template":"","format":"standard","meta":{"_bbp_topic_count":0,"_bbp_reply_count":0,"_bbp_total_topic_count":0,"_bbp_total_reply_count":0,"_bbp_voice_count":0,"_bbp_anonymous_reply_count":0,"_bbp_topic_count_hidden":0,"_bbp_reply_count_hidden":0,"_bbp_forum_subforum_count":0,"footnotes":""},"categories":[492,114,99,493],"tags":[462,501,502],"class_list":["post-10625","post","type-post","status-publish","format-standard","has-post-thumbnail","hentry","category-2018-2019","category-i3","category-infantil","category-nascuts15","tag-english-week","tag-infantil","tag-p3"],"post_mailing_queue_ids":[],"_links":{"self":[{"href":"https:\/\/agora.xtec.cat\/col-imma-lloret\/wp-json\/wp\/v2\/posts\/10625","targetHints":{"allow":["GET"]}}],"collection":[{"href":"https:\/\/agora.xtec.cat\/col-imma-lloret\/wp-json\/wp\/v2\/posts"}],"about":[{"href":"https:\/\/agora.xtec.cat\/col-imma-lloret\/wp-json\/wp\/v2\/types\/post"}],"author":[{"embeddable":true,"href":"https:\/\/agora.xtec.cat\/col-imma-lloret\/wp-json\/wp\/v2\/users\/1"}],"replies":[{"embeddable":true,"href":"https:\/\/agora.xtec.cat\/col-imma-lloret\/wp-json\/wp\/v2\/comments?post=10625"}],"version-history":[{"count":1,"href":"https:\/\/agora.xtec.cat\/col-imma-lloret\/wp-json\/wp\/v2\/posts\/10625\/revisions"}],"predecessor-version":[{"id":10628,"href":"https:\/\/agora.xtec.cat\/col-imma-lloret\/wp-json\/wp\/v2\/posts\/10625\/revisions\/10628"}],"wp:featuredmedia":[{"embeddable":true,"href":"https:\/\/agora.xtec.cat\/col-imma-lloret\/wp-json\/wp\/v2\/media\/10627"}],"wp:attachment":[{"href":"https:\/\/agora.xtec.cat\/col-imma-lloret\/wp-json\/wp\/v2\/media?parent=10625"}],"wp:term":[{"taxonomy":"category","embeddable":true,"href":"https:\/\/agora.xtec.cat\/col-imma-lloret\/wp-json\/wp\/v2\/categories?post=10625"},{"taxonomy":"post_tag","embeddable":true,"href":"https:\/\/agora.xtec.cat\/col-imma-lloret\/wp-json\/wp\/v2\/tags?post=10625"}],"curies":[{"name":"wp","href":"https:\/\/api.w.org\/{rel}","templated":true}]}}