{"id":1010,"date":"2016-01-22T11:48:00","date_gmt":"2016-01-22T10:48:00","guid":{"rendered":"http:\/\/agora.xtec.cat\/col-imma-lloret\/general\/lantic-egipte-pel-nostre-carnaval\/"},"modified":"2016-01-22T11:48:00","modified_gmt":"2016-01-22T10:48:00","slug":"lantic-egipte-pel-nostre-carnaval","status":"publish","type":"post","link":"https:\/\/agora.xtec.cat\/col-imma-lloret\/infantil-primaria\/infantil\/i4\/lantic-egipte-pel-nostre-carnaval\/","title":{"rendered":"L&#8217;Antic Egipte pel nostre carnaval"},"content":{"rendered":"<div style=\"clear: both; text-align: center;\"><\/div>\n<div style=\"margin-left: 1em; margin-right: 1em;\"><img loading=\"lazy\" decoding=\"async\" alt=\"L'ANTIC EGIPTE\" height=\"260\" src=\"http:\/\/2.bp.blogspot.com\/-Fa0qDu81aTw\/VpzDNdk-1aI\/AAAAAAAAA-Q\/t_vjJ0Gk8Mk\/s400\/EGIPTE.jpg\" width=\"400\" \/><\/div>\n<div style=\"margin-left: 1em; margin-right: 1em;\"><\/div>\n<p><span style=\"background-color: white; color: #222222; font-family: Arial, Tahoma, Helvetica, FreeSans, sans-serif; font-size: 15.4px; line-height: 21.56px;\">Aquestes setmanes parlarem d&#8217;Egipte (hist\u00f2ria, geografia, arquitectura) i aix\u00ed quan arribi Carnaval en sabrem m\u00e9s.&nbsp;<\/span><br style=\"background-color: white; color: #222222; font-family: Arial, Tahoma, Helvetica, FreeSans, sans-serif; font-size: 15.4px; line-height: 21.56px;\" \/><span style=\"background-color: white; color: #222222; font-family: Arial, Tahoma, Helvetica, FreeSans, sans-serif; font-size: 15.4px; line-height: 21.56px;\">Us demanem que col\u00b7laboreu portant alguna manualitat per decorar el passad\u00eds, o b\u00e9 llibres i altres objectes que tingueu per fer una exposici\u00f3.<\/span><br style=\"background-color: white; color: #222222; font-family: Arial, Tahoma, Helvetica, FreeSans, sans-serif; font-size: 15.4px; line-height: 21.56px;\" \/><span style=\"background-color: white; color: #222222; font-family: Arial, Tahoma, Helvetica, FreeSans, sans-serif; font-size: 15.4px; line-height: 21.56px;\">Ho podeu portar des del 18 fins al 30 de gener.<\/span><\/p>\n","protected":false},"excerpt":{"rendered":"<p>Aquestes setmanes parlarem d&#8217;Egipte (hist\u00f2ria, geografia, arquitectura) i aix\u00ed quan arribi Carnaval en sabrem m\u00e9s.&nbsp;Us demanem que col\u00b7laboreu portant alguna manualitat per decorar el passad\u00eds, o b\u00e9 llibres i altres objectes que tingueu per fer una exposici\u00f3.Ho podeu portar des del 18 fins al 30&hellip;  <a href=\"https:\/\/agora.xtec.cat\/col-imma-lloret\/infantil-primaria\/infantil\/i4\/lantic-egipte-pel-nostre-carnaval\/\" title=\"Read L&#8217;Antic Egipte pel nostre carnaval\">Llegeix m\u00e9s\u00bb<\/a><\/p>\n","protected":false},"author":15,"featured_media":0,"comment_status":"open","ping_status":"closed","sticky":false,"template":"","format":"standard","meta":{"_bbp_topic_count":0,"_bbp_reply_count":0,"_bbp_total_topic_count":0,"_bbp_total_reply_count":0,"_bbp_voice_count":0,"_bbp_anonymous_reply_count":0,"_bbp_topic_count_hidden":0,"_bbp_reply_count_hidden":0,"_bbp_forum_subforum_count":0,"footnotes":""},"categories":[119,116,118],"tags":[],"class_list":["post-1010","post","type-post","status-publish","format-standard","hentry","category-2015-16","category-i4","category-nascuts11"],"post_mailing_queue_ids":[],"_links":{"self":[{"href":"https:\/\/agora.xtec.cat\/col-imma-lloret\/wp-json\/wp\/v2\/posts\/1010","targetHints":{"allow":["GET"]}}],"collection":[{"href":"https:\/\/agora.xtec.cat\/col-imma-lloret\/wp-json\/wp\/v2\/posts"}],"about":[{"href":"https:\/\/agora.xtec.cat\/col-imma-lloret\/wp-json\/wp\/v2\/types\/post"}],"author":[{"embeddable":true,"href":"https:\/\/agora.xtec.cat\/col-imma-lloret\/wp-json\/wp\/v2\/users\/15"}],"replies":[{"embeddable":true,"href":"https:\/\/agora.xtec.cat\/col-imma-lloret\/wp-json\/wp\/v2\/comments?post=1010"}],"version-history":[{"count":0,"href":"https:\/\/agora.xtec.cat\/col-imma-lloret\/wp-json\/wp\/v2\/posts\/1010\/revisions"}],"wp:attachment":[{"href":"https:\/\/agora.xtec.cat\/col-imma-lloret\/wp-json\/wp\/v2\/media?parent=1010"}],"wp:term":[{"taxonomy":"category","embeddable":true,"href":"https:\/\/agora.xtec.cat\/col-imma-lloret\/wp-json\/wp\/v2\/categories?post=1010"},{"taxonomy":"post_tag","embeddable":true,"href":"https:\/\/agora.xtec.cat\/col-imma-lloret\/wp-json\/wp\/v2\/tags?post=1010"}],"curies":[{"name":"wp","href":"https:\/\/api.w.org\/{rel}","templated":true}]}}