{"id":1942,"date":"2025-10-13T09:29:15","date_gmt":"2025-10-13T07:29:15","guid":{"rendered":"https:\/\/agora.xtec.cat\/col-carmelites\/?p=1942"},"modified":"2025-10-13T09:29:31","modified_gmt":"2025-10-13T07:29:31","slug":"segona-experiencia-personal-en-el-programa-de-radio","status":"publish","type":"post","link":"https:\/\/agora.xtec.cat\/col-carmelites\/general\/segona-experiencia-personal-en-el-programa-de-radio\/","title":{"rendered":"Segona experi\u00e8ncia personal en el programa de r\u00e0dio"},"content":{"rendered":"<p>Aquest segon programa de r\u00e0dio m&#8217;a agradat molt, el gui\u00f3 era molt complet, fins i tot que hi havia paraules que no entenia o em resultaven dif\u00edcils de pronunciar, per\u00f2, a poc a poc vaig aconseguir dir-les millor, el programa tractava sobre una persona de tercera edad que va aconseguir molts assoliments en la seva vida , tamb\u00e9 va escriure molts llibres, el tema sincerament era una cosa una mica avorrida per\u00f2 tot y aix\u00ed, l&#8217;experi\u00e8ncia a estat una mica divertida perqu\u00e8 a l&#8217;haver paraules noves alguns reien d&#8217;uns altres incloent-me (tamb\u00e9 fallava paraules per\u00f2 aix\u00ed i tot em reia del meu mateix).<br \/>\nEl programa tamb\u00e9 parlava de coses que les persones no li donem molta import\u00e0ncia, per exemple les lleng\u00fces, \u00e9s una de les coses que molta gent no li importa per\u00f2 en realitat \u00e9s molt important.<\/p>\n<p>En conclusi\u00f3 el programa va ser divertit i alhora avorrit per\u00f2 va ser una molt bona experi\u00e8ncia.<\/p>\n<p>Xavier Mut.<\/p>\n","protected":false},"excerpt":{"rendered":"<p>Aquest segon programa de r\u00e0dio m&#8217;a agradat molt, el gui\u00f3 era molt complet, fins i tot que hi havia paraules que no entenia o em resultaven dif\u00edcils de pronunciar, per\u00f2, a poc a poc vaig aconseguir dir-les millor, el programa tractava sobre una persona de&hellip;  <a href=\"https:\/\/agora.xtec.cat\/col-carmelites\/general\/segona-experiencia-personal-en-el-programa-de-radio\/\" title=\"Read Segona experi\u00e8ncia personal en el programa de r\u00e0dio\">Llegeix m\u00e9s\u00bb<\/a><\/p>\n","protected":false},"author":78,"featured_media":0,"comment_status":"open","ping_status":"open","sticky":false,"template":"","format":"standard","meta":{"_bbp_topic_count":0,"_bbp_reply_count":0,"_bbp_total_topic_count":0,"_bbp_total_reply_count":0,"_bbp_voice_count":0,"_bbp_anonymous_reply_count":0,"_bbp_topic_count_hidden":0,"_bbp_reply_count_hidden":0,"_bbp_forum_subforum_count":0,"footnotes":""},"categories":[170,1,29,169],"tags":[],"class_list":["post-1942","post","type-post","status-publish","format-standard","hentry","category-articles-dopinio-25-26","category-general","category-portada","category-programes-4t-eso-25-26"],"post_mailing_queue_ids":[],"_links":{"self":[{"href":"https:\/\/agora.xtec.cat\/col-carmelites\/wp-json\/wp\/v2\/posts\/1942","targetHints":{"allow":["GET"]}}],"collection":[{"href":"https:\/\/agora.xtec.cat\/col-carmelites\/wp-json\/wp\/v2\/posts"}],"about":[{"href":"https:\/\/agora.xtec.cat\/col-carmelites\/wp-json\/wp\/v2\/types\/post"}],"author":[{"embeddable":true,"href":"https:\/\/agora.xtec.cat\/col-carmelites\/wp-json\/wp\/v2\/users\/78"}],"replies":[{"embeddable":true,"href":"https:\/\/agora.xtec.cat\/col-carmelites\/wp-json\/wp\/v2\/comments?post=1942"}],"version-history":[{"count":2,"href":"https:\/\/agora.xtec.cat\/col-carmelites\/wp-json\/wp\/v2\/posts\/1942\/revisions"}],"predecessor-version":[{"id":1952,"href":"https:\/\/agora.xtec.cat\/col-carmelites\/wp-json\/wp\/v2\/posts\/1942\/revisions\/1952"}],"wp:attachment":[{"href":"https:\/\/agora.xtec.cat\/col-carmelites\/wp-json\/wp\/v2\/media?parent=1942"}],"wp:term":[{"taxonomy":"category","embeddable":true,"href":"https:\/\/agora.xtec.cat\/col-carmelites\/wp-json\/wp\/v2\/categories?post=1942"},{"taxonomy":"post_tag","embeddable":true,"href":"https:\/\/agora.xtec.cat\/col-carmelites\/wp-json\/wp\/v2\/tags?post=1942"}],"curies":[{"name":"wp","href":"https:\/\/api.w.org\/{rel}","templated":true}]}}