{"id":974,"date":"2018-12-02T21:11:00","date_gmt":"2018-12-02T20:11:00","guid":{"rendered":"https:\/\/agora.xtec.cat\/col-alfageme-barcelona\/general\/padrins-lectors-6e-i-2n-4\/"},"modified":"2018-12-02T21:11:00","modified_gmt":"2018-12-02T20:11:00","slug":"padrins-lectors-6e-i-2n-4","status":"publish","type":"post","link":"https:\/\/agora.xtec.cat\/col-alfageme-barcelona\/educacio-primaria\/padrins-lectors-6e-i-2n-4\/","title":{"rendered":"Padrins lectors 6\u00e8 i 2n"},"content":{"rendered":"<p><\/p>\n<div style=\"text-align: center;\"><span style=\"font-family: Arial, Helvetica, sans-serif;\">Els nens i les nenes de 6\u00e8 han comen\u00e7at ja a fer de &#8216;padrins lectors&#8217; als nens i les nenes de 2n. Tenen el mateix padr\u00ed-fillol que tenien el curs passat, fet que els fa molta il.lusi\u00f3.<\/span><\/div>\n<div style=\"text-align: center;\"><span style=\"font-family: Arial, Helvetica, sans-serif;\"><br \/><\/span><\/div>\n<div style=\"clear: both; text-align: center;\"><a href=\"https:\/\/1.bp.blogspot.com\/-c9H34hmxNvE\/XAQq2Z0LlgI\/AAAAAAAAEAE\/hkhxuFW2aOsYBD3DcCM2H00SkmVSgXwOwCLcBGAs\/s1600\/1112.jpg\" style=\"margin-left: 1em; margin-right: 1em;\"><img loading=\"lazy\" decoding=\"async\" border=\"0\" data-original-height=\"890\" data-original-width=\"1600\" height=\"221\" src=\"https:\/\/1.bp.blogspot.com\/-c9H34hmxNvE\/XAQq2Z0LlgI\/AAAAAAAAEAE\/hkhxuFW2aOsYBD3DcCM2H00SkmVSgXwOwCLcBGAs\/s400\/1112.jpg\" width=\"400\" \/><\/a><\/div>\n<p>&nbsp; &nbsp; &nbsp; &nbsp; &nbsp; &nbsp; &nbsp; &nbsp; &nbsp; &nbsp; &nbsp; &nbsp; &nbsp; &nbsp; <a href=\"https:\/\/2.bp.blogspot.com\/-IMNaW6iMUcg\/XAQrqdd24bI\/AAAAAAAAEAg\/O9FEeqQCELkdqBiT5XFB_EbPDpOQWvGkwCLcBGAs\/s1600\/silvia.jpg\" style=\"margin-left: 1em; margin-right: 1em; text-align: center;\"><img loading=\"lazy\" decoding=\"async\" border=\"0\" data-original-height=\"1600\" data-original-width=\"1600\" height=\"400\" src=\"https:\/\/2.bp.blogspot.com\/-IMNaW6iMUcg\/XAQrqdd24bI\/AAAAAAAAEAg\/O9FEeqQCELkdqBiT5XFB_EbPDpOQWvGkwCLcBGAs\/s400\/silvia.jpg\" width=\"400\" \/><\/a><\/p>\n<div style=\"clear: both; text-align: center;\"><\/div>\n<p><\/p>\n<div style=\"clear: both; text-align: center;\"><a href=\"https:\/\/3.bp.blogspot.com\/-wTjxEBUT_nE\/XAQq8LyCHKI\/AAAAAAAAEAI\/UC7b9waXD9gb9bDWlJUZ0zv3nlRYB5hVgCLcBGAs\/s1600\/cati.jpg\" style=\"margin-left: 1em; margin-right: 1em;\"><img loading=\"lazy\" decoding=\"async\" border=\"0\" data-original-height=\"1600\" data-original-width=\"1600\" height=\"400\" src=\"https:\/\/3.bp.blogspot.com\/-wTjxEBUT_nE\/XAQq8LyCHKI\/AAAAAAAAEAI\/UC7b9waXD9gb9bDWlJUZ0zv3nlRYB5hVgCLcBGAs\/s400\/cati.jpg\" width=\"400\" \/><\/a><\/div>\n<div style=\"clear: both; text-align: center;\"><a href=\"https:\/\/3.bp.blogspot.com\/-sBj9QbejioQ\/XAQq_Hio_fI\/AAAAAAAAEAM\/g0NTjXsNNPQSgWuYwVxxpNwHtoh3x9C3gCLcBGAs\/s1600\/47384266_2447223772017208_3789235743004557312_n.jpg\" style=\"margin-left: 1em; margin-right: 1em;\"><img loading=\"lazy\" decoding=\"async\" border=\"0\" data-original-height=\"720\" data-original-width=\"960\" height=\"300\" src=\"https:\/\/3.bp.blogspot.com\/-sBj9QbejioQ\/XAQq_Hio_fI\/AAAAAAAAEAM\/g0NTjXsNNPQSgWuYwVxxpNwHtoh3x9C3gCLcBGAs\/s400\/47384266_2447223772017208_3789235743004557312_n.jpg\" width=\"400\" \/><\/a><\/div>\n<div style=\"clear: both; text-align: center;\"><\/div>\n<div style=\"clear: both; text-align: center;\"><a href=\"https:\/\/3.bp.blogspot.com\/-D--jNIOPNBM\/XAQsX32QMiI\/AAAAAAAAEAs\/81YqgK0ExUslSQ64rTWTXzQ7DpBSydPxwCLcBGAs\/s1600\/moni.jpg\" style=\"margin-left: 1em; margin-right: 1em;\"><img loading=\"lazy\" decoding=\"async\" border=\"0\" data-original-height=\"1600\" data-original-width=\"1600\" height=\"400\" src=\"https:\/\/3.bp.blogspot.com\/-D--jNIOPNBM\/XAQsX32QMiI\/AAAAAAAAEAs\/81YqgK0ExUslSQ64rTWTXzQ7DpBSydPxwCLcBGAs\/s400\/moni.jpg\" width=\"400\" \/><\/a><\/div>\n<p>&nbsp; &nbsp; &nbsp; &nbsp; &nbsp; &nbsp; &nbsp; &nbsp; &nbsp; &nbsp; &nbsp; &nbsp; &nbsp; &nbsp;&nbsp;<a href=\"https:\/\/4.bp.blogspot.com\/-wKn5HwDuI8g\/XAQsX0X_BnI\/AAAAAAAAEAo\/NsLNOtVw5REsX4zoXvEtqBlJsJNKN_X4gCLcBGAs\/s1600\/monii.jpg\" style=\"margin-left: 1em; margin-right: 1em; text-align: center;\"><img loading=\"lazy\" decoding=\"async\" border=\"0\" data-original-height=\"800\" data-original-width=\"1600\" height=\"200\" src=\"https:\/\/4.bp.blogspot.com\/-wKn5HwDuI8g\/XAQsX0X_BnI\/AAAAAAAAEAo\/NsLNOtVw5REsX4zoXvEtqBlJsJNKN_X4gCLcBGAs\/s400\/monii.jpg\" width=\"400\" \/><\/a><\/p>\n<div style=\"clear: both; text-align: center;\"><\/div>\n<p><\/p>\n","protected":false},"excerpt":{"rendered":"<p>Els nens i les nenes de 6\u00e8 han comen\u00e7at ja a fer de &#8216;padrins lectors&#8217; als nens i les nenes de 2n. Tenen el mateix padr\u00ed-fillol que tenien el curs passat, fet que els fa molta il.lusi\u00f3.<\/p>\n<p><a href=\"https:\/\/1.bp.blogspot.com\/-c9H34hmxNvE\/XAQq2Z0LlgI\/AAAAAAAAEAE\/hkhxuFW2aOsYBD3DcCM2H00SkmVSgXwOwCLcBGAs\/s1600\/1112.jpg\" style=\"margin-left: 1em; margin-right: 1em;\"><\/a><br \/>\n&nbsp; &nbsp; &nbsp; &nbsp;&hellip;  <a href=\"https:\/\/agora.xtec.cat\/col-alfageme-barcelona\/educacio-primaria\/padrins-lectors-6e-i-2n-4\/\" title=\"Read Padrins lectors 6\u00e8 i 2n\">Llegeix m\u00e9s\u00bb<\/a><\/p>\n","protected":false},"author":3,"featured_media":0,"comment_status":"open","ping_status":"closed","sticky":false,"template":"","format":"standard","meta":{"_bbp_topic_count":0,"_bbp_reply_count":0,"_bbp_total_topic_count":0,"_bbp_total_reply_count":0,"_bbp_voice_count":0,"_bbp_anonymous_reply_count":0,"_bbp_topic_count_hidden":0,"_bbp_reply_count_hidden":0,"_bbp_forum_subforum_count":0,"footnotes":""},"categories":[60,62],"tags":[],"class_list":["post-974","post","type-post","status-publish","format-standard","hentry","category-educacio-primaria","category-foment-de-la-lectura"],"post_mailing_queue_ids":[],"_links":{"self":[{"href":"https:\/\/agora.xtec.cat\/col-alfageme-barcelona\/wp-json\/wp\/v2\/posts\/974","targetHints":{"allow":["GET"]}}],"collection":[{"href":"https:\/\/agora.xtec.cat\/col-alfageme-barcelona\/wp-json\/wp\/v2\/posts"}],"about":[{"href":"https:\/\/agora.xtec.cat\/col-alfageme-barcelona\/wp-json\/wp\/v2\/types\/post"}],"author":[{"embeddable":true,"href":"https:\/\/agora.xtec.cat\/col-alfageme-barcelona\/wp-json\/wp\/v2\/users\/3"}],"replies":[{"embeddable":true,"href":"https:\/\/agora.xtec.cat\/col-alfageme-barcelona\/wp-json\/wp\/v2\/comments?post=974"}],"version-history":[{"count":0,"href":"https:\/\/agora.xtec.cat\/col-alfageme-barcelona\/wp-json\/wp\/v2\/posts\/974\/revisions"}],"wp:attachment":[{"href":"https:\/\/agora.xtec.cat\/col-alfageme-barcelona\/wp-json\/wp\/v2\/media?parent=974"}],"wp:term":[{"taxonomy":"category","embeddable":true,"href":"https:\/\/agora.xtec.cat\/col-alfageme-barcelona\/wp-json\/wp\/v2\/categories?post=974"},{"taxonomy":"post_tag","embeddable":true,"href":"https:\/\/agora.xtec.cat\/col-alfageme-barcelona\/wp-json\/wp\/v2\/tags?post=974"}],"curies":[{"name":"wp","href":"https:\/\/api.w.org\/{rel}","templated":true}]}}