{"id":9204,"date":"2023-06-24T20:49:17","date_gmt":"2023-06-24T18:49:17","guid":{"rendered":"https:\/\/agora.xtec.cat\/col-alfageme-barcelona\/?p=9204"},"modified":"2023-06-26T09:03:12","modified_gmt":"2023-06-26T07:03:12","slug":"projecte-de-socials-de-cicle-superior-country-league","status":"publish","type":"post","link":"https:\/\/agora.xtec.cat\/col-alfageme-barcelona\/general\/projecte-de-socials-de-cicle-superior-country-league\/","title":{"rendered":"Projecte de socials de Cicle Superior: Country League"},"content":{"rendered":"<p>En aquest projecte, hem integrat l&#8217;aprenentatge de la geografia d&#8217;una manera \u00fanica i emocionant, a trav\u00e9s d&#8217;un projecte basat en la lliga de futbol KingsLeague. Ens han envoltat la passi\u00f3 pel futbol i la curiositat per explorar diferents pa\u00efsos i cultures.<\/p>\n<p>Amb l&#8217;objectiu d&#8217;enriquir el coneixement geogr\u00e0fic dels nostres alumnes, hem organitzat jornades d&#8217;entrenament i partits basats en aquesta lliga. Cada setmana, els alumnes han treballat temes geogr\u00e0fics rellevants com els continents, pa\u00efsos i capitals del m\u00f3n.<\/p>\n<p>Durant les jornades d&#8217;entrenament, els alumnes han estudiat i preparat els continguts de forma l\u00fadica i interactiva. Han explorat els diferents pa\u00efsos, investigat sobre la seva cultura, descobert les seves peculiaritats i apr\u00e8s fets interessants. Mitjan\u00e7ant recursos multim\u00e8dia, jocs de taula, mapes i v\u00eddeos interactius, hem mantingut l&#8217;entusiasme i l&#8217;inter\u00e8s constant en l&#8217;aprenentatge de la geografia.<\/p>\n<p>Les jornades de partits han estat el moment culminant de cada setmana. Els alumnes han tingut l&#8217;oportunitat de posar en pr\u00e0ctica els continguts adquirits en un escenari competitiu i divertit. Cada equip de la Country League ha tingut la missi\u00f3 d&#8217;enfrontar-se en emocionants partits on han hagut d&#8217;aplicar el seu coneixement geogr\u00e0fic per guanyar els diferents reptes plantejats. A cada jornada de partit han hagut d&#8217;enfrontar-se a un repte nou com ara: cursa de relleus on havien de relacionar els diferents \u00edtems d&#8217;Europa, concursos de preguntes r\u00e0pides d&#8217;Oceania, kahoots de Sud-Am\u00e8rica\u00a0i molt m\u00e9s.<\/p>\n<p>Aquest projecte ha brindat als nostres alumnes una experi\u00e8ncia educativa rica i significativa. Han apr\u00e8s geografia d&#8217;una manera innovadora i ampliant la seva visi\u00f3 del m\u00f3n. Han desenvolupat habilitats de treball en equip, comunicaci\u00f3, resoluci\u00f3 de problemes i pensament cr\u00edtic mentre s&#8217;immersien en aquest emocionant univers.<\/p>\n<p>Estem impressionats per l&#8217;entusiasme, l&#8217;inter\u00e8s i l&#8217;aprenentatge que els nostres alumnes han demostrat al llarg d&#8217;aquest projecte. Han mostrat una gran dedicaci\u00f3 i curiositat per descobrir noves cultures.<\/p>\n<p>FOTOGRAFIES DE LES DIFERENTS JORNADES:<\/p>\n<p>&nbsp;<\/p>\n<p><strong>Jornada 1 &#8211; 5\u00e8<\/strong><\/p>\n<p><img loading=\"lazy\" decoding=\"async\" class=\"alignnone wp-image-9228\" src=\"https:\/\/agora.xtec.cat\/col-alfageme-barcelona\/wp-content\/uploads\/usu2634\/2023\/06\/IMG_6484-min-1024x626.jpg\" alt=\"\" width=\"448\" height=\"274\" srcset=\"https:\/\/agora.xtec.cat\/col-alfageme-barcelona\/wp-content\/uploads\/usu2634\/2023\/06\/IMG_6484-min-1024x626.jpg 1024w, https:\/\/agora.xtec.cat\/col-alfageme-barcelona\/wp-content\/uploads\/usu2634\/2023\/06\/IMG_6484-min-300x183.jpg 300w, https:\/\/agora.xtec.cat\/col-alfageme-barcelona\/wp-content\/uploads\/usu2634\/2023\/06\/IMG_6484-min-768x470.jpg 768w, https:\/\/agora.xtec.cat\/col-alfageme-barcelona\/wp-content\/uploads\/usu2634\/2023\/06\/IMG_6484-min-1536x939.jpg 1536w, https:\/\/agora.xtec.cat\/col-alfageme-barcelona\/wp-content\/uploads\/usu2634\/2023\/06\/IMG_6484-min-2048x1252.jpg 2048w\" sizes=\"auto, (max-width: 448px) 100vw, 448px\" \/> <img loading=\"lazy\" decoding=\"async\" class=\"alignnone wp-image-9229\" src=\"https:\/\/agora.xtec.cat\/col-alfageme-barcelona\/wp-content\/uploads\/usu2634\/2023\/06\/IMG_6485-min-1024x591.jpg\" alt=\"\" width=\"446\" height=\"258\" srcset=\"https:\/\/agora.xtec.cat\/col-alfageme-barcelona\/wp-content\/uploads\/usu2634\/2023\/06\/IMG_6485-min-1024x591.jpg 1024w, https:\/\/agora.xtec.cat\/col-alfageme-barcelona\/wp-content\/uploads\/usu2634\/2023\/06\/IMG_6485-min-300x173.jpg 300w, https:\/\/agora.xtec.cat\/col-alfageme-barcelona\/wp-content\/uploads\/usu2634\/2023\/06\/IMG_6485-min-768x443.jpg 768w, https:\/\/agora.xtec.cat\/col-alfageme-barcelona\/wp-content\/uploads\/usu2634\/2023\/06\/IMG_6485-min-1536x887.jpg 1536w, https:\/\/agora.xtec.cat\/col-alfageme-barcelona\/wp-content\/uploads\/usu2634\/2023\/06\/IMG_6485-min-2048x1182.jpg 2048w\" sizes=\"auto, (max-width: 446px) 100vw, 446px\" \/> <img loading=\"lazy\" decoding=\"async\" class=\"alignnone wp-image-9230\" src=\"https:\/\/agora.xtec.cat\/col-alfageme-barcelona\/wp-content\/uploads\/usu2634\/2023\/06\/IMG_6486-min-1024x706.jpg\" alt=\"\" width=\"446\" height=\"307\" srcset=\"https:\/\/agora.xtec.cat\/col-alfageme-barcelona\/wp-content\/uploads\/usu2634\/2023\/06\/IMG_6486-min-1024x706.jpg 1024w, https:\/\/agora.xtec.cat\/col-alfageme-barcelona\/wp-content\/uploads\/usu2634\/2023\/06\/IMG_6486-min-300x207.jpg 300w, https:\/\/agora.xtec.cat\/col-alfageme-barcelona\/wp-content\/uploads\/usu2634\/2023\/06\/IMG_6486-min-768x529.jpg 768w, https:\/\/agora.xtec.cat\/col-alfageme-barcelona\/wp-content\/uploads\/usu2634\/2023\/06\/IMG_6486-min-1536x1059.jpg 1536w, https:\/\/agora.xtec.cat\/col-alfageme-barcelona\/wp-content\/uploads\/usu2634\/2023\/06\/IMG_6486-min.jpg 1863w\" sizes=\"auto, (max-width: 446px) 100vw, 446px\" \/> <img loading=\"lazy\" decoding=\"async\" class=\"alignnone wp-image-9231\" src=\"https:\/\/agora.xtec.cat\/col-alfageme-barcelona\/wp-content\/uploads\/usu2634\/2023\/06\/IMG_6487-min-1024x674.jpg\" alt=\"\" width=\"446\" height=\"294\" srcset=\"https:\/\/agora.xtec.cat\/col-alfageme-barcelona\/wp-content\/uploads\/usu2634\/2023\/06\/IMG_6487-min-1024x674.jpg 1024w, https:\/\/agora.xtec.cat\/col-alfageme-barcelona\/wp-content\/uploads\/usu2634\/2023\/06\/IMG_6487-min-300x198.jpg 300w, https:\/\/agora.xtec.cat\/col-alfageme-barcelona\/wp-content\/uploads\/usu2634\/2023\/06\/IMG_6487-min-768x506.jpg 768w, https:\/\/agora.xtec.cat\/col-alfageme-barcelona\/wp-content\/uploads\/usu2634\/2023\/06\/IMG_6487-min-1536x1011.jpg 1536w, https:\/\/agora.xtec.cat\/col-alfageme-barcelona\/wp-content\/uploads\/usu2634\/2023\/06\/IMG_6487-min.jpg 1950w\" sizes=\"auto, (max-width: 446px) 100vw, 446px\" \/><\/p>\n<p><img loading=\"lazy\" decoding=\"async\" class=\"alignnone wp-image-9233\" src=\"https:\/\/agora.xtec.cat\/col-alfageme-barcelona\/wp-content\/uploads\/usu2634\/2023\/06\/IMG_6489-min-1024x659.jpg\" alt=\"\" width=\"444\" height=\"285\" srcset=\"https:\/\/agora.xtec.cat\/col-alfageme-barcelona\/wp-content\/uploads\/usu2634\/2023\/06\/IMG_6489-min-1024x659.jpg 1024w, https:\/\/agora.xtec.cat\/col-alfageme-barcelona\/wp-content\/uploads\/usu2634\/2023\/06\/IMG_6489-min-300x193.jpg 300w, https:\/\/agora.xtec.cat\/col-alfageme-barcelona\/wp-content\/uploads\/usu2634\/2023\/06\/IMG_6489-min-768x494.jpg 768w, https:\/\/agora.xtec.cat\/col-alfageme-barcelona\/wp-content\/uploads\/usu2634\/2023\/06\/IMG_6489-min-1536x989.jpg 1536w, https:\/\/agora.xtec.cat\/col-alfageme-barcelona\/wp-content\/uploads\/usu2634\/2023\/06\/IMG_6489-min.jpg 1995w\" sizes=\"auto, (max-width: 444px) 100vw, 444px\" \/> <img loading=\"lazy\" decoding=\"async\" class=\"alignnone wp-image-9232\" src=\"https:\/\/agora.xtec.cat\/col-alfageme-barcelona\/wp-content\/uploads\/usu2634\/2023\/06\/IMG_6488-min-1024x632.jpg\" alt=\"\" width=\"453\" height=\"279\" srcset=\"https:\/\/agora.xtec.cat\/col-alfageme-barcelona\/wp-content\/uploads\/usu2634\/2023\/06\/IMG_6488-min-1024x632.jpg 1024w, https:\/\/agora.xtec.cat\/col-alfageme-barcelona\/wp-content\/uploads\/usu2634\/2023\/06\/IMG_6488-min-300x185.jpg 300w, https:\/\/agora.xtec.cat\/col-alfageme-barcelona\/wp-content\/uploads\/usu2634\/2023\/06\/IMG_6488-min-768x474.jpg 768w, https:\/\/agora.xtec.cat\/col-alfageme-barcelona\/wp-content\/uploads\/usu2634\/2023\/06\/IMG_6488-min-1536x949.jpg 1536w, https:\/\/agora.xtec.cat\/col-alfageme-barcelona\/wp-content\/uploads\/usu2634\/2023\/06\/IMG_6488-min-2048x1265.jpg 2048w\" sizes=\"auto, (max-width: 453px) 100vw, 453px\" \/><\/p>\n<p><strong>Jornada 1 &#8211; 6\u00e8<\/strong><\/p>\n<p><img loading=\"lazy\" decoding=\"async\" class=\"alignnone wp-image-9224\" src=\"https:\/\/agora.xtec.cat\/col-alfageme-barcelona\/wp-content\/uploads\/usu2634\/2023\/06\/IMG_6480-min-1024x578.jpg\" alt=\"\" width=\"450\" height=\"254\" srcset=\"https:\/\/agora.xtec.cat\/col-alfageme-barcelona\/wp-content\/uploads\/usu2634\/2023\/06\/IMG_6480-min-1024x578.jpg 1024w, https:\/\/agora.xtec.cat\/col-alfageme-barcelona\/wp-content\/uploads\/usu2634\/2023\/06\/IMG_6480-min-300x169.jpg 300w, https:\/\/agora.xtec.cat\/col-alfageme-barcelona\/wp-content\/uploads\/usu2634\/2023\/06\/IMG_6480-min-768x434.jpg 768w, https:\/\/agora.xtec.cat\/col-alfageme-barcelona\/wp-content\/uploads\/usu2634\/2023\/06\/IMG_6480-min-1536x868.jpg 1536w, https:\/\/agora.xtec.cat\/col-alfageme-barcelona\/wp-content\/uploads\/usu2634\/2023\/06\/IMG_6480-min-2048x1157.jpg 2048w\" sizes=\"auto, (max-width: 450px) 100vw, 450px\" \/>\u00a0<img loading=\"lazy\" decoding=\"async\" class=\"alignnone wp-image-9225\" src=\"https:\/\/agora.xtec.cat\/col-alfageme-barcelona\/wp-content\/uploads\/usu2634\/2023\/06\/IMG_6481-min-1024x582.jpg\" alt=\"\" width=\"445\" height=\"253\" srcset=\"https:\/\/agora.xtec.cat\/col-alfageme-barcelona\/wp-content\/uploads\/usu2634\/2023\/06\/IMG_6481-min-1024x582.jpg 1024w, https:\/\/agora.xtec.cat\/col-alfageme-barcelona\/wp-content\/uploads\/usu2634\/2023\/06\/IMG_6481-min-300x171.jpg 300w, https:\/\/agora.xtec.cat\/col-alfageme-barcelona\/wp-content\/uploads\/usu2634\/2023\/06\/IMG_6481-min-768x437.jpg 768w, https:\/\/agora.xtec.cat\/col-alfageme-barcelona\/wp-content\/uploads\/usu2634\/2023\/06\/IMG_6481-min-1536x873.jpg 1536w, https:\/\/agora.xtec.cat\/col-alfageme-barcelona\/wp-content\/uploads\/usu2634\/2023\/06\/IMG_6481-min-2048x1165.jpg 2048w\" sizes=\"auto, (max-width: 445px) 100vw, 445px\" \/>\u00a0<img loading=\"lazy\" decoding=\"async\" class=\"alignnone wp-image-9226\" src=\"https:\/\/agora.xtec.cat\/col-alfageme-barcelona\/wp-content\/uploads\/usu2634\/2023\/06\/IMG_6482-min-1024x589.jpg\" alt=\"\" width=\"450\" height=\"259\" srcset=\"https:\/\/agora.xtec.cat\/col-alfageme-barcelona\/wp-content\/uploads\/usu2634\/2023\/06\/IMG_6482-min-1024x589.jpg 1024w, https:\/\/agora.xtec.cat\/col-alfageme-barcelona\/wp-content\/uploads\/usu2634\/2023\/06\/IMG_6482-min-300x173.jpg 300w, https:\/\/agora.xtec.cat\/col-alfageme-barcelona\/wp-content\/uploads\/usu2634\/2023\/06\/IMG_6482-min-768x442.jpg 768w, https:\/\/agora.xtec.cat\/col-alfageme-barcelona\/wp-content\/uploads\/usu2634\/2023\/06\/IMG_6482-min-1536x883.jpg 1536w, https:\/\/agora.xtec.cat\/col-alfageme-barcelona\/wp-content\/uploads\/usu2634\/2023\/06\/IMG_6482-min-2048x1178.jpg 2048w\" sizes=\"auto, (max-width: 450px) 100vw, 450px\" \/>\u00a0<img loading=\"lazy\" decoding=\"async\" class=\"alignnone wp-image-9227\" src=\"https:\/\/agora.xtec.cat\/col-alfageme-barcelona\/wp-content\/uploads\/usu2634\/2023\/06\/IMG_6483-min-1024x583.jpg\" alt=\"\" width=\"447\" height=\"255\" srcset=\"https:\/\/agora.xtec.cat\/col-alfageme-barcelona\/wp-content\/uploads\/usu2634\/2023\/06\/IMG_6483-min-1024x583.jpg 1024w, https:\/\/agora.xtec.cat\/col-alfageme-barcelona\/wp-content\/uploads\/usu2634\/2023\/06\/IMG_6483-min-300x171.jpg 300w, https:\/\/agora.xtec.cat\/col-alfageme-barcelona\/wp-content\/uploads\/usu2634\/2023\/06\/IMG_6483-min-768x437.jpg 768w, https:\/\/agora.xtec.cat\/col-alfageme-barcelona\/wp-content\/uploads\/usu2634\/2023\/06\/IMG_6483-min-1536x875.jpg 1536w, https:\/\/agora.xtec.cat\/col-alfageme-barcelona\/wp-content\/uploads\/usu2634\/2023\/06\/IMG_6483-min-2048x1167.jpg 2048w\" sizes=\"auto, (max-width: 447px) 100vw, 447px\" \/><\/p>\n<p><strong>Jornada 2 &#8211; 5\u00e8<\/strong><\/p>\n<p><img loading=\"lazy\" decoding=\"async\" class=\"alignnone wp-image-9242\" src=\"https:\/\/agora.xtec.cat\/col-alfageme-barcelona\/wp-content\/uploads\/usu2634\/2023\/06\/IMG_6496-min-1024x778.jpg\" alt=\"\" width=\"448\" height=\"340\" srcset=\"https:\/\/agora.xtec.cat\/col-alfageme-barcelona\/wp-content\/uploads\/usu2634\/2023\/06\/IMG_6496-min-1024x778.jpg 1024w, https:\/\/agora.xtec.cat\/col-alfageme-barcelona\/wp-content\/uploads\/usu2634\/2023\/06\/IMG_6496-min-300x228.jpg 300w, https:\/\/agora.xtec.cat\/col-alfageme-barcelona\/wp-content\/uploads\/usu2634\/2023\/06\/IMG_6496-min-768x583.jpg 768w, https:\/\/agora.xtec.cat\/col-alfageme-barcelona\/wp-content\/uploads\/usu2634\/2023\/06\/IMG_6496-min-1536x1167.jpg 1536w, https:\/\/agora.xtec.cat\/col-alfageme-barcelona\/wp-content\/uploads\/usu2634\/2023\/06\/IMG_6496-min.jpg 1690w\" sizes=\"auto, (max-width: 448px) 100vw, 448px\" \/> <img loading=\"lazy\" decoding=\"async\" class=\"alignnone wp-image-9243\" src=\"https:\/\/agora.xtec.cat\/col-alfageme-barcelona\/wp-content\/uploads\/usu2634\/2023\/06\/IMG_6497-min-1024x579.jpg\" alt=\"\" width=\"447\" height=\"253\" srcset=\"https:\/\/agora.xtec.cat\/col-alfageme-barcelona\/wp-content\/uploads\/usu2634\/2023\/06\/IMG_6497-min-1024x579.jpg 1024w, https:\/\/agora.xtec.cat\/col-alfageme-barcelona\/wp-content\/uploads\/usu2634\/2023\/06\/IMG_6497-min-300x170.jpg 300w, https:\/\/agora.xtec.cat\/col-alfageme-barcelona\/wp-content\/uploads\/usu2634\/2023\/06\/IMG_6497-min-768x434.jpg 768w, https:\/\/agora.xtec.cat\/col-alfageme-barcelona\/wp-content\/uploads\/usu2634\/2023\/06\/IMG_6497-min-1536x868.jpg 1536w, https:\/\/agora.xtec.cat\/col-alfageme-barcelona\/wp-content\/uploads\/usu2634\/2023\/06\/IMG_6497-min-2048x1158.jpg 2048w\" sizes=\"auto, (max-width: 447px) 100vw, 447px\" \/> <img loading=\"lazy\" decoding=\"async\" class=\"alignnone wp-image-9244\" src=\"https:\/\/agora.xtec.cat\/col-alfageme-barcelona\/wp-content\/uploads\/usu2634\/2023\/06\/IMG_6498-min-1024x789.jpg\" alt=\"\" width=\"448\" height=\"345\" srcset=\"https:\/\/agora.xtec.cat\/col-alfageme-barcelona\/wp-content\/uploads\/usu2634\/2023\/06\/IMG_6498-min-1024x789.jpg 1024w, https:\/\/agora.xtec.cat\/col-alfageme-barcelona\/wp-content\/uploads\/usu2634\/2023\/06\/IMG_6498-min-300x231.jpg 300w, https:\/\/agora.xtec.cat\/col-alfageme-barcelona\/wp-content\/uploads\/usu2634\/2023\/06\/IMG_6498-min-768x592.jpg 768w, https:\/\/agora.xtec.cat\/col-alfageme-barcelona\/wp-content\/uploads\/usu2634\/2023\/06\/IMG_6498-min-1536x1184.jpg 1536w, https:\/\/agora.xtec.cat\/col-alfageme-barcelona\/wp-content\/uploads\/usu2634\/2023\/06\/IMG_6498-min.jpg 1666w\" sizes=\"auto, (max-width: 448px) 100vw, 448px\" \/> <img loading=\"lazy\" decoding=\"async\" class=\"alignnone wp-image-9245\" src=\"https:\/\/agora.xtec.cat\/col-alfageme-barcelona\/wp-content\/uploads\/usu2634\/2023\/06\/IMG_6499-min-1024x597.jpg\" alt=\"\" width=\"448\" height=\"261\" srcset=\"https:\/\/agora.xtec.cat\/col-alfageme-barcelona\/wp-content\/uploads\/usu2634\/2023\/06\/IMG_6499-min-1024x597.jpg 1024w, https:\/\/agora.xtec.cat\/col-alfageme-barcelona\/wp-content\/uploads\/usu2634\/2023\/06\/IMG_6499-min-300x175.jpg 300w, https:\/\/agora.xtec.cat\/col-alfageme-barcelona\/wp-content\/uploads\/usu2634\/2023\/06\/IMG_6499-min-768x448.jpg 768w, https:\/\/agora.xtec.cat\/col-alfageme-barcelona\/wp-content\/uploads\/usu2634\/2023\/06\/IMG_6499-min-1536x895.jpg 1536w, https:\/\/agora.xtec.cat\/col-alfageme-barcelona\/wp-content\/uploads\/usu2634\/2023\/06\/IMG_6499-min-2048x1194.jpg 2048w\" sizes=\"auto, (max-width: 448px) 100vw, 448px\" \/> <img loading=\"lazy\" decoding=\"async\" class=\"alignnone wp-image-9246\" src=\"https:\/\/agora.xtec.cat\/col-alfageme-barcelona\/wp-content\/uploads\/usu2634\/2023\/06\/IMG_6500-min-1024x592.jpg\" alt=\"\" width=\"446\" height=\"258\" srcset=\"https:\/\/agora.xtec.cat\/col-alfageme-barcelona\/wp-content\/uploads\/usu2634\/2023\/06\/IMG_6500-min-1024x592.jpg 1024w, https:\/\/agora.xtec.cat\/col-alfageme-barcelona\/wp-content\/uploads\/usu2634\/2023\/06\/IMG_6500-min-300x173.jpg 300w, https:\/\/agora.xtec.cat\/col-alfageme-barcelona\/wp-content\/uploads\/usu2634\/2023\/06\/IMG_6500-min-768x444.jpg 768w, https:\/\/agora.xtec.cat\/col-alfageme-barcelona\/wp-content\/uploads\/usu2634\/2023\/06\/IMG_6500-min-1536x888.jpg 1536w, https:\/\/agora.xtec.cat\/col-alfageme-barcelona\/wp-content\/uploads\/usu2634\/2023\/06\/IMG_6500-min-2048x1183.jpg 2048w\" sizes=\"auto, (max-width: 446px) 100vw, 446px\" \/> <img loading=\"lazy\" decoding=\"async\" class=\"alignnone wp-image-9247\" src=\"https:\/\/agora.xtec.cat\/col-alfageme-barcelona\/wp-content\/uploads\/usu2634\/2023\/06\/IMG_6501-min-1024x520.jpg\" alt=\"\" width=\"445\" height=\"226\" srcset=\"https:\/\/agora.xtec.cat\/col-alfageme-barcelona\/wp-content\/uploads\/usu2634\/2023\/06\/IMG_6501-min-1024x520.jpg 1024w, https:\/\/agora.xtec.cat\/col-alfageme-barcelona\/wp-content\/uploads\/usu2634\/2023\/06\/IMG_6501-min-300x152.jpg 300w, https:\/\/agora.xtec.cat\/col-alfageme-barcelona\/wp-content\/uploads\/usu2634\/2023\/06\/IMG_6501-min-768x390.jpg 768w, https:\/\/agora.xtec.cat\/col-alfageme-barcelona\/wp-content\/uploads\/usu2634\/2023\/06\/IMG_6501-min-1536x779.jpg 1536w, https:\/\/agora.xtec.cat\/col-alfageme-barcelona\/wp-content\/uploads\/usu2634\/2023\/06\/IMG_6501-min.jpg 1687w\" sizes=\"auto, (max-width: 445px) 100vw, 445px\" \/> <img loading=\"lazy\" decoding=\"async\" class=\"wp-image-9248 aligncenter\" src=\"https:\/\/agora.xtec.cat\/col-alfageme-barcelona\/wp-content\/uploads\/usu2634\/2023\/06\/IMG_6502-min-1024x584.jpg\" alt=\"\" width=\"446\" height=\"255\" srcset=\"https:\/\/agora.xtec.cat\/col-alfageme-barcelona\/wp-content\/uploads\/usu2634\/2023\/06\/IMG_6502-min-1024x584.jpg 1024w, https:\/\/agora.xtec.cat\/col-alfageme-barcelona\/wp-content\/uploads\/usu2634\/2023\/06\/IMG_6502-min-300x171.jpg 300w, https:\/\/agora.xtec.cat\/col-alfageme-barcelona\/wp-content\/uploads\/usu2634\/2023\/06\/IMG_6502-min-768x438.jpg 768w, https:\/\/agora.xtec.cat\/col-alfageme-barcelona\/wp-content\/uploads\/usu2634\/2023\/06\/IMG_6502-min-1536x876.jpg 1536w, https:\/\/agora.xtec.cat\/col-alfageme-barcelona\/wp-content\/uploads\/usu2634\/2023\/06\/IMG_6502-min-2048x1168.jpg 2048w\" sizes=\"auto, (max-width: 446px) 100vw, 446px\" \/><\/p>\n<p><strong>Jornada 2 &#8211; 6\u00e8<\/strong><\/p>\n<p><img loading=\"lazy\" decoding=\"async\" class=\"alignnone wp-image-9241\" src=\"https:\/\/agora.xtec.cat\/col-alfageme-barcelona\/wp-content\/uploads\/usu2634\/2023\/06\/IMG_6495-min-1024x580.jpg\" alt=\"\" width=\"451\" height=\"256\" srcset=\"https:\/\/agora.xtec.cat\/col-alfageme-barcelona\/wp-content\/uploads\/usu2634\/2023\/06\/IMG_6495-min-1024x580.jpg 1024w, https:\/\/agora.xtec.cat\/col-alfageme-barcelona\/wp-content\/uploads\/usu2634\/2023\/06\/IMG_6495-min-300x170.jpg 300w, https:\/\/agora.xtec.cat\/col-alfageme-barcelona\/wp-content\/uploads\/usu2634\/2023\/06\/IMG_6495-min-768x435.jpg 768w, https:\/\/agora.xtec.cat\/col-alfageme-barcelona\/wp-content\/uploads\/usu2634\/2023\/06\/IMG_6495-min-1536x870.jpg 1536w, https:\/\/agora.xtec.cat\/col-alfageme-barcelona\/wp-content\/uploads\/usu2634\/2023\/06\/IMG_6495-min-2048x1160.jpg 2048w\" sizes=\"auto, (max-width: 451px) 100vw, 451px\" \/> <img loading=\"lazy\" decoding=\"async\" class=\"alignnone wp-image-9240\" src=\"https:\/\/agora.xtec.cat\/col-alfageme-barcelona\/wp-content\/uploads\/usu2634\/2023\/06\/IMG_6494-min-1024x596.jpg\" alt=\"\" width=\"434\" height=\"253\" srcset=\"https:\/\/agora.xtec.cat\/col-alfageme-barcelona\/wp-content\/uploads\/usu2634\/2023\/06\/IMG_6494-min-1024x596.jpg 1024w, https:\/\/agora.xtec.cat\/col-alfageme-barcelona\/wp-content\/uploads\/usu2634\/2023\/06\/IMG_6494-min-300x175.jpg 300w, https:\/\/agora.xtec.cat\/col-alfageme-barcelona\/wp-content\/uploads\/usu2634\/2023\/06\/IMG_6494-min-768x447.jpg 768w, https:\/\/agora.xtec.cat\/col-alfageme-barcelona\/wp-content\/uploads\/usu2634\/2023\/06\/IMG_6494-min-1536x894.jpg 1536w, https:\/\/agora.xtec.cat\/col-alfageme-barcelona\/wp-content\/uploads\/usu2634\/2023\/06\/IMG_6494-min-2048x1193.jpg 2048w\" sizes=\"auto, (max-width: 434px) 100vw, 434px\" \/> <img loading=\"lazy\" decoding=\"async\" class=\"alignnone wp-image-9239\" src=\"https:\/\/agora.xtec.cat\/col-alfageme-barcelona\/wp-content\/uploads\/usu2634\/2023\/06\/IMG_6493-min-1024x793.jpg\" alt=\"\" width=\"449\" height=\"348\" srcset=\"https:\/\/agora.xtec.cat\/col-alfageme-barcelona\/wp-content\/uploads\/usu2634\/2023\/06\/IMG_6493-min-1024x793.jpg 1024w, https:\/\/agora.xtec.cat\/col-alfageme-barcelona\/wp-content\/uploads\/usu2634\/2023\/06\/IMG_6493-min-300x232.jpg 300w, https:\/\/agora.xtec.cat\/col-alfageme-barcelona\/wp-content\/uploads\/usu2634\/2023\/06\/IMG_6493-min-768x594.jpg 768w, https:\/\/agora.xtec.cat\/col-alfageme-barcelona\/wp-content\/uploads\/usu2634\/2023\/06\/IMG_6493-min-1536x1189.jpg 1536w, https:\/\/agora.xtec.cat\/col-alfageme-barcelona\/wp-content\/uploads\/usu2634\/2023\/06\/IMG_6493-min.jpg 1659w\" sizes=\"auto, (max-width: 449px) 100vw, 449px\" \/> <img loading=\"lazy\" decoding=\"async\" class=\"alignnone wp-image-9238\" src=\"https:\/\/agora.xtec.cat\/col-alfageme-barcelona\/wp-content\/uploads\/usu2634\/2023\/06\/IMG_6492-min-1024x795.jpg\" alt=\"\" width=\"448\" height=\"348\" srcset=\"https:\/\/agora.xtec.cat\/col-alfageme-barcelona\/wp-content\/uploads\/usu2634\/2023\/06\/IMG_6492-min-1024x795.jpg 1024w, https:\/\/agora.xtec.cat\/col-alfageme-barcelona\/wp-content\/uploads\/usu2634\/2023\/06\/IMG_6492-min-300x233.jpg 300w, https:\/\/agora.xtec.cat\/col-alfageme-barcelona\/wp-content\/uploads\/usu2634\/2023\/06\/IMG_6492-min-768x597.jpg 768w, https:\/\/agora.xtec.cat\/col-alfageme-barcelona\/wp-content\/uploads\/usu2634\/2023\/06\/IMG_6492-min-1536x1193.jpg 1536w, https:\/\/agora.xtec.cat\/col-alfageme-barcelona\/wp-content\/uploads\/usu2634\/2023\/06\/IMG_6492-min.jpg 1653w\" sizes=\"auto, (max-width: 448px) 100vw, 448px\" \/> <img loading=\"lazy\" decoding=\"async\" class=\"alignnone wp-image-9237\" src=\"https:\/\/agora.xtec.cat\/col-alfageme-barcelona\/wp-content\/uploads\/usu2634\/2023\/06\/IMG_6491-min-1024x582.jpg\" alt=\"\" width=\"448\" height=\"255\" srcset=\"https:\/\/agora.xtec.cat\/col-alfageme-barcelona\/wp-content\/uploads\/usu2634\/2023\/06\/IMG_6491-min-1024x582.jpg 1024w, https:\/\/agora.xtec.cat\/col-alfageme-barcelona\/wp-content\/uploads\/usu2634\/2023\/06\/IMG_6491-min-300x170.jpg 300w, https:\/\/agora.xtec.cat\/col-alfageme-barcelona\/wp-content\/uploads\/usu2634\/2023\/06\/IMG_6491-min-768x436.jpg 768w, https:\/\/agora.xtec.cat\/col-alfageme-barcelona\/wp-content\/uploads\/usu2634\/2023\/06\/IMG_6491-min-1536x873.jpg 1536w, https:\/\/agora.xtec.cat\/col-alfageme-barcelona\/wp-content\/uploads\/usu2634\/2023\/06\/IMG_6491-min-2048x1164.jpg 2048w\" sizes=\"auto, (max-width: 448px) 100vw, 448px\" \/> <img loading=\"lazy\" decoding=\"async\" class=\"alignnone wp-image-9236\" src=\"https:\/\/agora.xtec.cat\/col-alfageme-barcelona\/wp-content\/uploads\/usu2634\/2023\/06\/IMG_6490-min-1024x590.jpg\" alt=\"\" width=\"446\" height=\"257\" srcset=\"https:\/\/agora.xtec.cat\/col-alfageme-barcelona\/wp-content\/uploads\/usu2634\/2023\/06\/IMG_6490-min-1024x590.jpg 1024w, https:\/\/agora.xtec.cat\/col-alfageme-barcelona\/wp-content\/uploads\/usu2634\/2023\/06\/IMG_6490-min-300x173.jpg 300w, https:\/\/agora.xtec.cat\/col-alfageme-barcelona\/wp-content\/uploads\/usu2634\/2023\/06\/IMG_6490-min-768x443.jpg 768w, https:\/\/agora.xtec.cat\/col-alfageme-barcelona\/wp-content\/uploads\/usu2634\/2023\/06\/IMG_6490-min-1536x885.jpg 1536w, https:\/\/agora.xtec.cat\/col-alfageme-barcelona\/wp-content\/uploads\/usu2634\/2023\/06\/IMG_6490-min-2048x1180.jpg 2048w\" sizes=\"auto, (max-width: 446px) 100vw, 446px\" \/><\/p>\n<p><strong>Jornada 3 &#8211; 5\u00e8<\/strong><\/p>\n<p><img loading=\"lazy\" decoding=\"async\" class=\"alignnone wp-image-9258\" src=\"https:\/\/agora.xtec.cat\/col-alfageme-barcelona\/wp-content\/uploads\/usu2634\/2023\/06\/IMG_5934-min-1024x768.jpg\" alt=\"\" width=\"446\" height=\"335\" \/> <img loading=\"lazy\" decoding=\"async\" class=\"alignnone wp-image-9259\" src=\"https:\/\/agora.xtec.cat\/col-alfageme-barcelona\/wp-content\/uploads\/usu2634\/2023\/06\/IMG_5937-min-1024x768.jpg\" alt=\"\" width=\"443\" height=\"333\" srcset=\"https:\/\/agora.xtec.cat\/col-alfageme-barcelona\/wp-content\/uploads\/usu2634\/2023\/06\/IMG_5937-min-1024x768.jpg 1024w, https:\/\/agora.xtec.cat\/col-alfageme-barcelona\/wp-content\/uploads\/usu2634\/2023\/06\/IMG_5937-min-300x225.jpg 300w, https:\/\/agora.xtec.cat\/col-alfageme-barcelona\/wp-content\/uploads\/usu2634\/2023\/06\/IMG_5937-min-768x576.jpg 768w, https:\/\/agora.xtec.cat\/col-alfageme-barcelona\/wp-content\/uploads\/usu2634\/2023\/06\/IMG_5937-min-1536x1152.jpg 1536w, https:\/\/agora.xtec.cat\/col-alfageme-barcelona\/wp-content\/uploads\/usu2634\/2023\/06\/IMG_5937-min-2048x1536.jpg 2048w, https:\/\/agora.xtec.cat\/col-alfageme-barcelona\/wp-content\/uploads\/usu2634\/2023\/06\/IMG_5937-min-200x150.jpg 200w\" sizes=\"auto, (max-width: 443px) 100vw, 443px\" \/> <img loading=\"lazy\" decoding=\"async\" class=\"wp-image-9260 aligncenter\" src=\"https:\/\/agora.xtec.cat\/col-alfageme-barcelona\/wp-content\/uploads\/usu2634\/2023\/06\/IMG_5939-min-1024x768.jpg\" alt=\"\" width=\"483\" height=\"362\" srcset=\"https:\/\/agora.xtec.cat\/col-alfageme-barcelona\/wp-content\/uploads\/usu2634\/2023\/06\/IMG_5939-min-1024x768.jpg 1024w, https:\/\/agora.xtec.cat\/col-alfageme-barcelona\/wp-content\/uploads\/usu2634\/2023\/06\/IMG_5939-min-300x225.jpg 300w, https:\/\/agora.xtec.cat\/col-alfageme-barcelona\/wp-content\/uploads\/usu2634\/2023\/06\/IMG_5939-min-768x576.jpg 768w, https:\/\/agora.xtec.cat\/col-alfageme-barcelona\/wp-content\/uploads\/usu2634\/2023\/06\/IMG_5939-min-1536x1152.jpg 1536w, https:\/\/agora.xtec.cat\/col-alfageme-barcelona\/wp-content\/uploads\/usu2634\/2023\/06\/IMG_5939-min-2048x1536.jpg 2048w, https:\/\/agora.xtec.cat\/col-alfageme-barcelona\/wp-content\/uploads\/usu2634\/2023\/06\/IMG_5939-min-200x150.jpg 200w\" sizes=\"auto, (max-width: 483px) 100vw, 483px\" \/><\/p>\n<p><strong>Jornada 3 &#8211; 6\u00e8<\/strong><\/p>\n<p><img loading=\"lazy\" decoding=\"async\" class=\"alignnone wp-image-9252\" src=\"https:\/\/agora.xtec.cat\/col-alfageme-barcelona\/wp-content\/uploads\/usu2634\/2023\/06\/IMG_5875-2-min-1024x768.jpg\" alt=\"\" width=\"435\" height=\"326\" srcset=\"https:\/\/agora.xtec.cat\/col-alfageme-barcelona\/wp-content\/uploads\/usu2634\/2023\/06\/IMG_5875-2-min-1024x768.jpg 1024w, https:\/\/agora.xtec.cat\/col-alfageme-barcelona\/wp-content\/uploads\/usu2634\/2023\/06\/IMG_5875-2-min-300x225.jpg 300w, https:\/\/agora.xtec.cat\/col-alfageme-barcelona\/wp-content\/uploads\/usu2634\/2023\/06\/IMG_5875-2-min-768x576.jpg 768w, https:\/\/agora.xtec.cat\/col-alfageme-barcelona\/wp-content\/uploads\/usu2634\/2023\/06\/IMG_5875-2-min-1536x1152.jpg 1536w, https:\/\/agora.xtec.cat\/col-alfageme-barcelona\/wp-content\/uploads\/usu2634\/2023\/06\/IMG_5875-2-min-2048x1536.jpg 2048w, https:\/\/agora.xtec.cat\/col-alfageme-barcelona\/wp-content\/uploads\/usu2634\/2023\/06\/IMG_5875-2-min-200x150.jpg 200w\" sizes=\"auto, (max-width: 435px) 100vw, 435px\" \/> <img loading=\"lazy\" decoding=\"async\" class=\"alignnone wp-image-9251\" src=\"https:\/\/agora.xtec.cat\/col-alfageme-barcelona\/wp-content\/uploads\/usu2634\/2023\/06\/IMG_5874-2-min-1024x768.jpg\" alt=\"\" width=\"433\" height=\"325\" srcset=\"https:\/\/agora.xtec.cat\/col-alfageme-barcelona\/wp-content\/uploads\/usu2634\/2023\/06\/IMG_5874-2-min-1024x768.jpg 1024w, https:\/\/agora.xtec.cat\/col-alfageme-barcelona\/wp-content\/uploads\/usu2634\/2023\/06\/IMG_5874-2-min-300x225.jpg 300w, https:\/\/agora.xtec.cat\/col-alfageme-barcelona\/wp-content\/uploads\/usu2634\/2023\/06\/IMG_5874-2-min-768x576.jpg 768w, https:\/\/agora.xtec.cat\/col-alfageme-barcelona\/wp-content\/uploads\/usu2634\/2023\/06\/IMG_5874-2-min-1536x1152.jpg 1536w, https:\/\/agora.xtec.cat\/col-alfageme-barcelona\/wp-content\/uploads\/usu2634\/2023\/06\/IMG_5874-2-min-2048x1536.jpg 2048w, https:\/\/agora.xtec.cat\/col-alfageme-barcelona\/wp-content\/uploads\/usu2634\/2023\/06\/IMG_5874-2-min-200x150.jpg 200w\" sizes=\"auto, (max-width: 433px) 100vw, 433px\" \/> <img loading=\"lazy\" decoding=\"async\" class=\"alignnone wp-image-9250\" src=\"https:\/\/agora.xtec.cat\/col-alfageme-barcelona\/wp-content\/uploads\/usu2634\/2023\/06\/IMG_5873-2-min-1024x768.jpg\" alt=\"\" width=\"432\" height=\"324\" srcset=\"https:\/\/agora.xtec.cat\/col-alfageme-barcelona\/wp-content\/uploads\/usu2634\/2023\/06\/IMG_5873-2-min-1024x768.jpg 1024w, https:\/\/agora.xtec.cat\/col-alfageme-barcelona\/wp-content\/uploads\/usu2634\/2023\/06\/IMG_5873-2-min-300x225.jpg 300w, https:\/\/agora.xtec.cat\/col-alfageme-barcelona\/wp-content\/uploads\/usu2634\/2023\/06\/IMG_5873-2-min-768x576.jpg 768w, https:\/\/agora.xtec.cat\/col-alfageme-barcelona\/wp-content\/uploads\/usu2634\/2023\/06\/IMG_5873-2-min-1536x1152.jpg 1536w, https:\/\/agora.xtec.cat\/col-alfageme-barcelona\/wp-content\/uploads\/usu2634\/2023\/06\/IMG_5873-2-min-2048x1536.jpg 2048w, https:\/\/agora.xtec.cat\/col-alfageme-barcelona\/wp-content\/uploads\/usu2634\/2023\/06\/IMG_5873-2-min-200x150.jpg 200w\" sizes=\"auto, (max-width: 432px) 100vw, 432px\" \/> <img loading=\"lazy\" decoding=\"async\" class=\"alignnone wp-image-9255\" src=\"https:\/\/agora.xtec.cat\/col-alfageme-barcelona\/wp-content\/uploads\/usu2634\/2023\/06\/IMG_5896-2-min-1024x768.jpg\" alt=\"\" width=\"430\" height=\"323\" srcset=\"https:\/\/agora.xtec.cat\/col-alfageme-barcelona\/wp-content\/uploads\/usu2634\/2023\/06\/IMG_5896-2-min-1024x768.jpg 1024w, https:\/\/agora.xtec.cat\/col-alfageme-barcelona\/wp-content\/uploads\/usu2634\/2023\/06\/IMG_5896-2-min-300x225.jpg 300w, https:\/\/agora.xtec.cat\/col-alfageme-barcelona\/wp-content\/uploads\/usu2634\/2023\/06\/IMG_5896-2-min-768x576.jpg 768w, https:\/\/agora.xtec.cat\/col-alfageme-barcelona\/wp-content\/uploads\/usu2634\/2023\/06\/IMG_5896-2-min-1536x1152.jpg 1536w, https:\/\/agora.xtec.cat\/col-alfageme-barcelona\/wp-content\/uploads\/usu2634\/2023\/06\/IMG_5896-2-min-2048x1536.jpg 2048w, https:\/\/agora.xtec.cat\/col-alfageme-barcelona\/wp-content\/uploads\/usu2634\/2023\/06\/IMG_5896-2-min-200x150.jpg 200w\" sizes=\"auto, (max-width: 430px) 100vw, 430px\" \/> <img loading=\"lazy\" decoding=\"async\" class=\"alignnone wp-image-9254\" src=\"https:\/\/agora.xtec.cat\/col-alfageme-barcelona\/wp-content\/uploads\/usu2634\/2023\/06\/IMG_5887-2-min-1024x768.jpg\" alt=\"\" width=\"430\" height=\"322\" srcset=\"https:\/\/agora.xtec.cat\/col-alfageme-barcelona\/wp-content\/uploads\/usu2634\/2023\/06\/IMG_5887-2-min-1024x768.jpg 1024w, https:\/\/agora.xtec.cat\/col-alfageme-barcelona\/wp-content\/uploads\/usu2634\/2023\/06\/IMG_5887-2-min-300x225.jpg 300w, https:\/\/agora.xtec.cat\/col-alfageme-barcelona\/wp-content\/uploads\/usu2634\/2023\/06\/IMG_5887-2-min-768x576.jpg 768w, https:\/\/agora.xtec.cat\/col-alfageme-barcelona\/wp-content\/uploads\/usu2634\/2023\/06\/IMG_5887-2-min-1536x1152.jpg 1536w, https:\/\/agora.xtec.cat\/col-alfageme-barcelona\/wp-content\/uploads\/usu2634\/2023\/06\/IMG_5887-2-min-2048x1536.jpg 2048w, https:\/\/agora.xtec.cat\/col-alfageme-barcelona\/wp-content\/uploads\/usu2634\/2023\/06\/IMG_5887-2-min-200x150.jpg 200w\" sizes=\"auto, (max-width: 430px) 100vw, 430px\" \/> <img loading=\"lazy\" decoding=\"async\" class=\"alignnone wp-image-9253\" src=\"https:\/\/agora.xtec.cat\/col-alfageme-barcelona\/wp-content\/uploads\/usu2634\/2023\/06\/IMG_5878-2-min-1024x768.jpg\" alt=\"\" width=\"429\" height=\"322\" srcset=\"https:\/\/agora.xtec.cat\/col-alfageme-barcelona\/wp-content\/uploads\/usu2634\/2023\/06\/IMG_5878-2-min-1024x768.jpg 1024w, https:\/\/agora.xtec.cat\/col-alfageme-barcelona\/wp-content\/uploads\/usu2634\/2023\/06\/IMG_5878-2-min-300x225.jpg 300w, https:\/\/agora.xtec.cat\/col-alfageme-barcelona\/wp-content\/uploads\/usu2634\/2023\/06\/IMG_5878-2-min-768x576.jpg 768w, https:\/\/agora.xtec.cat\/col-alfageme-barcelona\/wp-content\/uploads\/usu2634\/2023\/06\/IMG_5878-2-min-1536x1152.jpg 1536w, https:\/\/agora.xtec.cat\/col-alfageme-barcelona\/wp-content\/uploads\/usu2634\/2023\/06\/IMG_5878-2-min-2048x1536.jpg 2048w, https:\/\/agora.xtec.cat\/col-alfageme-barcelona\/wp-content\/uploads\/usu2634\/2023\/06\/IMG_5878-2-min-200x150.jpg 200w\" sizes=\"auto, (max-width: 429px) 100vw, 429px\" \/><\/p>\n<p><strong>Jornada 4 &#8211; 5\u00e8<\/strong><\/p>\n<p><img loading=\"lazy\" decoding=\"async\" class=\"alignnone wp-image-9271\" src=\"https:\/\/agora.xtec.cat\/col-alfageme-barcelona\/wp-content\/uploads\/usu2634\/2023\/06\/IMG_5971-min-768x1024.jpg\" alt=\"\" width=\"412\" height=\"550\" \/> <img loading=\"lazy\" decoding=\"async\" class=\"alignnone wp-image-9272\" src=\"https:\/\/agora.xtec.cat\/col-alfageme-barcelona\/wp-content\/uploads\/usu2634\/2023\/06\/IMG_5972-min-768x1024.jpg\" alt=\"\" width=\"402\" height=\"536\" srcset=\"https:\/\/agora.xtec.cat\/col-alfageme-barcelona\/wp-content\/uploads\/usu2634\/2023\/06\/IMG_5972-min-768x1024.jpg 768w, https:\/\/agora.xtec.cat\/col-alfageme-barcelona\/wp-content\/uploads\/usu2634\/2023\/06\/IMG_5972-min-225x300.jpg 225w, https:\/\/agora.xtec.cat\/col-alfageme-barcelona\/wp-content\/uploads\/usu2634\/2023\/06\/IMG_5972-min-1152x1536.jpg 1152w, https:\/\/agora.xtec.cat\/col-alfageme-barcelona\/wp-content\/uploads\/usu2634\/2023\/06\/IMG_5972-min-1536x2048.jpg 1536w, https:\/\/agora.xtec.cat\/col-alfageme-barcelona\/wp-content\/uploads\/usu2634\/2023\/06\/IMG_5972-min-scaled.jpg 1920w\" sizes=\"auto, (max-width: 402px) 100vw, 402px\" \/> \u00a0<img loading=\"lazy\" decoding=\"async\" class=\"alignnone wp-image-9274\" src=\"https:\/\/agora.xtec.cat\/col-alfageme-barcelona\/wp-content\/uploads\/usu2634\/2023\/06\/IMG_5974-min-768x1024.jpg\" alt=\"\" width=\"309\" height=\"412\" \/> <img loading=\"lazy\" decoding=\"async\" class=\"alignnone wp-image-9275\" src=\"https:\/\/agora.xtec.cat\/col-alfageme-barcelona\/wp-content\/uploads\/usu2634\/2023\/06\/IMG_5975-min-1024x768.jpg\" alt=\"\" width=\"548\" height=\"411\" srcset=\"https:\/\/agora.xtec.cat\/col-alfageme-barcelona\/wp-content\/uploads\/usu2634\/2023\/06\/IMG_5975-min-1024x768.jpg 1024w, https:\/\/agora.xtec.cat\/col-alfageme-barcelona\/wp-content\/uploads\/usu2634\/2023\/06\/IMG_5975-min-300x225.jpg 300w, https:\/\/agora.xtec.cat\/col-alfageme-barcelona\/wp-content\/uploads\/usu2634\/2023\/06\/IMG_5975-min-768x576.jpg 768w, https:\/\/agora.xtec.cat\/col-alfageme-barcelona\/wp-content\/uploads\/usu2634\/2023\/06\/IMG_5975-min-1536x1152.jpg 1536w, https:\/\/agora.xtec.cat\/col-alfageme-barcelona\/wp-content\/uploads\/usu2634\/2023\/06\/IMG_5975-min-2048x1536.jpg 2048w, https:\/\/agora.xtec.cat\/col-alfageme-barcelona\/wp-content\/uploads\/usu2634\/2023\/06\/IMG_5975-min-200x150.jpg 200w\" sizes=\"auto, (max-width: 548px) 100vw, 548px\" \/> <img loading=\"lazy\" decoding=\"async\" class=\"alignnone wp-image-9276\" src=\"https:\/\/agora.xtec.cat\/col-alfageme-barcelona\/wp-content\/uploads\/usu2634\/2023\/06\/IMG_5976-min-1024x768.jpg\" alt=\"\" width=\"431\" height=\"323\" srcset=\"https:\/\/agora.xtec.cat\/col-alfageme-barcelona\/wp-content\/uploads\/usu2634\/2023\/06\/IMG_5976-min-1024x768.jpg 1024w, https:\/\/agora.xtec.cat\/col-alfageme-barcelona\/wp-content\/uploads\/usu2634\/2023\/06\/IMG_5976-min-300x225.jpg 300w, https:\/\/agora.xtec.cat\/col-alfageme-barcelona\/wp-content\/uploads\/usu2634\/2023\/06\/IMG_5976-min-768x576.jpg 768w, https:\/\/agora.xtec.cat\/col-alfageme-barcelona\/wp-content\/uploads\/usu2634\/2023\/06\/IMG_5976-min-1536x1152.jpg 1536w, https:\/\/agora.xtec.cat\/col-alfageme-barcelona\/wp-content\/uploads\/usu2634\/2023\/06\/IMG_5976-min-2048x1536.jpg 2048w, https:\/\/agora.xtec.cat\/col-alfageme-barcelona\/wp-content\/uploads\/usu2634\/2023\/06\/IMG_5976-min-200x150.jpg 200w\" sizes=\"auto, (max-width: 431px) 100vw, 431px\" \/> <img loading=\"lazy\" decoding=\"async\" class=\"alignnone wp-image-9270\" src=\"https:\/\/agora.xtec.cat\/col-alfageme-barcelona\/wp-content\/uploads\/usu2634\/2023\/06\/IMG_5970-min-1024x768.jpg\" alt=\"\" width=\"430\" height=\"322\" srcset=\"https:\/\/agora.xtec.cat\/col-alfageme-barcelona\/wp-content\/uploads\/usu2634\/2023\/06\/IMG_5970-min-1024x768.jpg 1024w, https:\/\/agora.xtec.cat\/col-alfageme-barcelona\/wp-content\/uploads\/usu2634\/2023\/06\/IMG_5970-min-300x225.jpg 300w, https:\/\/agora.xtec.cat\/col-alfageme-barcelona\/wp-content\/uploads\/usu2634\/2023\/06\/IMG_5970-min-768x576.jpg 768w, https:\/\/agora.xtec.cat\/col-alfageme-barcelona\/wp-content\/uploads\/usu2634\/2023\/06\/IMG_5970-min-1536x1152.jpg 1536w, https:\/\/agora.xtec.cat\/col-alfageme-barcelona\/wp-content\/uploads\/usu2634\/2023\/06\/IMG_5970-min-2048x1536.jpg 2048w, https:\/\/agora.xtec.cat\/col-alfageme-barcelona\/wp-content\/uploads\/usu2634\/2023\/06\/IMG_5970-min-200x150.jpg 200w\" sizes=\"auto, (max-width: 430px) 100vw, 430px\" \/> <img loading=\"lazy\" decoding=\"async\" class=\"wp-image-9273 aligncenter\" src=\"https:\/\/agora.xtec.cat\/col-alfageme-barcelona\/wp-content\/uploads\/usu2634\/2023\/06\/IMG_5973-min-1024x768.jpg\" alt=\"\" width=\"386\" height=\"290\" srcset=\"https:\/\/agora.xtec.cat\/col-alfageme-barcelona\/wp-content\/uploads\/usu2634\/2023\/06\/IMG_5973-min-1024x768.jpg 1024w, https:\/\/agora.xtec.cat\/col-alfageme-barcelona\/wp-content\/uploads\/usu2634\/2023\/06\/IMG_5973-min-300x225.jpg 300w, https:\/\/agora.xtec.cat\/col-alfageme-barcelona\/wp-content\/uploads\/usu2634\/2023\/06\/IMG_5973-min-768x576.jpg 768w, https:\/\/agora.xtec.cat\/col-alfageme-barcelona\/wp-content\/uploads\/usu2634\/2023\/06\/IMG_5973-min-1536x1152.jpg 1536w, https:\/\/agora.xtec.cat\/col-alfageme-barcelona\/wp-content\/uploads\/usu2634\/2023\/06\/IMG_5973-min-2048x1536.jpg 2048w, https:\/\/agora.xtec.cat\/col-alfageme-barcelona\/wp-content\/uploads\/usu2634\/2023\/06\/IMG_5973-min-200x150.jpg 200w\" sizes=\"auto, (max-width: 386px) 100vw, 386px\" \/><\/p>\n<p><strong>Jornada 4 &#8211; 6\u00e8<\/strong><\/p>\n<p><img loading=\"lazy\" decoding=\"async\" class=\"alignnone wp-image-9269\" src=\"https:\/\/agora.xtec.cat\/col-alfageme-barcelona\/wp-content\/uploads\/usu2634\/2023\/06\/IMG_5968-min-1024x768.jpg\" alt=\"\" width=\"458\" height=\"343\" srcset=\"https:\/\/agora.xtec.cat\/col-alfageme-barcelona\/wp-content\/uploads\/usu2634\/2023\/06\/IMG_5968-min-1024x768.jpg 1024w, https:\/\/agora.xtec.cat\/col-alfageme-barcelona\/wp-content\/uploads\/usu2634\/2023\/06\/IMG_5968-min-300x225.jpg 300w, https:\/\/agora.xtec.cat\/col-alfageme-barcelona\/wp-content\/uploads\/usu2634\/2023\/06\/IMG_5968-min-768x576.jpg 768w, https:\/\/agora.xtec.cat\/col-alfageme-barcelona\/wp-content\/uploads\/usu2634\/2023\/06\/IMG_5968-min-1536x1152.jpg 1536w, https:\/\/agora.xtec.cat\/col-alfageme-barcelona\/wp-content\/uploads\/usu2634\/2023\/06\/IMG_5968-min-2048x1536.jpg 2048w, https:\/\/agora.xtec.cat\/col-alfageme-barcelona\/wp-content\/uploads\/usu2634\/2023\/06\/IMG_5968-min-200x150.jpg 200w\" sizes=\"auto, (max-width: 458px) 100vw, 458px\" \/> <img loading=\"lazy\" decoding=\"async\" class=\"alignnone wp-image-9267\" src=\"https:\/\/agora.xtec.cat\/col-alfageme-barcelona\/wp-content\/uploads\/usu2634\/2023\/06\/IMG_5966-min-1024x768.jpg\" alt=\"\" width=\"448\" height=\"336\" srcset=\"https:\/\/agora.xtec.cat\/col-alfageme-barcelona\/wp-content\/uploads\/usu2634\/2023\/06\/IMG_5966-min-1024x768.jpg 1024w, https:\/\/agora.xtec.cat\/col-alfageme-barcelona\/wp-content\/uploads\/usu2634\/2023\/06\/IMG_5966-min-300x225.jpg 300w, https:\/\/agora.xtec.cat\/col-alfageme-barcelona\/wp-content\/uploads\/usu2634\/2023\/06\/IMG_5966-min-768x576.jpg 768w, https:\/\/agora.xtec.cat\/col-alfageme-barcelona\/wp-content\/uploads\/usu2634\/2023\/06\/IMG_5966-min-1536x1152.jpg 1536w, https:\/\/agora.xtec.cat\/col-alfageme-barcelona\/wp-content\/uploads\/usu2634\/2023\/06\/IMG_5966-min-2048x1536.jpg 2048w, https:\/\/agora.xtec.cat\/col-alfageme-barcelona\/wp-content\/uploads\/usu2634\/2023\/06\/IMG_5966-min-200x150.jpg 200w\" sizes=\"auto, (max-width: 448px) 100vw, 448px\" \/> <img loading=\"lazy\" decoding=\"async\" class=\"alignnone wp-image-9266\" src=\"https:\/\/agora.xtec.cat\/col-alfageme-barcelona\/wp-content\/uploads\/usu2634\/2023\/06\/IMG_5965-min-1024x768.jpg\" alt=\"\" width=\"454\" height=\"341\" srcset=\"https:\/\/agora.xtec.cat\/col-alfageme-barcelona\/wp-content\/uploads\/usu2634\/2023\/06\/IMG_5965-min-1024x768.jpg 1024w, https:\/\/agora.xtec.cat\/col-alfageme-barcelona\/wp-content\/uploads\/usu2634\/2023\/06\/IMG_5965-min-300x225.jpg 300w, https:\/\/agora.xtec.cat\/col-alfageme-barcelona\/wp-content\/uploads\/usu2634\/2023\/06\/IMG_5965-min-768x576.jpg 768w, https:\/\/agora.xtec.cat\/col-alfageme-barcelona\/wp-content\/uploads\/usu2634\/2023\/06\/IMG_5965-min-1536x1152.jpg 1536w, https:\/\/agora.xtec.cat\/col-alfageme-barcelona\/wp-content\/uploads\/usu2634\/2023\/06\/IMG_5965-min-2048x1536.jpg 2048w, https:\/\/agora.xtec.cat\/col-alfageme-barcelona\/wp-content\/uploads\/usu2634\/2023\/06\/IMG_5965-min-200x150.jpg 200w\" sizes=\"auto, (max-width: 454px) 100vw, 454px\" \/> <img loading=\"lazy\" decoding=\"async\" class=\"alignnone wp-image-9265\" src=\"https:\/\/agora.xtec.cat\/col-alfageme-barcelona\/wp-content\/uploads\/usu2634\/2023\/06\/IMG_5964-min-1024x768.jpg\" alt=\"\" width=\"452\" height=\"339\" srcset=\"https:\/\/agora.xtec.cat\/col-alfageme-barcelona\/wp-content\/uploads\/usu2634\/2023\/06\/IMG_5964-min-1024x768.jpg 1024w, https:\/\/agora.xtec.cat\/col-alfageme-barcelona\/wp-content\/uploads\/usu2634\/2023\/06\/IMG_5964-min-300x225.jpg 300w, https:\/\/agora.xtec.cat\/col-alfageme-barcelona\/wp-content\/uploads\/usu2634\/2023\/06\/IMG_5964-min-768x576.jpg 768w, https:\/\/agora.xtec.cat\/col-alfageme-barcelona\/wp-content\/uploads\/usu2634\/2023\/06\/IMG_5964-min-1536x1152.jpg 1536w, https:\/\/agora.xtec.cat\/col-alfageme-barcelona\/wp-content\/uploads\/usu2634\/2023\/06\/IMG_5964-min-2048x1536.jpg 2048w, https:\/\/agora.xtec.cat\/col-alfageme-barcelona\/wp-content\/uploads\/usu2634\/2023\/06\/IMG_5964-min-200x150.jpg 200w\" sizes=\"auto, (max-width: 452px) 100vw, 452px\" \/> <img loading=\"lazy\" decoding=\"async\" class=\"alignnone wp-image-9264\" src=\"https:\/\/agora.xtec.cat\/col-alfageme-barcelona\/wp-content\/uploads\/usu2634\/2023\/06\/IMG_5962-min-1024x768.jpg\" alt=\"\" width=\"452\" height=\"339\" srcset=\"https:\/\/agora.xtec.cat\/col-alfageme-barcelona\/wp-content\/uploads\/usu2634\/2023\/06\/IMG_5962-min-1024x768.jpg 1024w, https:\/\/agora.xtec.cat\/col-alfageme-barcelona\/wp-content\/uploads\/usu2634\/2023\/06\/IMG_5962-min-300x225.jpg 300w, https:\/\/agora.xtec.cat\/col-alfageme-barcelona\/wp-content\/uploads\/usu2634\/2023\/06\/IMG_5962-min-768x576.jpg 768w, https:\/\/agora.xtec.cat\/col-alfageme-barcelona\/wp-content\/uploads\/usu2634\/2023\/06\/IMG_5962-min-1536x1152.jpg 1536w, https:\/\/agora.xtec.cat\/col-alfageme-barcelona\/wp-content\/uploads\/usu2634\/2023\/06\/IMG_5962-min-2048x1536.jpg 2048w, https:\/\/agora.xtec.cat\/col-alfageme-barcelona\/wp-content\/uploads\/usu2634\/2023\/06\/IMG_5962-min-200x150.jpg 200w\" sizes=\"auto, (max-width: 452px) 100vw, 452px\" \/> <img loading=\"lazy\" decoding=\"async\" class=\"alignnone wp-image-9263\" src=\"https:\/\/agora.xtec.cat\/col-alfageme-barcelona\/wp-content\/uploads\/usu2634\/2023\/06\/IMG_5961-min-1024x768.jpg\" alt=\"\" width=\"450\" height=\"337\" srcset=\"https:\/\/agora.xtec.cat\/col-alfageme-barcelona\/wp-content\/uploads\/usu2634\/2023\/06\/IMG_5961-min-1024x768.jpg 1024w, https:\/\/agora.xtec.cat\/col-alfageme-barcelona\/wp-content\/uploads\/usu2634\/2023\/06\/IMG_5961-min-300x225.jpg 300w, https:\/\/agora.xtec.cat\/col-alfageme-barcelona\/wp-content\/uploads\/usu2634\/2023\/06\/IMG_5961-min-768x576.jpg 768w, https:\/\/agora.xtec.cat\/col-alfageme-barcelona\/wp-content\/uploads\/usu2634\/2023\/06\/IMG_5961-min-1536x1152.jpg 1536w, https:\/\/agora.xtec.cat\/col-alfageme-barcelona\/wp-content\/uploads\/usu2634\/2023\/06\/IMG_5961-min-2048x1536.jpg 2048w, https:\/\/agora.xtec.cat\/col-alfageme-barcelona\/wp-content\/uploads\/usu2634\/2023\/06\/IMG_5961-min-200x150.jpg 200w\" sizes=\"auto, (max-width: 450px) 100vw, 450px\" \/><\/p>\n<p><strong>Jornada 5 &#8211; FINAL 5\u00e8<\/strong><\/p>\n<p><img loading=\"lazy\" decoding=\"async\" class=\"wp-image-9281 aligncenter\" src=\"https:\/\/agora.xtec.cat\/col-alfageme-barcelona\/wp-content\/uploads\/usu2634\/2023\/06\/IMG_6205-min-1024x768.jpg\" alt=\"\" width=\"554\" height=\"415\" srcset=\"https:\/\/agora.xtec.cat\/col-alfageme-barcelona\/wp-content\/uploads\/usu2634\/2023\/06\/IMG_6205-min-1024x768.jpg 1024w, https:\/\/agora.xtec.cat\/col-alfageme-barcelona\/wp-content\/uploads\/usu2634\/2023\/06\/IMG_6205-min-300x225.jpg 300w, https:\/\/agora.xtec.cat\/col-alfageme-barcelona\/wp-content\/uploads\/usu2634\/2023\/06\/IMG_6205-min-768x576.jpg 768w, https:\/\/agora.xtec.cat\/col-alfageme-barcelona\/wp-content\/uploads\/usu2634\/2023\/06\/IMG_6205-min-1536x1152.jpg 1536w, https:\/\/agora.xtec.cat\/col-alfageme-barcelona\/wp-content\/uploads\/usu2634\/2023\/06\/IMG_6205-min-2048x1536.jpg 2048w, https:\/\/agora.xtec.cat\/col-alfageme-barcelona\/wp-content\/uploads\/usu2634\/2023\/06\/IMG_6205-min-200x150.jpg 200w\" sizes=\"auto, (max-width: 554px) 100vw, 554px\" \/> <img loading=\"lazy\" decoding=\"async\" class=\"alignnone wp-image-9282\" src=\"https:\/\/agora.xtec.cat\/col-alfageme-barcelona\/wp-content\/uploads\/usu2634\/2023\/06\/IMG_6206-min-1024x768.jpg\" alt=\"\" width=\"446\" height=\"334\" srcset=\"https:\/\/agora.xtec.cat\/col-alfageme-barcelona\/wp-content\/uploads\/usu2634\/2023\/06\/IMG_6206-min-1024x768.jpg 1024w, https:\/\/agora.xtec.cat\/col-alfageme-barcelona\/wp-content\/uploads\/usu2634\/2023\/06\/IMG_6206-min-300x225.jpg 300w, https:\/\/agora.xtec.cat\/col-alfageme-barcelona\/wp-content\/uploads\/usu2634\/2023\/06\/IMG_6206-min-768x576.jpg 768w, https:\/\/agora.xtec.cat\/col-alfageme-barcelona\/wp-content\/uploads\/usu2634\/2023\/06\/IMG_6206-min-1536x1152.jpg 1536w, https:\/\/agora.xtec.cat\/col-alfageme-barcelona\/wp-content\/uploads\/usu2634\/2023\/06\/IMG_6206-min-2048x1536.jpg 2048w, https:\/\/agora.xtec.cat\/col-alfageme-barcelona\/wp-content\/uploads\/usu2634\/2023\/06\/IMG_6206-min-200x150.jpg 200w\" sizes=\"auto, (max-width: 446px) 100vw, 446px\" \/> <img loading=\"lazy\" decoding=\"async\" class=\"alignnone wp-image-9283\" src=\"https:\/\/agora.xtec.cat\/col-alfageme-barcelona\/wp-content\/uploads\/usu2634\/2023\/06\/IMG_6209-min-1024x768.jpg\" alt=\"\" width=\"447\" height=\"335\" srcset=\"https:\/\/agora.xtec.cat\/col-alfageme-barcelona\/wp-content\/uploads\/usu2634\/2023\/06\/IMG_6209-min-1024x768.jpg 1024w, https:\/\/agora.xtec.cat\/col-alfageme-barcelona\/wp-content\/uploads\/usu2634\/2023\/06\/IMG_6209-min-300x225.jpg 300w, https:\/\/agora.xtec.cat\/col-alfageme-barcelona\/wp-content\/uploads\/usu2634\/2023\/06\/IMG_6209-min-768x576.jpg 768w, https:\/\/agora.xtec.cat\/col-alfageme-barcelona\/wp-content\/uploads\/usu2634\/2023\/06\/IMG_6209-min-1536x1152.jpg 1536w, https:\/\/agora.xtec.cat\/col-alfageme-barcelona\/wp-content\/uploads\/usu2634\/2023\/06\/IMG_6209-min-2048x1536.jpg 2048w, https:\/\/agora.xtec.cat\/col-alfageme-barcelona\/wp-content\/uploads\/usu2634\/2023\/06\/IMG_6209-min-200x150.jpg 200w\" sizes=\"auto, (max-width: 447px) 100vw, 447px\" \/><\/p>\n<p><strong>Jornada 5 &#8211; FINAL 6\u00e8<\/strong><\/p>\n<p><img loading=\"lazy\" decoding=\"async\" class=\"wp-image-9278 aligncenter\" src=\"https:\/\/agora.xtec.cat\/col-alfageme-barcelona\/wp-content\/uploads\/usu2634\/2023\/06\/IMG_6106-min-1024x768.jpg\" alt=\"\" width=\"532\" height=\"399\" srcset=\"https:\/\/agora.xtec.cat\/col-alfageme-barcelona\/wp-content\/uploads\/usu2634\/2023\/06\/IMG_6106-min-1024x768.jpg 1024w, https:\/\/agora.xtec.cat\/col-alfageme-barcelona\/wp-content\/uploads\/usu2634\/2023\/06\/IMG_6106-min-300x225.jpg 300w, https:\/\/agora.xtec.cat\/col-alfageme-barcelona\/wp-content\/uploads\/usu2634\/2023\/06\/IMG_6106-min-768x576.jpg 768w, https:\/\/agora.xtec.cat\/col-alfageme-barcelona\/wp-content\/uploads\/usu2634\/2023\/06\/IMG_6106-min-1536x1152.jpg 1536w, https:\/\/agora.xtec.cat\/col-alfageme-barcelona\/wp-content\/uploads\/usu2634\/2023\/06\/IMG_6106-min-2048x1536.jpg 2048w, https:\/\/agora.xtec.cat\/col-alfageme-barcelona\/wp-content\/uploads\/usu2634\/2023\/06\/IMG_6106-min-200x150.jpg 200w\" sizes=\"auto, (max-width: 532px) 100vw, 532px\" \/> <img loading=\"lazy\" decoding=\"async\" class=\"alignnone wp-image-9279\" src=\"https:\/\/agora.xtec.cat\/col-alfageme-barcelona\/wp-content\/uploads\/usu2634\/2023\/06\/IMG_6108-min-1024x768.jpg\" alt=\"\" width=\"442\" height=\"331\" srcset=\"https:\/\/agora.xtec.cat\/col-alfageme-barcelona\/wp-content\/uploads\/usu2634\/2023\/06\/IMG_6108-min-1024x768.jpg 1024w, https:\/\/agora.xtec.cat\/col-alfageme-barcelona\/wp-content\/uploads\/usu2634\/2023\/06\/IMG_6108-min-300x225.jpg 300w, https:\/\/agora.xtec.cat\/col-alfageme-barcelona\/wp-content\/uploads\/usu2634\/2023\/06\/IMG_6108-min-768x576.jpg 768w, https:\/\/agora.xtec.cat\/col-alfageme-barcelona\/wp-content\/uploads\/usu2634\/2023\/06\/IMG_6108-min-1536x1152.jpg 1536w, https:\/\/agora.xtec.cat\/col-alfageme-barcelona\/wp-content\/uploads\/usu2634\/2023\/06\/IMG_6108-min-2048x1536.jpg 2048w, https:\/\/agora.xtec.cat\/col-alfageme-barcelona\/wp-content\/uploads\/usu2634\/2023\/06\/IMG_6108-min-200x150.jpg 200w\" sizes=\"auto, (max-width: 442px) 100vw, 442px\" \/> <img loading=\"lazy\" decoding=\"async\" class=\"alignnone wp-image-9280\" src=\"https:\/\/agora.xtec.cat\/col-alfageme-barcelona\/wp-content\/uploads\/usu2634\/2023\/06\/IMG_6110-min-1024x768.jpg\" alt=\"\" width=\"446\" height=\"334\" srcset=\"https:\/\/agora.xtec.cat\/col-alfageme-barcelona\/wp-content\/uploads\/usu2634\/2023\/06\/IMG_6110-min-1024x768.jpg 1024w, https:\/\/agora.xtec.cat\/col-alfageme-barcelona\/wp-content\/uploads\/usu2634\/2023\/06\/IMG_6110-min-300x225.jpg 300w, https:\/\/agora.xtec.cat\/col-alfageme-barcelona\/wp-content\/uploads\/usu2634\/2023\/06\/IMG_6110-min-768x576.jpg 768w, https:\/\/agora.xtec.cat\/col-alfageme-barcelona\/wp-content\/uploads\/usu2634\/2023\/06\/IMG_6110-min-1536x1152.jpg 1536w, https:\/\/agora.xtec.cat\/col-alfageme-barcelona\/wp-content\/uploads\/usu2634\/2023\/06\/IMG_6110-min-2048x1536.jpg 2048w, https:\/\/agora.xtec.cat\/col-alfageme-barcelona\/wp-content\/uploads\/usu2634\/2023\/06\/IMG_6110-min-200x150.jpg 200w\" sizes=\"auto, (max-width: 446px) 100vw, 446px\" \/><\/p>\n","protected":false},"excerpt":{"rendered":"<p>En aquest projecte, hem integrat l&#8217;aprenentatge de la geografia d&#8217;una manera \u00fanica i emocionant, a trav\u00e9s d&#8217;un projecte basat en la lliga de futbol KingsLeague. Ens han envoltat la passi\u00f3 pel futbol i la curiositat per explorar diferents pa\u00efsos i cultures.<br \/>\nAmb l&#8217;objectiu d&#8217;enriquir el coneixement&hellip;  <a href=\"https:\/\/agora.xtec.cat\/col-alfageme-barcelona\/general\/projecte-de-socials-de-cicle-superior-country-league\/\" title=\"Read Projecte de socials de Cicle Superior: Country League\">Llegeix m\u00e9s\u00bb<\/a><\/p>\n","protected":false},"author":1,"featured_media":9217,"comment_status":"closed","ping_status":"closed","sticky":false,"template":"","format":"standard","meta":{"_bbp_topic_count":0,"_bbp_reply_count":0,"_bbp_total_topic_count":0,"_bbp_total_reply_count":0,"_bbp_voice_count":0,"_bbp_anonymous_reply_count":0,"_bbp_topic_count_hidden":0,"_bbp_reply_count_hidden":0,"_bbp_forum_subforum_count":0,"footnotes":""},"categories":[14,15,60,1],"tags":[],"class_list":["post-9204","post","type-post","status-publish","format-standard","has-post-thumbnail","hentry","category-5e","category-6e","category-educacio-primaria","category-general"],"post_mailing_queue_ids":[],"_links":{"self":[{"href":"https:\/\/agora.xtec.cat\/col-alfageme-barcelona\/wp-json\/wp\/v2\/posts\/9204","targetHints":{"allow":["GET"]}}],"collection":[{"href":"https:\/\/agora.xtec.cat\/col-alfageme-barcelona\/wp-json\/wp\/v2\/posts"}],"about":[{"href":"https:\/\/agora.xtec.cat\/col-alfageme-barcelona\/wp-json\/wp\/v2\/types\/post"}],"author":[{"embeddable":true,"href":"https:\/\/agora.xtec.cat\/col-alfageme-barcelona\/wp-json\/wp\/v2\/users\/1"}],"replies":[{"embeddable":true,"href":"https:\/\/agora.xtec.cat\/col-alfageme-barcelona\/wp-json\/wp\/v2\/comments?post=9204"}],"version-history":[{"count":3,"href":"https:\/\/agora.xtec.cat\/col-alfageme-barcelona\/wp-json\/wp\/v2\/posts\/9204\/revisions"}],"predecessor-version":[{"id":9290,"href":"https:\/\/agora.xtec.cat\/col-alfageme-barcelona\/wp-json\/wp\/v2\/posts\/9204\/revisions\/9290"}],"wp:featuredmedia":[{"embeddable":true,"href":"https:\/\/agora.xtec.cat\/col-alfageme-barcelona\/wp-json\/wp\/v2\/media\/9217"}],"wp:attachment":[{"href":"https:\/\/agora.xtec.cat\/col-alfageme-barcelona\/wp-json\/wp\/v2\/media?parent=9204"}],"wp:term":[{"taxonomy":"category","embeddable":true,"href":"https:\/\/agora.xtec.cat\/col-alfageme-barcelona\/wp-json\/wp\/v2\/categories?post=9204"},{"taxonomy":"post_tag","embeddable":true,"href":"https:\/\/agora.xtec.cat\/col-alfageme-barcelona\/wp-json\/wp\/v2\/tags?post=9204"}],"curies":[{"name":"wp","href":"https:\/\/api.w.org\/{rel}","templated":true}]}}