{"id":788,"date":"2019-12-18T20:24:00","date_gmt":"2019-12-18T19:24:00","guid":{"rendered":"https:\/\/agora.xtec.cat\/col-alfageme-barcelona\/general\/una-visita-molt-guau-a-5e-la-blue\/"},"modified":"2022-03-13T12:24:13","modified_gmt":"2022-03-13T11:24:13","slug":"una-visita-molt-guau-a-5e-la-blue","status":"publish","type":"post","link":"https:\/\/agora.xtec.cat\/col-alfageme-barcelona\/general\/una-visita-molt-guau-a-5e-la-blue\/","title":{"rendered":"Una visita molt &#8216;guau&#8217; a 5\u00e8: la Blue."},"content":{"rendered":"<div style=\"text-align: center;\"><span style=\"font-family: &quot;arial&quot; , &quot;helvetica&quot; , sans-serif;\">Els nens i les nenes de 5\u00e8 han tingut dues visites molt maques avui: la Raquel i la Blue. La Raquel \u00e9s la mare de la J\u00falia Cu. i la Blue, la seva gosseta.<\/span><\/p>\n<div style=\"clear: both; text-align: center;\"><a href=\"https:\/\/1.bp.blogspot.com\/-TLcZW13NJyQ\/XfpuYdiiXII\/AAAAAAAAG4M\/h8ljzm6vDgonP_KbLjpeQWLyq2Ktlcm8wCLcBGAsYHQ\/s1600\/IMG_20191218_165028.jpg\" style=\"margin-left: 1em; margin-right: 1em;\"><img loading=\"lazy\" decoding=\"async\" border=\"0\" data-original-height=\"904\" data-original-width=\"1600\" height=\"225\" src=\"https:\/\/1.bp.blogspot.com\/-TLcZW13NJyQ\/XfpuYdiiXII\/AAAAAAAAG4M\/h8ljzm6vDgonP_KbLjpeQWLyq2Ktlcm8wCLcBGAsYHQ\/s400\/IMG_20191218_165028.jpg\" width=\"400\" \/><\/a><\/div>\n<\/div>\n<div style=\"text-align: center;\"><span style=\"font-family: &quot;arial&quot; , &quot;helvetica&quot; , sans-serif;\">La Blue t\u00e9 6 anys i era, en un principi, de la tieta de la J\u00falia. Per\u00f2 com que es passava molt de temps sola a casa, els avis li van dir que l&#8217;anirien a treure a passejar. I, de mica en mica, es va acabar quedant a casa dels avis. Ara tamb\u00e9 per\u00f2 hi ha dies que tamb\u00e9 els passa a casa de la J\u00falia.<\/span><\/div>\n<div style=\"text-align: center;\"><span style=\"font-family: &quot;arial&quot; , &quot;helvetica&quot; , sans-serif;\"><br \/><\/span><\/p>\n<div style=\"clear: both; text-align: center;\"><a href=\"https:\/\/1.bp.blogspot.com\/-omTj2UP28U4\/XfpuhTneKtI\/AAAAAAAAG4Y\/csR5cszHVX0YHN4mttcCwNbCEOpwMhCBgCLcBGAsYHQ\/s1600\/blue1.jpg\" style=\"margin-left: 1em; margin-right: 1em;\"><img loading=\"lazy\" decoding=\"async\" border=\"0\" data-original-height=\"890\" data-original-width=\"1600\" height=\"221\" src=\"https:\/\/1.bp.blogspot.com\/-omTj2UP28U4\/XfpuhTneKtI\/AAAAAAAAG4Y\/csR5cszHVX0YHN4mttcCwNbCEOpwMhCBgCLcBGAsYHQ\/s400\/blue1.jpg\" width=\"400\" \/><\/a><\/div>\n<\/div>\n<div style=\"text-align: center;\"><span style=\"font-family: &quot;arial&quot; , &quot;helvetica&quot; , sans-serif;\"><br \/><\/span><\/div>\n<div style=\"text-align: center;\"><span style=\"font-family: &quot;arial&quot; , &quot;helvetica&quot; , sans-serif;\">La Blue t\u00e9 6 anys i \u00e9s de la ra\u00e7a <i style=\"font-weight: bold;\">Bich\u00f3n Malt\u00e9s <\/i>tamany petit. Va venir d&#8217;un criador de Castell\u00f3 que la germana de la mare coneixia perqu\u00e8 treballa a Royal Canin. Quan va arribar a casa de la tieta de la J\u00falia tenia 7 mesos. Ha explicat que era com una piloteta petita. \u00c9s de ra\u00e7a albina i t\u00e9 un est\u00f3mac molt petit, no pot menjar segons quines coses. Menja pinso per est\u00f3macs delicats i li encanten les llaminadures. Quan era petita, li van detectar un buf al cor i la van haver d&#8217;operar. Amb el temps, va tornar a passar per quir\u00f2fan per esterilitzar-la.&nbsp;<\/span><\/div>\n<div style=\"text-align: center;\"><span style=\"font-family: &quot;arial&quot; , &quot;helvetica&quot; , sans-serif;\"><br \/><\/span><\/div>\n<div style=\"text-align: center;\">\n<div style=\"clear: both; text-align: center;\"><a href=\"https:\/\/1.bp.blogspot.com\/-Ep6wAB5DVGI\/Xfpuhay8KOI\/AAAAAAAAG4U\/ufntseuClpgL2N6suEBu5E4gIXqQ7M-PACEwYBhgL\/s1600\/blue11.jpg\" style=\"margin-left: 1em; margin-right: 1em;\"><img loading=\"lazy\" decoding=\"async\" border=\"0\" data-original-height=\"890\" data-original-width=\"1600\" height=\"221\" src=\"https:\/\/1.bp.blogspot.com\/-Ep6wAB5DVGI\/Xfpuhay8KOI\/AAAAAAAAG4U\/ufntseuClpgL2N6suEBu5E4gIXqQ7M-PACEwYBhgL\/s400\/blue11.jpg\" width=\"400\" \/><\/a><\/div>\n<\/div>\n<div style=\"text-align: center;\"><span style=\"font-family: &quot;arial&quot; , &quot;helvetica&quot; , sans-serif;\"><\/span><\/div>\n<div style=\"text-align: center;\"><span style=\"font-family: &quot;arial&quot; , &quot;helvetica&quot; , sans-serif;\"><br \/><\/span><\/div>\n<div style=\"text-align: center;\"><span style=\"font-family: &quot;arial&quot; , &quot;helvetica&quot; , sans-serif;\">Ha explicat una an\u00e8cdota d&#8217;un dia que va anar al pipican i un cadell de gos llaurador es va posar a jugar amb la Blue i, sense voler, li va donar un cop a l&#8217;esquena amb la pota. Des d&#8217;aleshores, cada cop que veu un gos m\u00e9s gran que ella, comen\u00e7a a bordar com per dir: ep, que estic aqu\u00ed!<\/span><\/p>\n<div style=\"clear: both; text-align: center;\"><a href=\"https:\/\/1.bp.blogspot.com\/-Zbpv7cAs7mo\/XfputmHpjMI\/AAAAAAAAG4c\/FmBNJOFi7tUi0rZEouQ9I-8BrgFuyQQFQCLcBGAsYHQ\/s1600\/IMG_20191218_165600.jpg\" style=\"margin-left: 1em; margin-right: 1em;\"><img loading=\"lazy\" decoding=\"async\" border=\"0\" data-original-height=\"904\" data-original-width=\"1600\" height=\"225\" src=\"https:\/\/1.bp.blogspot.com\/-Zbpv7cAs7mo\/XfputmHpjMI\/AAAAAAAAG4c\/FmBNJOFi7tUi0rZEouQ9I-8BrgFuyQQFQCLcBGAsYHQ\/s400\/IMG_20191218_165600.jpg\" width=\"400\" \/><\/a><\/div>\n<\/div>\n<div style=\"text-align: center;\"><span style=\"font-family: &quot;arial&quot; , &quot;helvetica&quot; , sans-serif;\"><\/span><\/div>\n<div style=\"text-align: center;\"><span style=\"font-family: &quot;arial&quot; , &quot;helvetica&quot; , sans-serif;\">Una altra an\u00e8cdota que ha explicat \u00e9s que un dia estaven a casa mirant la TV i en un anunci s&#8217;escoltava un timbre. La Blue es va posar a bordar perqu\u00e8 pensava que era el de casa. Per m\u00e9s que li deien que no, ella seguia bordant. Van riure molt.<\/span><\/div>\n<div style=\"text-align: center;\"><span style=\"font-family: &quot;arial&quot; , &quot;helvetica&quot; , sans-serif;\"><\/span><\/div>\n<div style=\"text-align: center;\"><span style=\"font-family: &quot;arial&quot; , &quot;helvetica&quot; , sans-serif;\">I tamb\u00e9 ha explicat que no li agraden gens les pastilles antiparasit\u00e0ries. Li amagaven en un tros de fuet, de gall dindi etc, i es menjava tot menys la pastilla. Finalment, n&#8217;han trobat unes que estan amagades dins d&#8217;una llaminadura i d&#8217;aquesta manera l&#8217;aconsegueixen enganyar.<\/span><\/div>\n<div style=\"text-align: center;\"><span style=\"font-family: &quot;arial&quot; , &quot;helvetica&quot; , sans-serif;\">La Raquel ha dit que als animals se&#8217;ls ha d&#8217;estimar i cuidar molt. Que \u00e9s una responsabilitat molt gran i molt maca tenir un animal. Ells ens estimen i nosaltres els hem de tractar b\u00e9.&nbsp;<\/span><\/p>\n<div style=\"clear: both; text-align: center;\"><a href=\"https:\/\/1.bp.blogspot.com\/-FH6j1ypV6RU\/XfpufGU-wGI\/AAAAAAAAG4Q\/GUF0LtMcCU4l27pryR81_PKuPusWSVDjQCEwYBhgL\/s1600\/blue.jpg\" style=\"margin-left: 1em; margin-right: 1em;\"><img loading=\"lazy\" decoding=\"async\" border=\"0\" data-original-height=\"1486\" data-original-width=\"1600\" height=\"371\" src=\"https:\/\/1.bp.blogspot.com\/-FH6j1ypV6RU\/XfpufGU-wGI\/AAAAAAAAG4Q\/GUF0LtMcCU4l27pryR81_PKuPusWSVDjQCEwYBhgL\/s400\/blue.jpg\" width=\"400\" \/><\/a><\/div>\n<\/div>\n<div style=\"text-align: center;\"><span style=\"font-family: &quot;arial&quot; , &quot;helvetica&quot; , sans-serif;\">Moltes gr\u00e0cies, Raquel i Blue, per haver vingut a classe. Ha estat una visita molt maca i entranyable. Torneu quan vulgueu!<\/span><\/div>\n","protected":false},"excerpt":{"rendered":"<p>Els nens i les nenes de 5\u00e8 han tingut dues visites molt maques avui: la Raquel i la Blue. La Raquel \u00e9s la mare de la J\u00falia Cu. i la Blue, la seva gosseta.<br \/>\n<a href=\"https:\/\/1.bp.blogspot.com\/-TLcZW13NJyQ\/XfpuYdiiXII\/AAAAAAAAG4M\/h8ljzm6vDgonP_KbLjpeQWLyq2Ktlcm8wCLcBGAsYHQ\/s1600\/IMG_20191218_165028.jpg\" style=\"margin-left: 1em; margin-right: 1em;\"><\/a><\/p>\n<p>La Blue t\u00e9 6 anys i era,&hellip;  <a href=\"https:\/\/agora.xtec.cat\/col-alfageme-barcelona\/general\/una-visita-molt-guau-a-5e-la-blue\/\" title=\"Read Una visita molt &#8216;guau&#8217; a 5\u00e8: la Blue.\">Llegeix m\u00e9s\u00bb<\/a><\/p>\n","protected":false},"author":3,"featured_media":0,"comment_status":"open","ping_status":"closed","sticky":false,"template":"","format":"standard","meta":{"_bbp_topic_count":0,"_bbp_reply_count":0,"_bbp_total_topic_count":0,"_bbp_total_reply_count":0,"_bbp_voice_count":0,"_bbp_anonymous_reply_count":0,"_bbp_topic_count_hidden":0,"_bbp_reply_count_hidden":0,"_bbp_forum_subforum_count":0,"footnotes":""},"categories":[60,62,1],"tags":[],"class_list":["post-788","post","type-post","status-publish","format-standard","hentry","category-educacio-primaria","category-foment-de-la-lectura","category-general"],"post_mailing_queue_ids":[],"_links":{"self":[{"href":"https:\/\/agora.xtec.cat\/col-alfageme-barcelona\/wp-json\/wp\/v2\/posts\/788","targetHints":{"allow":["GET"]}}],"collection":[{"href":"https:\/\/agora.xtec.cat\/col-alfageme-barcelona\/wp-json\/wp\/v2\/posts"}],"about":[{"href":"https:\/\/agora.xtec.cat\/col-alfageme-barcelona\/wp-json\/wp\/v2\/types\/post"}],"author":[{"embeddable":true,"href":"https:\/\/agora.xtec.cat\/col-alfageme-barcelona\/wp-json\/wp\/v2\/users\/3"}],"replies":[{"embeddable":true,"href":"https:\/\/agora.xtec.cat\/col-alfageme-barcelona\/wp-json\/wp\/v2\/comments?post=788"}],"version-history":[{"count":1,"href":"https:\/\/agora.xtec.cat\/col-alfageme-barcelona\/wp-json\/wp\/v2\/posts\/788\/revisions"}],"predecessor-version":[{"id":4258,"href":"https:\/\/agora.xtec.cat\/col-alfageme-barcelona\/wp-json\/wp\/v2\/posts\/788\/revisions\/4258"}],"wp:attachment":[{"href":"https:\/\/agora.xtec.cat\/col-alfageme-barcelona\/wp-json\/wp\/v2\/media?parent=788"}],"wp:term":[{"taxonomy":"category","embeddable":true,"href":"https:\/\/agora.xtec.cat\/col-alfageme-barcelona\/wp-json\/wp\/v2\/categories?post=788"},{"taxonomy":"post_tag","embeddable":true,"href":"https:\/\/agora.xtec.cat\/col-alfageme-barcelona\/wp-json\/wp\/v2\/tags?post=788"}],"curies":[{"name":"wp","href":"https:\/\/api.w.org\/{rel}","templated":true}]}}