{"id":770,"date":"2020-02-05T15:07:00","date_gmt":"2020-02-05T14:07:00","guid":{"rendered":"https:\/\/agora.xtec.cat\/col-alfageme-barcelona\/general\/parlem-de-fotografia-a-6e\/"},"modified":"2022-03-13T12:21:56","modified_gmt":"2022-03-13T11:21:56","slug":"parlem-de-fotografia-a-6e","status":"publish","type":"post","link":"https:\/\/agora.xtec.cat\/col-alfageme-barcelona\/general\/parlem-de-fotografia-a-6e\/","title":{"rendered":"Parlem de fotografia a 6\u00e8"},"content":{"rendered":"<div style=\"text-align: center;\"><span style=\"font-family: Arial, Helvetica, sans-serif;\">El passat divendres, els nens i les nenes de 6\u00e8 van rebre la visita del President de Fotografia de Catalunya, avi del V\u00edctor de 5\u00e8 i la Sara d&#8217;EI5. Va explicar informaci\u00f3 molt interessant sobre el m\u00f3n de la fotografia.&nbsp;<\/span><\/div>\n<div style=\"text-align: center;\"><span style=\"font-family: Arial, Helvetica, sans-serif;\"><br \/><\/span><\/div>\n<div style=\"clear: both; text-align: center;\"><a href=\"https:\/\/1.bp.blogspot.com\/-puRSM3rmAg4\/Xjq9edwJN6I\/AAAAAAAAHNk\/JRZAGRZD4zYFHO2WulognL96psOo92ANACLcBGAsYHQ\/s1600\/1.jpg\" style=\"margin-left: 1em; margin-right: 1em;\"><img loading=\"lazy\" decoding=\"async\" border=\"0\" data-original-height=\"1280\" data-original-width=\"1280\" height=\"400\" src=\"https:\/\/1.bp.blogspot.com\/-puRSM3rmAg4\/Xjq9edwJN6I\/AAAAAAAAHNk\/JRZAGRZD4zYFHO2WulognL96psOo92ANACLcBGAsYHQ\/s400\/1.jpg\" width=\"400\" \/><\/a><\/div>\n<div style=\"text-align: center;\"><span style=\"font-family: Arial, Helvetica, sans-serif;\"><br \/><\/span><\/div>\n<div style=\"text-align: center;\"><span style=\"font-family: Arial, Helvetica, sans-serif;\">El grup va aprendre dades b\u00e0siques sobre fotografia i va poder veure i tocar c\u00e0meres fotogr\u00e0fiques dels anys 70. Tamb\u00e9 van poder mirar a trav\u00e9s de c\u00e0meres fetes a ma amb capses de sabates.&nbsp;<\/span><\/div>\n<div style=\"text-align: center;\"><span style=\"font-family: Arial, Helvetica, sans-serif;\"><br \/><\/span><\/div>\n<div style=\"text-align: center;\"><span style=\"font-family: Arial, Helvetica, sans-serif;\">Moltes gr\u00e0cies, senyor Jos\u00e9 Antonio, per regalar-nos el seu coneixement i el seu temps, hem gaudit molt!<\/span><\/div>\n","protected":false},"excerpt":{"rendered":"<p>El passat divendres, els nens i les nenes de 6\u00e8 van rebre la visita del President de Fotografia de Catalunya, avi del V\u00edctor de 5\u00e8 i la Sara d&#8217;EI5. Va explicar informaci\u00f3 molt interessant sobre el m\u00f3n de la fotografia.&nbsp;<\/p>\n<p><a href=\"https:\/\/1.bp.blogspot.com\/-puRSM3rmAg4\/Xjq9edwJN6I\/AAAAAAAAHNk\/JRZAGRZD4zYFHO2WulognL96psOo92ANACLcBGAsYHQ\/s1600\/1.jpg\" style=\"margin-left: 1em; margin-right: 1em;\"><\/a><\/p>\n<p>El&hellip;  <a href=\"https:\/\/agora.xtec.cat\/col-alfageme-barcelona\/general\/parlem-de-fotografia-a-6e\/\" title=\"Read Parlem de fotografia a 6\u00e8\">Llegeix m\u00e9s\u00bb<\/a><\/p>\n","protected":false},"author":3,"featured_media":0,"comment_status":"open","ping_status":"closed","sticky":false,"template":"","format":"standard","meta":{"_bbp_topic_count":0,"_bbp_reply_count":0,"_bbp_total_topic_count":0,"_bbp_total_reply_count":0,"_bbp_voice_count":0,"_bbp_anonymous_reply_count":0,"_bbp_topic_count_hidden":0,"_bbp_reply_count_hidden":0,"_bbp_forum_subforum_count":0,"footnotes":""},"categories":[60,62,1],"tags":[],"class_list":["post-770","post","type-post","status-publish","format-standard","hentry","category-educacio-primaria","category-foment-de-la-lectura","category-general"],"post_mailing_queue_ids":[],"_links":{"self":[{"href":"https:\/\/agora.xtec.cat\/col-alfageme-barcelona\/wp-json\/wp\/v2\/posts\/770","targetHints":{"allow":["GET"]}}],"collection":[{"href":"https:\/\/agora.xtec.cat\/col-alfageme-barcelona\/wp-json\/wp\/v2\/posts"}],"about":[{"href":"https:\/\/agora.xtec.cat\/col-alfageme-barcelona\/wp-json\/wp\/v2\/types\/post"}],"author":[{"embeddable":true,"href":"https:\/\/agora.xtec.cat\/col-alfageme-barcelona\/wp-json\/wp\/v2\/users\/3"}],"replies":[{"embeddable":true,"href":"https:\/\/agora.xtec.cat\/col-alfageme-barcelona\/wp-json\/wp\/v2\/comments?post=770"}],"version-history":[{"count":1,"href":"https:\/\/agora.xtec.cat\/col-alfageme-barcelona\/wp-json\/wp\/v2\/posts\/770\/revisions"}],"predecessor-version":[{"id":4240,"href":"https:\/\/agora.xtec.cat\/col-alfageme-barcelona\/wp-json\/wp\/v2\/posts\/770\/revisions\/4240"}],"wp:attachment":[{"href":"https:\/\/agora.xtec.cat\/col-alfageme-barcelona\/wp-json\/wp\/v2\/media?parent=770"}],"wp:term":[{"taxonomy":"category","embeddable":true,"href":"https:\/\/agora.xtec.cat\/col-alfageme-barcelona\/wp-json\/wp\/v2\/categories?post=770"},{"taxonomy":"post_tag","embeddable":true,"href":"https:\/\/agora.xtec.cat\/col-alfageme-barcelona\/wp-json\/wp\/v2\/tags?post=770"}],"curies":[{"name":"wp","href":"https:\/\/api.w.org\/{rel}","templated":true}]}}