{"id":769,"date":"2020-02-05T18:33:00","date_gmt":"2020-02-05T17:33:00","guid":{"rendered":"https:\/\/agora.xtec.cat\/col-alfageme-barcelona\/general\/cicle-superior-al-caixaforum\/"},"modified":"2022-03-13T12:21:50","modified_gmt":"2022-03-13T11:21:50","slug":"cicle-superior-al-caixaforum","status":"publish","type":"post","link":"https:\/\/agora.xtec.cat\/col-alfageme-barcelona\/general\/cicle-superior-al-caixaforum\/","title":{"rendered":"Cicle Superior al CaixaForum"},"content":{"rendered":"<p><\/p>\n<div style=\"text-align: center;\"><span style=\"font-family: &quot;arial&quot; , &quot;helvetica&quot; , sans-serif;\">Els nens i les nenes de Cicle Superior han anat al CaixaForum a fer dues activitats. La primera, una visita dinamitzada a l&#8217;exposici\u00f3 <b>C\u00e0mara i ciutat. <\/b>I l&#8217;altra, un taller anomenat <b>Bufar i fer ci\u00e8ncia<\/b>.&nbsp;<\/span><\/p>\n<div style=\"clear: both; text-align: center;\"><a href=\"https:\/\/1.bp.blogspot.com\/-NCNwQ9c9UFI\/Xjrpu3_vntI\/AAAAAAAAHNw\/OXuPKym1CSwhP2OHrdz3ib09KYLP-nvDACLcBGAsYHQ\/s1600\/IMG_20200205_094702.jpg\" style=\"margin-left: 1em; margin-right: 1em;\"><img loading=\"lazy\" decoding=\"async\" border=\"0\" data-original-height=\"904\" data-original-width=\"1600\" height=\"225\" src=\"https:\/\/1.bp.blogspot.com\/-NCNwQ9c9UFI\/Xjrpu3_vntI\/AAAAAAAAHNw\/OXuPKym1CSwhP2OHrdz3ib09KYLP-nvDACLcBGAsYHQ\/s400\/IMG_20200205_094702.jpg\" width=\"400\" \/><\/a><\/div>\n<p><\/div>\n<div style=\"text-align: center;\"><span style=\"font-family: &quot;arial&quot; , &quot;helvetica&quot; , sans-serif;\">A l&#8217;exposici\u00f3 han vist diferents tipus de fotografies, totes fetes amb c\u00e0mara a la ciutat. Les primeres que han vist han estat de gratacels de l&#8217;any 1920: Empire State Building, Torre Eiffel&#8230;Als fot\u00f2grafs els interessava fotografiar aquests edificis i a l&#8217;exposici\u00f3 hi ha edificis fotografiats des de diferents llocs i perspectives.&nbsp;<\/span><br \/><span style=\"font-family: &quot;arial&quot; , &quot;helvetica&quot; , sans-serif;\"><br \/><\/span><\/p>\n<div style=\"clear: both; text-align: center;\"><a href=\"https:\/\/1.bp.blogspot.com\/-Kb70t1VLj-I\/Xjrqy9abekI\/AAAAAAAAHO0\/l05A8SAwJPEdfN2c6bqEfU3nx-IXE3dIgCLcBGAsYHQ\/s1600\/1580895542739.jpg\" style=\"margin-left: 1em; margin-right: 1em;\"><img loading=\"lazy\" decoding=\"async\" border=\"0\" data-original-height=\"1536\" data-original-width=\"1536\" height=\"400\" src=\"https:\/\/1.bp.blogspot.com\/-Kb70t1VLj-I\/Xjrqy9abekI\/AAAAAAAAHO0\/l05A8SAwJPEdfN2c6bqEfU3nx-IXE3dIgCLcBGAsYHQ\/s400\/1580895542739.jpg\" width=\"400\" \/><\/a><\/div>\n<p><span style=\"font-family: &quot;arial&quot; , &quot;helvetica&quot; , sans-serif;\">Segons el punt de vista, la foto pot ser d&#8217;una manera o d&#8217;una altra molt diferent. Per grups, han hagut de localitzar diferents fotos que els ha proposat la guia pr\u00e8viament. Despr\u00e9s, les han comentat entre totes i tots.&nbsp;<\/span><br \/><span style=\"font-family: &quot;arial&quot; , &quot;helvetica&quot; , sans-serif;\"><br \/><\/span><\/p>\n<div style=\"clear: both; text-align: center;\"><a href=\"https:\/\/1.bp.blogspot.com\/-pPqV01vylyI\/Xjrpu164XcI\/AAAAAAAAHNs\/Ks7VABpYDe4Zcp5Q1IW4cSkl2nW4quC7QCEwYBhgL\/s1600\/1580895393938.jpg\" style=\"margin-left: 1em; margin-right: 1em;\"><img loading=\"lazy\" decoding=\"async\" border=\"0\" data-original-height=\"1536\" data-original-width=\"1536\" height=\"400\" src=\"https:\/\/1.bp.blogspot.com\/-pPqV01vylyI\/Xjrpu164XcI\/AAAAAAAAHNs\/Ks7VABpYDe4Zcp5Q1IW4cSkl2nW4quC7QCEwYBhgL\/s400\/1580895393938.jpg\" width=\"400\" \/><\/a><\/div>\n<div style=\"clear: both; text-align: center;\"><a href=\"https:\/\/1.bp.blogspot.com\/-Om5FU56y7UI\/XjrqVJmFVqI\/AAAAAAAAHOU\/0iGK2ElMYhcdHhdL38hx6yy6TpWyKpppgCLcBGAsYHQ\/s1600\/1580895332760.jpg\" style=\"margin-left: 1em; margin-right: 1em;\"><img loading=\"lazy\" decoding=\"async\" border=\"0\" data-original-height=\"1536\" data-original-width=\"1536\" height=\"400\" src=\"https:\/\/1.bp.blogspot.com\/-Om5FU56y7UI\/XjrqVJmFVqI\/AAAAAAAAHOU\/0iGK2ElMYhcdHhdL38hx6yy6TpWyKpppgCLcBGAsYHQ\/s400\/1580895332760.jpg\" width=\"400\" \/><\/a><\/div>\n<p><\/p>\n<div style=\"clear: both; text-align: center;\"><a href=\"https:\/\/1.bp.blogspot.com\/-gB3nuReys08\/XjrqVKZgUeI\/AAAAAAAAHOc\/FnS-S8FO_FYty_LgEwz8xQIIGFI_rniZACLcBGAsYHQ\/s1600\/1580895351597.jpg\" style=\"margin-left: 1em; margin-right: 1em;\"><img loading=\"lazy\" decoding=\"async\" border=\"0\" data-original-height=\"1536\" data-original-width=\"1536\" height=\"400\" src=\"https:\/\/1.bp.blogspot.com\/-gB3nuReys08\/XjrqVKZgUeI\/AAAAAAAAHOc\/FnS-S8FO_FYty_LgEwz8xQIIGFI_rniZACLcBGAsYHQ\/s400\/1580895351597.jpg\" width=\"400\" \/><\/a><\/div>\n<p><\/p>\n<div style=\"clear: both; text-align: center;\"><\/div>\n<p><span style=\"font-family: arial, helvetica, sans-serif;\">A continuaci\u00f3, han mirat fotos de persones i han parlat sobre les diferents maneres de fotografiar-les.<\/span><br \/><span style=\"font-family: &quot;arial&quot; , &quot;helvetica&quot; , sans-serif;\"><br \/><\/span><\/p>\n<div style=\"clear: both; text-align: center;\"><a href=\"https:\/\/1.bp.blogspot.com\/-RZP1faSM0qE\/XjrqyjvvD8I\/AAAAAAAAHOw\/mEzqejGRTr8P3yXoO5aMNpQl-ZC57iAWwCLcBGAsYHQ\/s1600\/1580898605745.jpg\" style=\"margin-left: 1em; margin-right: 1em;\"><img loading=\"lazy\" decoding=\"async\" border=\"0\" data-original-height=\"1536\" data-original-width=\"1536\" height=\"400\" src=\"https:\/\/1.bp.blogspot.com\/-RZP1faSM0qE\/XjrqyjvvD8I\/AAAAAAAAHOw\/mEzqejGRTr8P3yXoO5aMNpQl-ZC57iAWwCLcBGAsYHQ\/s400\/1580898605745.jpg\" width=\"400\" \/><\/a><\/div>\n<div style=\"clear: both; text-align: center;\"><\/div>\n<div style=\"clear: both; text-align: center;\"><span style=\"font-family: Arial, Helvetica, sans-serif;\">La J\u00falia i l&#8217;Ainara han fet dues fotos amb una c\u00e0mara Polaroid.<\/span><\/div>\n<div style=\"clear: both; text-align: center;\"><span style=\"font-family: Arial, Helvetica, sans-serif;\"><br \/><\/span><\/div>\n<div style=\"clear: both; text-align: center;\"><a href=\"https:\/\/1.bp.blogspot.com\/-IIJ-2nb2Bqo\/XjrqytzT42I\/AAAAAAAAHOs\/3c3iVopx4DgEF4DUT9UDApHOy_Ri7CrnwCLcBGAsYHQ\/s1600\/1580898546382.jpg\" style=\"margin-left: 1em; margin-right: 1em;\"><img loading=\"lazy\" decoding=\"async\" border=\"0\" data-original-height=\"1536\" data-original-width=\"1536\" height=\"400\" src=\"https:\/\/1.bp.blogspot.com\/-IIJ-2nb2Bqo\/XjrqytzT42I\/AAAAAAAAHOs\/3c3iVopx4DgEF4DUT9UDApHOy_Ri7CrnwCLcBGAsYHQ\/s400\/1580898546382.jpg\" width=\"400\" \/><\/a><\/div>\n<div style=\"clear: both; text-align: center;\"><\/div>\n<div style=\"clear: both; text-align: center;\"><a href=\"https:\/\/1.bp.blogspot.com\/-CQl3ka-V3nQ\/Xjrq0-KXiWI\/AAAAAAAAHPE\/jYivUdAY8SUjLda5LiHWfAyY4LYgrVaxQCLcBGAsYHQ\/s1600\/IMG_20200205_112812.jpg\" style=\"margin-left: 1em; margin-right: 1em;\"><img loading=\"lazy\" decoding=\"async\" border=\"0\" data-original-height=\"1600\" data-original-width=\"1600\" height=\"400\" src=\"https:\/\/1.bp.blogspot.com\/-CQl3ka-V3nQ\/Xjrq0-KXiWI\/AAAAAAAAHPE\/jYivUdAY8SUjLda5LiHWfAyY4LYgrVaxQCLcBGAsYHQ\/s400\/IMG_20200205_112812.jpg\" width=\"400\" \/><\/a><\/div>\n<div style=\"clear: both; text-align: center;\"><\/div>\n<div style=\"clear: both; text-align: center;\"><span style=\"font-family: Arial, Helvetica, sans-serif;\">La visita dinamitzada ha acabat a l&#8217;espai <b>Escenes Urbanes <\/b>on, per grups, han hagut de crear quatre escenes urbanes diferents. Els resultats han estat molt interessants!<\/span><\/div>\n<p><span style=\"font-family: &quot;arial&quot; , &quot;helvetica&quot; , sans-serif;\"><br \/><\/span><\/p>\n<div style=\"clear: both; text-align: center;\"><a href=\"https:\/\/1.bp.blogspot.com\/-1KVDCdo045A\/XjrpvUwT6xI\/AAAAAAAAHN0\/EIzPXySJjNwCbDAQpEo1WeeV2XuWAvcnACEwYBhgL\/s1600\/IMG_20200205_111218.jpg\" style=\"margin-left: 1em; margin-right: 1em;\"><img loading=\"lazy\" decoding=\"async\" border=\"0\" data-original-height=\"904\" data-original-width=\"1600\" height=\"225\" src=\"https:\/\/1.bp.blogspot.com\/-1KVDCdo045A\/XjrpvUwT6xI\/AAAAAAAAHN0\/EIzPXySJjNwCbDAQpEo1WeeV2XuWAvcnACEwYBhgL\/s400\/IMG_20200205_111218.jpg\" width=\"400\" \/><\/a><\/div>\n<p><\/p>\n<div style=\"clear: both; text-align: center;\"><a href=\"https:\/\/1.bp.blogspot.com\/-KDEpwifHaG4\/Xjrpv-H2-ZI\/AAAAAAAAHN4\/lG4en_iBuLIMEyTt0A_qTQsh5-SrTBnsgCEwYBhgL\/s1600\/IMG_20200205_111237.jpg\" style=\"margin-left: 1em; margin-right: 1em;\"><img loading=\"lazy\" decoding=\"async\" border=\"0\" data-original-height=\"904\" data-original-width=\"1600\" height=\"225\" src=\"https:\/\/1.bp.blogspot.com\/-KDEpwifHaG4\/Xjrpv-H2-ZI\/AAAAAAAAHN4\/lG4en_iBuLIMEyTt0A_qTQsh5-SrTBnsgCEwYBhgL\/s400\/IMG_20200205_111237.jpg\" width=\"400\" \/><\/a><\/div>\n<p><\/p>\n<div style=\"clear: both; text-align: center;\"><a href=\"https:\/\/1.bp.blogspot.com\/-VKmFWfk9N8Q\/Xjrpw44x8iI\/AAAAAAAAHOA\/6uQdg3ouM1s3f3DmTyLgrE9SHH_wfQBzwCEwYBhgL\/s1600\/IMG_20200205_111318.jpg\" style=\"margin-left: 1em; margin-right: 1em;\"><img loading=\"lazy\" decoding=\"async\" border=\"0\" data-original-height=\"904\" data-original-width=\"1600\" height=\"225\" src=\"https:\/\/1.bp.blogspot.com\/-VKmFWfk9N8Q\/Xjrpw44x8iI\/AAAAAAAAHOA\/6uQdg3ouM1s3f3DmTyLgrE9SHH_wfQBzwCEwYBhgL\/s400\/IMG_20200205_111318.jpg\" width=\"400\" \/><\/a><\/div>\n<p><\/p>\n<div style=\"clear: both; text-align: center;\"><a href=\"https:\/\/1.bp.blogspot.com\/-UQVXfWYbyIY\/XjrpwpSldeI\/AAAAAAAAHN8\/7X50xv1bUEgvGE6N2uBGI-k8ny88aJaRQCEwYBhgL\/s1600\/IMG_20200205_111301.jpg\" style=\"margin-left: 1em; margin-right: 1em;\"><img loading=\"lazy\" decoding=\"async\" border=\"0\" data-original-height=\"904\" data-original-width=\"1600\" height=\"225\" src=\"https:\/\/1.bp.blogspot.com\/-UQVXfWYbyIY\/XjrpwpSldeI\/AAAAAAAAHN8\/7X50xv1bUEgvGE6N2uBGI-k8ny88aJaRQCEwYBhgL\/s400\/IMG_20200205_111301.jpg\" width=\"400\" \/><\/a><\/div>\n<p><span style=\"font-family: &quot;arial&quot; , &quot;helvetica&quot; , sans-serif;\"><br \/><\/span><span style=\"font-family: &quot;arial&quot; , &quot;helvetica&quot; , sans-serif;\"><span style=\"font-family: Arial, Helvetica, sans-serif;\">Un cop acabada la visita dinamitzada, han anat a fer el taller&nbsp;<\/span><b style=\"font-family: Arial, Helvetica, sans-serif;\">Bufar i fer ci\u00e8ncia<\/b><span style=\"font-family: Arial, Helvetica, sans-serif;\">. La monitora ha comen\u00e7at tocant una can\u00e7\u00f3 amb un clarinet. I ha preguntat com creuen que viatja el so, les ones sonores. Ha explicat que a trav\u00e9s de l&#8217;aire, el so viatja a velocitat normal, a trav\u00e9s de l&#8217;aigua, molt r\u00e0pid i a trav\u00e9s dels s\u00f2lids \u00e9s com m\u00e9s r\u00e0pid viatja.<\/span><\/span><br \/><span style=\"font-family: &quot;arial&quot; , &quot;helvetica&quot; , sans-serif;\"><span style=\"font-family: Arial, Helvetica, sans-serif;\">Per parelles, han fet l&#8217;experiment del tel\u00e8fon i el fil per comprovar com es transmet el so.<\/span><\/span><br \/><span style=\"font-family: &quot;arial&quot; , &quot;helvetica&quot; , sans-serif;\"><span style=\"font-family: Arial, Helvetica, sans-serif;\"><br \/><\/span><\/span><\/p>\n<div style=\"clear: both; text-align: center;\"><a href=\"https:\/\/1.bp.blogspot.com\/-KF_o8CJrR2E\/Xjrq0Ec7w1I\/AAAAAAAAHO8\/7OGn6wKoXUkuS6QNqTMAiLOEj84gPmaHgCLcBGAsYHQ\/s1600\/1580900572441.jpg\" style=\"margin-left: 1em; margin-right: 1em;\"><img loading=\"lazy\" decoding=\"async\" border=\"0\" data-original-height=\"1536\" data-original-width=\"1536\" height=\"400\" src=\"https:\/\/1.bp.blogspot.com\/-KF_o8CJrR2E\/Xjrq0Ec7w1I\/AAAAAAAAHO8\/7OGn6wKoXUkuS6QNqTMAiLOEj84gPmaHgCLcBGAsYHQ\/s400\/1580900572441.jpg\" width=\"400\" \/><\/a><\/div>\n<p><\/p>\n<div style=\"clear: both; text-align: center;\"><a href=\"https:\/\/1.bp.blogspot.com\/-hmMnrp9zoRk\/Xjrq0hUsbaI\/AAAAAAAAHPA\/Dt51O6snr3c5QTYaScGT8bR43HhGizyEwCLcBGAsYHQ\/s1600\/1580900597001.jpg\" style=\"margin-left: 1em; margin-right: 1em;\"><img loading=\"lazy\" decoding=\"async\" border=\"0\" data-original-height=\"1536\" data-original-width=\"1536\" height=\"400\" src=\"https:\/\/1.bp.blogspot.com\/-hmMnrp9zoRk\/Xjrq0hUsbaI\/AAAAAAAAHPA\/Dt51O6snr3c5QTYaScGT8bR43HhGizyEwCLcBGAsYHQ\/s400\/1580900597001.jpg\" width=\"400\" \/><\/a><\/div>\n<p><span style=\"font-family: &quot;arial&quot; , &quot;helvetica&quot; , sans-serif;\"><span style=\"font-family: Arial, Helvetica, sans-serif;\"><br \/><\/span><\/span><span style=\"font-family: Arial, Helvetica, sans-serif;\">A continuaci\u00f3, la monitora ha interpretat l&#8217;himne de l&#8217;alegria amb el carill\u00f3 i el clarinet. Han comprovat que el so canvia pel timbre. Cada instrument t\u00e9 el seu propi timbre. Els insruments de vent vibren gr\u00e0cies a una lleng\u00fceta de fusta o pl\u00e0stic, un bisell o un broquet. I per comprovar que el so es pot amplificar han fet un experiment amb un fil (sona fluix), amb un fil i un got de mida normal (sona m\u00e9s fort) i amb un fil i un got gran (sona molt fort).<\/span><br \/><span style=\"font-family: Arial, Helvetica, sans-serif;\"><br \/><\/span><\/p>\n<div style=\"clear: both; text-align: center;\"><a href=\"https:\/\/1.bp.blogspot.com\/-WY6zdKx_Ahg\/XjrqzrXfl9I\/AAAAAAAAHO4\/4Ary6l5l6jgmafPMgubv0vI8Bky4c5wmwCLcBGAsYHQ\/s1600\/1580900506916.jpg\" style=\"margin-left: 1em; margin-right: 1em;\"><img loading=\"lazy\" decoding=\"async\" border=\"0\" data-original-height=\"1536\" data-original-width=\"1536\" height=\"400\" src=\"https:\/\/1.bp.blogspot.com\/-WY6zdKx_Ahg\/XjrqzrXfl9I\/AAAAAAAAHO4\/4Ary6l5l6jgmafPMgubv0vI8Bky4c5wmwCLcBGAsYHQ\/s400\/1580900506916.jpg\" width=\"400\" \/><\/a><\/div>\n<p><span style=\"font-family: Arial, Helvetica, sans-serif;\"><br \/><\/span><span style=\"font-family: &quot;arial&quot; , &quot;helvetica&quot; , sans-serif;\">Per \u00faltim, han apr\u00e8s que perqu\u00e8 un instrument de vent pugui fer notes es necessita un tub amb forats.<\/span><br \/><span style=\"font-family: &quot;arial&quot; , &quot;helvetica&quot; , sans-serif;\"><br \/><\/span><\/p>\n<div style=\"clear: both; text-align: center;\"><a href=\"https:\/\/1.bp.blogspot.com\/-x4a7Lunrxio\/XjruQi3SbmI\/AAAAAAAAHPY\/1yabfzzbzj8LAPM1RRmf5btL38QIFF9MQCLcBGAsYHQ\/s1600\/thumbnail_20200205_140306.jpg\" style=\"margin-left: 1em; margin-right: 1em;\"><img loading=\"lazy\" decoding=\"async\" border=\"0\" data-original-height=\"1280\" data-original-width=\"1280\" height=\"400\" src=\"https:\/\/1.bp.blogspot.com\/-x4a7Lunrxio\/XjruQi3SbmI\/AAAAAAAAHPY\/1yabfzzbzj8LAPM1RRmf5btL38QIFF9MQCLcBGAsYHQ\/s400\/thumbnail_20200205_140306.jpg\" width=\"400\" \/><\/a><\/div>\n<p><span style=\"font-family: &quot;arial&quot; , &quot;helvetica&quot; , sans-serif;\"><br \/><\/span><\/div>\n","protected":false},"excerpt":{"rendered":"<p>Els nens i les nenes de Cicle Superior han anat al CaixaForum a fer dues activitats. La primera, una visita dinamitzada a l&#8217;exposici\u00f3 C\u00e0mara i ciutat. I l&#8217;altra, un taller anomenat Bufar i fer ci\u00e8ncia.&nbsp;<br \/>\n<a href=\"https:\/\/1.bp.blogspot.com\/-NCNwQ9c9UFI\/Xjrpu3_vntI\/AAAAAAAAHNw\/OXuPKym1CSwhP2OHrdz3ib09KYLP-nvDACLcBGAsYHQ\/s1600\/IMG_20200205_094702.jpg\" style=\"margin-left: 1em; margin-right: 1em;\"><\/a><\/p>\n<p>A l&#8217;exposici\u00f3 han vist diferents tipus&hellip;  <a href=\"https:\/\/agora.xtec.cat\/col-alfageme-barcelona\/general\/cicle-superior-al-caixaforum\/\" title=\"Read Cicle Superior al CaixaForum\">Llegeix m\u00e9s\u00bb<\/a><\/p>\n","protected":false},"author":3,"featured_media":0,"comment_status":"open","ping_status":"closed","sticky":false,"template":"","format":"standard","meta":{"_bbp_topic_count":0,"_bbp_reply_count":0,"_bbp_total_topic_count":0,"_bbp_total_reply_count":0,"_bbp_voice_count":0,"_bbp_anonymous_reply_count":0,"_bbp_topic_count_hidden":0,"_bbp_reply_count_hidden":0,"_bbp_forum_subforum_count":0,"footnotes":""},"categories":[60,1],"tags":[],"class_list":["post-769","post","type-post","status-publish","format-standard","hentry","category-educacio-primaria","category-general"],"post_mailing_queue_ids":[],"_links":{"self":[{"href":"https:\/\/agora.xtec.cat\/col-alfageme-barcelona\/wp-json\/wp\/v2\/posts\/769","targetHints":{"allow":["GET"]}}],"collection":[{"href":"https:\/\/agora.xtec.cat\/col-alfageme-barcelona\/wp-json\/wp\/v2\/posts"}],"about":[{"href":"https:\/\/agora.xtec.cat\/col-alfageme-barcelona\/wp-json\/wp\/v2\/types\/post"}],"author":[{"embeddable":true,"href":"https:\/\/agora.xtec.cat\/col-alfageme-barcelona\/wp-json\/wp\/v2\/users\/3"}],"replies":[{"embeddable":true,"href":"https:\/\/agora.xtec.cat\/col-alfageme-barcelona\/wp-json\/wp\/v2\/comments?post=769"}],"version-history":[{"count":1,"href":"https:\/\/agora.xtec.cat\/col-alfageme-barcelona\/wp-json\/wp\/v2\/posts\/769\/revisions"}],"predecessor-version":[{"id":4239,"href":"https:\/\/agora.xtec.cat\/col-alfageme-barcelona\/wp-json\/wp\/v2\/posts\/769\/revisions\/4239"}],"wp:attachment":[{"href":"https:\/\/agora.xtec.cat\/col-alfageme-barcelona\/wp-json\/wp\/v2\/media?parent=769"}],"wp:term":[{"taxonomy":"category","embeddable":true,"href":"https:\/\/agora.xtec.cat\/col-alfageme-barcelona\/wp-json\/wp\/v2\/categories?post=769"},{"taxonomy":"post_tag","embeddable":true,"href":"https:\/\/agora.xtec.cat\/col-alfageme-barcelona\/wp-json\/wp\/v2\/tags?post=769"}],"curies":[{"name":"wp","href":"https:\/\/api.w.org\/{rel}","templated":true}]}}