{"id":759,"date":"2020-02-18T20:51:00","date_gmt":"2020-02-18T19:51:00","guid":{"rendered":"https:\/\/agora.xtec.cat\/col-alfageme-barcelona\/general\/visita-de-p5-a-la-biblioteca\/"},"modified":"2022-03-13T11:40:39","modified_gmt":"2022-03-13T10:40:39","slug":"visita-de-p5-a-la-biblioteca","status":"publish","type":"post","link":"https:\/\/agora.xtec.cat\/col-alfageme-barcelona\/general\/visita-de-p5-a-la-biblioteca\/","title":{"rendered":"Visita de P5 a la Biblioteca"},"content":{"rendered":"<div style=\"clear: both; text-align: center;\"><span style=\"font-family: &quot;arial&quot; , &quot;helvetica&quot; , sans-serif;\">Els nens i les nenes de P5 han anat a visitar la biblioteca Francesc Candel, la biblioteca del barri.&nbsp;<\/span><\/div>\n<div style=\"clear: both; text-align: center;\"><span style=\"font-family: &quot;arial&quot; , &quot;helvetica&quot; , sans-serif;\"><br \/><\/span><\/div>\n<div style=\"clear: both; text-align: center;\"><a href=\"https:\/\/1.bp.blogspot.com\/-coPdRTiWcYg\/XkwvhAQQM5I\/AAAAAAAAHYo\/nYg0frhFKEETebS7QSbVHKOR0Jcm2l7_gCLcBGAsYHQ\/s1600\/IMG_3084.JPG\" style=\"margin-left: 1em; margin-right: 1em;\"><img loading=\"lazy\" decoding=\"async\" border=\"0\" data-original-height=\"1200\" data-original-width=\"1600\" height=\"300\" src=\"https:\/\/1.bp.blogspot.com\/-coPdRTiWcYg\/XkwvhAQQM5I\/AAAAAAAAHYo\/nYg0frhFKEETebS7QSbVHKOR0Jcm2l7_gCLcBGAsYHQ\/s400\/IMG_3084.JPG\" width=\"400\" \/><\/a><\/div>\n<div style=\"clear: both; text-align: center;\"><span style=\"font-family: &quot;arial&quot; , &quot;helvetica&quot; , sans-serif;\"><br \/><\/span><\/div>\n<div style=\"clear: both; text-align: center;\"><span style=\"font-family: &quot;arial&quot; , &quot;helvetica&quot; , sans-serif;\"><br \/><\/span><\/div>\n<div style=\"clear: both; text-align: center;\"><span style=\"font-family: &quot;arial&quot; , &quot;helvetica&quot; , sans-serif;\">L\u00b4\u00c0ngels, la bibliotec\u00e0ria, els ha presentat la mascota de la biblioteca, un cotxe ecol\u00f2gic anomenat &#8220;Bombeta&#8221;. Els ha explicat que es diu aix\u00ed, perqu\u00e8 on est\u00e0 situada actualment la biblioteca abans era una f\u00e0brica de bombetes, la Philips. La Bombeta, a partir de diferents imatges, recorda els nens i nenes les normes de la biblioteca.<\/span><\/div>\n<div style=\"clear: both; text-align: center;\"><\/div>\n<p><\/p>\n<div style=\"clear: both; text-align: center;\"><a href=\"https:\/\/1.bp.blogspot.com\/-HzZvJSzXtaY\/XkwvnIowY0I\/AAAAAAAAHYs\/yeOnnIMlKOophkMG_XAUE60JOECCDPBEACLcBGAsYHQ\/s1600\/IMG_3092.PNG\" style=\"margin-left: 1em; margin-right: 1em;\"><img loading=\"lazy\" decoding=\"async\" border=\"0\" data-original-height=\"1280\" data-original-width=\"1280\" height=\"400\" src=\"https:\/\/1.bp.blogspot.com\/-HzZvJSzXtaY\/XkwvnIowY0I\/AAAAAAAAHYs\/yeOnnIMlKOophkMG_XAUE60JOECCDPBEACLcBGAsYHQ\/s400\/IMG_3092.PNG\" width=\"400\" \/><\/a><\/div>\n<div style=\"clear: both; text-align: center;\"><\/div>\n<div style=\"clear: both; text-align: center;\"><span style=\"font-family: &quot;arial&quot; , &quot;helvetica&quot; , sans-serif;\">Despr\u00e9s de recordar les normes, l\u00b4\u00c0ngels els ha explicat un conte titolat &#8221; El doctor Submar\u00ed&#8221;. Aquest narra la hist\u00f2ria d\u00b4un doctor que baixa al fons del mar a curar diferents animals del mar, com ara, un cavallet de mar, un taur\u00f3, un pop i una balena. El doctor igual fa de dentista, que d\u00b4oculista. Un dia el doctor t\u00e9 un problema amb el seu submar\u00ed i rep&nbsp;<\/span><\/div>\n<div style=\"clear: both; text-align: center;\"><span style=\"font-family: &quot;arial&quot; , &quot;helvetica&quot; , sans-serif;\">l\u00b4ajut de tots els animals els quals ell havia curat. El conte parlava de l\u00b4Amistat.&nbsp;<\/span><\/div>\n<div style=\"clear: both; text-align: center;\"><\/div>\n<div style=\"clear: both; text-align: center;\"><\/div>\n<div style=\"clear: both; text-align: center;\"><a href=\"https:\/\/1.bp.blogspot.com\/-ss76HIE9-yE\/Xkwm9XHe4ZI\/AAAAAAAAHYQ\/Srz9G1-XdEYCKfI6RExCSgPU-4n6uhE9QCLcBGAsYHQ\/s1600\/IMG_3087.PNG\" style=\"margin-left: 1em; margin-right: 1em;\"><img loading=\"lazy\" decoding=\"async\" border=\"0\" data-original-height=\"1280\" data-original-width=\"1280\" height=\"400\" src=\"https:\/\/1.bp.blogspot.com\/-ss76HIE9-yE\/Xkwm9XHe4ZI\/AAAAAAAAHYQ\/Srz9G1-XdEYCKfI6RExCSgPU-4n6uhE9QCLcBGAsYHQ\/s400\/IMG_3087.PNG\" width=\"400\" \/><\/a><\/div>\n<div style=\"clear: both; text-align: center;\"><span style=\"font-family: &quot;arial&quot; , &quot;helvetica&quot; , sans-serif;\"><br \/><\/span><\/div>\n<div style=\"clear: both; text-align: center;\"><span style=\"font-family: &quot;arial&quot; , &quot;helvetica&quot; , sans-serif;\">Finalment, l\u00b4\u00c0ngels ha tret un bagul de contes perqu\u00e8 els infants poguessin disfrutar una estoneta de fant\u00e0stiques hist\u00f2ries.&nbsp;<\/span><\/div>\n<div style=\"clear: both; text-align: center;\"><span style=\"font-family: &quot;arial&quot; , &quot;helvetica&quot; , sans-serif;\"><br \/><\/span><\/div>\n<div style=\"clear: both; text-align: center;\"><a href=\"https:\/\/1.bp.blogspot.com\/-G8YFnSz-8hc\/XkwoWR4K5mI\/AAAAAAAAHYg\/dBeSHfKSjoQXEeve09IsJSIdh5VvVi8RwCLcBGAsYHQ\/s1600\/IMG_3086.PNG\" style=\"margin-left: 1em; margin-right: 1em;\"><img loading=\"lazy\" decoding=\"async\" border=\"0\" data-original-height=\"1280\" data-original-width=\"1280\" height=\"400\" src=\"https:\/\/1.bp.blogspot.com\/-G8YFnSz-8hc\/XkwoWR4K5mI\/AAAAAAAAHYg\/dBeSHfKSjoQXEeve09IsJSIdh5VvVi8RwCLcBGAsYHQ\/s400\/IMG_3086.PNG\" width=\"400\" \/><\/a><\/div>\n<div style=\"clear: both; text-align: center;\"><\/div>\n<div style=\"clear: both; text-align: center;\"><\/div>\n<div style=\"clear: both; text-align: center;\"><\/div>\n<div style=\"clear: both; text-align: center;\"><\/div>\n<div style=\"clear: both; text-align: center;\"><\/div>\n<p><\/p>\n","protected":false},"excerpt":{"rendered":"<p>Els nens i les nenes de P5 han anat a visitar la biblioteca Francesc Candel, la biblioteca del barri.&nbsp;<\/p>\n<p><a href=\"https:\/\/1.bp.blogspot.com\/-coPdRTiWcYg\/XkwvhAQQM5I\/AAAAAAAAHYo\/nYg0frhFKEETebS7QSbVHKOR0Jcm2l7_gCLcBGAsYHQ\/s1600\/IMG_3084.JPG\" style=\"margin-left: 1em; margin-right: 1em;\"><\/a><\/p>\n<p>L\u00b4\u00c0ngels, la bibliotec\u00e0ria, els ha presentat la mascota de la biblioteca, un cotxe ecol\u00f2gic anomenat &#8220;Bombeta&#8221;. Els ha explicat que es diu&hellip;  <a href=\"https:\/\/agora.xtec.cat\/col-alfageme-barcelona\/general\/visita-de-p5-a-la-biblioteca\/\" title=\"Read Visita de P5 a la Biblioteca\">Llegeix m\u00e9s\u00bb<\/a><\/p>\n","protected":false},"author":3,"featured_media":0,"comment_status":"open","ping_status":"closed","sticky":false,"template":"","format":"standard","meta":{"_bbp_topic_count":0,"_bbp_reply_count":0,"_bbp_total_topic_count":0,"_bbp_total_reply_count":0,"_bbp_voice_count":0,"_bbp_anonymous_reply_count":0,"_bbp_topic_count_hidden":0,"_bbp_reply_count_hidden":0,"_bbp_forum_subforum_count":0,"footnotes":""},"categories":[61,62,1],"tags":[],"class_list":["post-759","post","type-post","status-publish","format-standard","hentry","category-educacio-infantil","category-foment-de-la-lectura","category-general"],"post_mailing_queue_ids":[],"_links":{"self":[{"href":"https:\/\/agora.xtec.cat\/col-alfageme-barcelona\/wp-json\/wp\/v2\/posts\/759","targetHints":{"allow":["GET"]}}],"collection":[{"href":"https:\/\/agora.xtec.cat\/col-alfageme-barcelona\/wp-json\/wp\/v2\/posts"}],"about":[{"href":"https:\/\/agora.xtec.cat\/col-alfageme-barcelona\/wp-json\/wp\/v2\/types\/post"}],"author":[{"embeddable":true,"href":"https:\/\/agora.xtec.cat\/col-alfageme-barcelona\/wp-json\/wp\/v2\/users\/3"}],"replies":[{"embeddable":true,"href":"https:\/\/agora.xtec.cat\/col-alfageme-barcelona\/wp-json\/wp\/v2\/comments?post=759"}],"version-history":[{"count":1,"href":"https:\/\/agora.xtec.cat\/col-alfageme-barcelona\/wp-json\/wp\/v2\/posts\/759\/revisions"}],"predecessor-version":[{"id":4229,"href":"https:\/\/agora.xtec.cat\/col-alfageme-barcelona\/wp-json\/wp\/v2\/posts\/759\/revisions\/4229"}],"wp:attachment":[{"href":"https:\/\/agora.xtec.cat\/col-alfageme-barcelona\/wp-json\/wp\/v2\/media?parent=759"}],"wp:term":[{"taxonomy":"category","embeddable":true,"href":"https:\/\/agora.xtec.cat\/col-alfageme-barcelona\/wp-json\/wp\/v2\/categories?post=759"},{"taxonomy":"post_tag","embeddable":true,"href":"https:\/\/agora.xtec.cat\/col-alfageme-barcelona\/wp-json\/wp\/v2\/tags?post=759"}],"curies":[{"name":"wp","href":"https:\/\/api.w.org\/{rel}","templated":true}]}}