{"id":756,"date":"2020-02-20T21:48:00","date_gmt":"2020-02-20T20:48:00","guid":{"rendered":"https:\/\/agora.xtec.cat\/col-alfageme-barcelona\/general\/la-guardia-urbana-a-lescola-2\/"},"modified":"2022-03-13T11:40:11","modified_gmt":"2022-03-13T10:40:11","slug":"la-guardia-urbana-a-lescola-2","status":"publish","type":"post","link":"https:\/\/agora.xtec.cat\/col-alfageme-barcelona\/general\/la-guardia-urbana-a-lescola-2\/","title":{"rendered":"La Gu\u00e0rdia Urbana a l&#8217;escola"},"content":{"rendered":"<div style=\"text-align: center;\"><span style=\"font-family: &quot;arial&quot; , &quot;helvetica&quot; , sans-serif;\">Com ja \u00e9s tradici\u00f3 a l&#8217;escola, un cop cada curs ens visita la Gu\u00e0rdia Urbana. Concretament, fan la visita a les aules de 2n, 4t i 6\u00e8.<\/span><\/div>\n<div style=\"text-align: center;\"><\/div>\n<div style=\"text-align: center;\"><\/div>\n<div style=\"text-align: center;\"><span style=\"font-family: Arial, Helvetica, sans-serif;\">A la classe de 2n, els agents de la Gu\u00e0rdia Urbana han proposat als alumnes jugar al &#8220;puzzle- frase&#8221; que consistia, en grups, ordenar diferents paraules amb el prop\u00f2sit de formar&nbsp; preguntes relacionades amb la Seguretat Vial. Al final, s&#8217;han comentat les respostes entre tots i totes.<\/span><\/p>\n<div style=\"clear: both; text-align: center;\"><a href=\"https:\/\/1.bp.blogspot.com\/-QKzeJh_ed7g\/Xk5xzADQo6I\/AAAAAAAAHdE\/MyJ2Ai0OxC8uluqYYj16JGJWNdUY_44lwCLcBGAsYHQ\/s1600\/IMG_5274.PNG\" style=\"margin-left: 1em; margin-right: 1em;\"><img loading=\"lazy\" decoding=\"async\" border=\"0\" data-original-height=\"1600\" data-original-width=\"1600\" height=\"400\" src=\"https:\/\/1.bp.blogspot.com\/-QKzeJh_ed7g\/Xk5xzADQo6I\/AAAAAAAAHdE\/MyJ2Ai0OxC8uluqYYj16JGJWNdUY_44lwCLcBGAsYHQ\/s400\/IMG_5274.PNG\" width=\"400\" \/><\/a><\/div>\n<div style=\"clear: both; text-align: center;\"><\/div>\n<div style=\"clear: both; text-align: center;\"><\/div>\n<div style=\"clear: both; text-align: center;\"><a href=\"https:\/\/1.bp.blogspot.com\/-wb5_ZcZW5ns\/Xk5yJQ2teLI\/AAAAAAAAHdM\/S5JDGSuG9u8KfkS2w587Zua88qF7hlm-ACLcBGAsYHQ\/s1600\/IMG_5273.PNG\" style=\"margin-left: 1em; margin-right: 1em;\"><img loading=\"lazy\" decoding=\"async\" border=\"0\" data-original-height=\"1600\" data-original-width=\"1600\" height=\"400\" src=\"https:\/\/1.bp.blogspot.com\/-wb5_ZcZW5ns\/Xk5yJQ2teLI\/AAAAAAAAHdM\/S5JDGSuG9u8KfkS2w587Zua88qF7hlm-ACLcBGAsYHQ\/s400\/IMG_5273.PNG\" width=\"400\" \/><\/a><\/div>\n<div style=\"clear: both; text-align: center;\"><\/div>\n<div style=\"clear: both; text-align: center;\"><\/div>\n<p><\/p>\n<div style=\"clear: both; text-align: center;\"><a href=\"https:\/\/1.bp.blogspot.com\/-wftB_vF4P-M\/Xk5yOI0-RfI\/AAAAAAAAHdQ\/0bUN1szVQX0_H8swqR2FAynBMNApJbtywCLcBGAsYHQ\/s1600\/IMG_5224.jpg\" style=\"margin-left: 1em; margin-right: 1em;\"><img loading=\"lazy\" decoding=\"async\" border=\"0\" data-original-height=\"1200\" data-original-width=\"1600\" height=\"300\" src=\"https:\/\/1.bp.blogspot.com\/-wftB_vF4P-M\/Xk5yOI0-RfI\/AAAAAAAAHdQ\/0bUN1szVQX0_H8swqR2FAynBMNApJbtywCLcBGAsYHQ\/s400\/IMG_5224.jpg\" width=\"400\" \/><\/a><\/div>\n<\/div>\n<div style=\"text-align: center;\"><\/div>\n<div style=\"text-align: center;\"><span style=\"font-family: &quot;arial&quot; , &quot;helvetica&quot; , sans-serif;\">A la classe de 4t, els  dos agents, l&#8217;Alex i el Javi, han explicat als nens i a les nenes qu\u00e8 \u00e9s el  Civisme. Tots i totes han fet mem\u00f2ria per recordar situacions inc\u00edviques que han  vist en diferents aspectes: soroll,  conviv\u00e8ncia, animals de companyia, mobilitat&#8230; i, per desgr\u00e0cia, n&#8217;han  trobat moltes.&nbsp;<\/span><\/div>\n<div style=\"text-align: center;\"><\/div>\n<div style=\"clear: both; text-align: center;\"><a href=\"https:\/\/1.bp.blogspot.com\/-BjMP96c_bjg\/Xk2EsobuhAI\/AAAAAAAAHbA\/HEyefkULhJwRRTZk47HAPJ1r9Ec-uXmFgCLcBGAsYHQ\/s1600\/20200219_185313.jpg\" style=\"margin-left: 1em; margin-right: 1em;\"><img loading=\"lazy\" decoding=\"async\" border=\"0\" data-original-height=\"1600\" data-original-width=\"1600\" height=\"400\" src=\"https:\/\/1.bp.blogspot.com\/-BjMP96c_bjg\/Xk2EsobuhAI\/AAAAAAAAHbA\/HEyefkULhJwRRTZk47HAPJ1r9Ec-uXmFgCLcBGAsYHQ\/s400\/20200219_185313.jpg\" width=\"400\" \/><\/a><\/div>\n<div style=\"text-align: center;\"><\/div>\n<div style=\"text-align: center;\"><span style=\"font-family: &quot;arial&quot; , &quot;helvetica&quot; , sans-serif;\">Despr\u00e9s, han confeccionat l&#8217;Arbre del Comprom\u00eds, on han escrit a cada branca un aspecte en el qual es comprometen a millorar. <\/span><\/div>\n<div style=\"text-align: center;\"><\/div>\n<div style=\"clear: both; text-align: center;\"><a href=\"https:\/\/1.bp.blogspot.com\/-PzsA_XKwFCw\/Xk2FI-fzRxI\/AAAAAAAAHbM\/yAYxnssUM2EYZdEzJqSGQXXb8iy87gypgCLcBGAsYHQ\/s1600\/20200219_185411.jpg\" style=\"margin-left: 1em; margin-right: 1em;\"><img loading=\"lazy\" decoding=\"async\" border=\"0\" data-original-height=\"1600\" data-original-width=\"1600\" height=\"400\" src=\"https:\/\/1.bp.blogspot.com\/-PzsA_XKwFCw\/Xk2FI-fzRxI\/AAAAAAAAHbM\/yAYxnssUM2EYZdEzJqSGQXXb8iy87gypgCLcBGAsYHQ\/s400\/20200219_185411.jpg\" width=\"400\" \/><\/a><\/div>\n<p><\/p>\n<div style=\"clear: both; text-align: center;\"><\/div>\n<div style=\"clear: both; text-align: center;\"><a href=\"https:\/\/1.bp.blogspot.com\/-EnWtNvD0Ikw\/Xk2FI4RqaEI\/AAAAAAAAHbI\/_iSt1XU__A0tktepfaAqgjt6_Ja4tkK-QCLcBGAsYHQ\/s1600\/20200219_185528.jpg\" style=\"margin-left: 1em; margin-right: 1em;\"><img loading=\"lazy\" decoding=\"async\" border=\"0\" data-original-height=\"1600\" data-original-width=\"1600\" height=\"400\" src=\"https:\/\/1.bp.blogspot.com\/-EnWtNvD0Ikw\/Xk2FI4RqaEI\/AAAAAAAAHbI\/_iSt1XU__A0tktepfaAqgjt6_Ja4tkK-QCLcBGAsYHQ\/s400\/20200219_185528.jpg\" width=\"400\" \/><\/a><\/div>\n<div style=\"text-align: center;\"><span style=\"font-family: Arial, Helvetica, sans-serif;\">A 6\u00e8 van parlar, informar i aconsellar al grup d&#8217;alumnes sobre la problem\u00e0tica del mal \u00fas de les xarxes socials. <\/span><\/p>\n<div style=\"clear: both; text-align: center;\"><a href=\"https:\/\/1.bp.blogspot.com\/-TC4lHff50K4\/Xk7hwrcH0EI\/AAAAAAAAHfY\/ocHE1_5xPtopXwoMU1VBctlxwgaXGJ7tgCLcBGAsYHQ\/s1600\/thumbnail_20200219_111037.jpg\" style=\"margin-left: 1em; margin-right: 1em;\"><img loading=\"lazy\" decoding=\"async\" border=\"0\" data-original-height=\"960\" data-original-width=\"1280\" height=\"300\" src=\"https:\/\/1.bp.blogspot.com\/-TC4lHff50K4\/Xk7hwrcH0EI\/AAAAAAAAHfY\/ocHE1_5xPtopXwoMU1VBctlxwgaXGJ7tgCLcBGAsYHQ\/s400\/thumbnail_20200219_111037.jpg\" width=\"400\" \/>&nbsp;<\/a><\/div>\n<div style=\"clear: both; text-align: center;\"><\/div>\n<div style=\"clear: both; text-align: center;\"><span style=\"font-family: Arial, Helvetica, sans-serif;\">El grup va aprendre molt sobre el m\u00f3n telem\u00e0tic i van agrair als agents l&#8217;estona tan \u00fatil i interessant que van passar plegats.<\/span> <\/div>\n<p><\/p>\n<div style=\"clear: both; text-align: center;\"><a href=\"https:\/\/1.bp.blogspot.com\/-vrKq4uL4wbI\/Xk7hwm857xI\/AAAAAAAAHfc\/l7inuTEBoDA6LcmV071vNtI_K7UmXtcXgCLcBGAsYHQ\/s1600\/thumbnail_20200219_112315.jpg\" style=\"margin-left: 1em; margin-right: 1em;\"><img loading=\"lazy\" decoding=\"async\" border=\"0\" data-original-height=\"960\" data-original-width=\"1280\" height=\"300\" src=\"https:\/\/1.bp.blogspot.com\/-vrKq4uL4wbI\/Xk7hwm857xI\/AAAAAAAAHfc\/l7inuTEBoDA6LcmV071vNtI_K7UmXtcXgCLcBGAsYHQ\/s400\/thumbnail_20200219_112315.jpg\" width=\"400\" \/><\/a><\/div>\n<p><\/p>\n<div style=\"clear: both; text-align: center;\"><a href=\"https:\/\/1.bp.blogspot.com\/-qO_EO4AcmKg\/Xk7hwnE_FAI\/AAAAAAAAHfU\/omzJ91ZlgpA42Wucq5D0LXMtmGPxiIhggCLcBGAsYHQ\/s1600\/thumbnail_20200219_120158.jpg\" style=\"margin-left: 1em; margin-right: 1em;\"><img loading=\"lazy\" decoding=\"async\" border=\"0\" data-original-height=\"960\" data-original-width=\"1280\" height=\"300\" src=\"https:\/\/1.bp.blogspot.com\/-qO_EO4AcmKg\/Xk7hwnE_FAI\/AAAAAAAAHfU\/omzJ91ZlgpA42Wucq5D0LXMtmGPxiIhggCLcBGAsYHQ\/s400\/thumbnail_20200219_120158.jpg\" width=\"400\" \/><\/a><\/div>\n<p><span style=\"font-family: Arial, Helvetica, sans-serif;\">Moltes gr\u00e0cies a l&#8217;Alex i al Javi per haver vingut, un any m\u00e9s, a la nostra escola. Us esperem l&#8217;any que ve!<\/span><\/div>\n<p><\/p>\n<div style=\"text-align: center;\"><\/div>\n","protected":false},"excerpt":{"rendered":"<p>Com ja \u00e9s tradici\u00f3 a l&#8217;escola, un cop cada curs ens visita la Gu\u00e0rdia Urbana. Concretament, fan la visita a les aules de 2n, 4t i 6\u00e8.<\/p>\n<p>A la classe de 2n, els agents de la Gu\u00e0rdia Urbana han proposat als alumnes jugar al &#8220;puzzle- frase&#8221;&hellip;  <a href=\"https:\/\/agora.xtec.cat\/col-alfageme-barcelona\/general\/la-guardia-urbana-a-lescola-2\/\" title=\"Read La Gu\u00e0rdia Urbana a l&#8217;escola\">Llegeix m\u00e9s\u00bb<\/a><\/p>\n","protected":false},"author":3,"featured_media":0,"comment_status":"open","ping_status":"closed","sticky":false,"template":"","format":"standard","meta":{"_bbp_topic_count":0,"_bbp_reply_count":0,"_bbp_total_topic_count":0,"_bbp_total_reply_count":0,"_bbp_voice_count":0,"_bbp_anonymous_reply_count":0,"_bbp_topic_count_hidden":0,"_bbp_reply_count_hidden":0,"_bbp_forum_subforum_count":0,"footnotes":""},"categories":[60,1],"tags":[],"class_list":["post-756","post","type-post","status-publish","format-standard","hentry","category-educacio-primaria","category-general"],"post_mailing_queue_ids":[],"_links":{"self":[{"href":"https:\/\/agora.xtec.cat\/col-alfageme-barcelona\/wp-json\/wp\/v2\/posts\/756","targetHints":{"allow":["GET"]}}],"collection":[{"href":"https:\/\/agora.xtec.cat\/col-alfageme-barcelona\/wp-json\/wp\/v2\/posts"}],"about":[{"href":"https:\/\/agora.xtec.cat\/col-alfageme-barcelona\/wp-json\/wp\/v2\/types\/post"}],"author":[{"embeddable":true,"href":"https:\/\/agora.xtec.cat\/col-alfageme-barcelona\/wp-json\/wp\/v2\/users\/3"}],"replies":[{"embeddable":true,"href":"https:\/\/agora.xtec.cat\/col-alfageme-barcelona\/wp-json\/wp\/v2\/comments?post=756"}],"version-history":[{"count":1,"href":"https:\/\/agora.xtec.cat\/col-alfageme-barcelona\/wp-json\/wp\/v2\/posts\/756\/revisions"}],"predecessor-version":[{"id":4226,"href":"https:\/\/agora.xtec.cat\/col-alfageme-barcelona\/wp-json\/wp\/v2\/posts\/756\/revisions\/4226"}],"wp:attachment":[{"href":"https:\/\/agora.xtec.cat\/col-alfageme-barcelona\/wp-json\/wp\/v2\/media?parent=756"}],"wp:term":[{"taxonomy":"category","embeddable":true,"href":"https:\/\/agora.xtec.cat\/col-alfageme-barcelona\/wp-json\/wp\/v2\/categories?post=756"},{"taxonomy":"post_tag","embeddable":true,"href":"https:\/\/agora.xtec.cat\/col-alfageme-barcelona\/wp-json\/wp\/v2\/tags?post=756"}],"curies":[{"name":"wp","href":"https:\/\/api.w.org\/{rel}","templated":true}]}}