{"id":744,"date":"2020-03-06T09:50:00","date_gmt":"2020-03-06T08:50:00","guid":{"rendered":"https:\/\/agora.xtec.cat\/col-alfageme-barcelona\/general\/dia-internacional-de-la-llengua-materna\/"},"modified":"2022-03-13T11:38:19","modified_gmt":"2022-03-13T10:38:19","slug":"dia-internacional-de-la-llengua-materna","status":"publish","type":"post","link":"https:\/\/agora.xtec.cat\/col-alfageme-barcelona\/general\/dia-internacional-de-la-llengua-materna\/","title":{"rendered":"Dia Internacional de la Llengua Materna"},"content":{"rendered":"<div style=\"text-align: center;\"><span style=\"font-family: &quot;arial&quot; , &quot;helvetica&quot; , sans-serif;\">El <b><i>Dia Internacional de la Llengua Materna<\/i><\/b>&nbsp;se celebra des de l&#8217;any 2000 amb la intenci\u00f3 de promoure el multiling\u00fcisme i la diversitat cultural. L&#8217;objectiu \u00e9s preservar i protegir tots els idiomes i dialectes que es parlen a tot el m\u00f3n.<\/span><\/div>\n<div style=\"text-align: center;\"><span style=\"font-family: &quot;arial&quot; , &quot;helvetica&quot; , sans-serif;\"><br \/><\/span><\/div>\n<div style=\"text-align: center;\"><span style=\"font-family: &quot;arial&quot; , &quot;helvetica&quot; , sans-serif;\">A la nostra escola hem fet diferents activitats per celebrar aquest dia amb tots els nostres <\/span><span style=\"font-family: &quot;arial&quot; , &quot;helvetica&quot; , sans-serif;\">nens i totes les nostres nenes.<\/span><br \/><span style=\"font-family: &quot;arial&quot; , &quot;helvetica&quot; , sans-serif;\"><br \/><\/span><span style=\"font-family: &quot;arial&quot; , &quot;helvetica&quot; , sans-serif;\">A EI4 han buscat i pintat les diferents maneres de dir la paraula &#8221; gr\u00e0cies &#8220;. En angl\u00e8s, en franc\u00e8s, en portugu\u00e8s, en alemany&#8230;<\/span><br \/><span style=\"font-family: &quot;arial&quot; , &quot;helvetica&quot; , sans-serif;\"><br \/><\/span><\/p>\n<div style=\"clear: both; text-align: center;\"><a href=\"https:\/\/1.bp.blogspot.com\/-X0XDKGgoUzo\/Xl0HweSIASI\/AAAAAAAAHvM\/_les5MuTpZw5LbjWBYvtqgxfHT6WWiSewCEwYBhgL\/s1600\/d09931f7-2298-4b8f-9796-c9a93bcd1594.JPG\" style=\"margin-left: 1em; margin-right: 1em;\"><img loading=\"lazy\" decoding=\"async\" border=\"0\" data-original-height=\"1600\" data-original-width=\"1600\" height=\"400\" src=\"https:\/\/1.bp.blogspot.com\/-X0XDKGgoUzo\/Xl0HweSIASI\/AAAAAAAAHvM\/_les5MuTpZw5LbjWBYvtqgxfHT6WWiSewCEwYBhgL\/s400\/d09931f7-2298-4b8f-9796-c9a93bcd1594.JPG\" width=\"400\" \/><\/a><\/div>\n<p><span style=\"font-family: &quot;arial&quot; , &quot;helvetica&quot; , sans-serif;\"><br \/><\/span><span style=\"font-family: &quot;arial&quot; , &quot;helvetica&quot; , sans-serif;\">Els nens i les nenes d\u00b4EI5 han apr\u00e8s a dir la paraula &#8220;sisplau&#8221; en diferents lleng\u00fces. En franc\u00e8s, en itali\u00e0, en angl\u00e8s&#8230;Tamb\u00e9 han estat pintant i enganxant en un mural les bafarades amb les diferents maneres de dir aquesta expressi\u00f3. Tamb\u00e9 han fet una fitxeta individual id\u00e8ntica al mural.<\/span><\/p>\n<div style=\"clear: both; text-align: center;\"><a href=\"https:\/\/1.bp.blogspot.com\/-pEICUfPHmPc\/Xl0Gow6EU4I\/AAAAAAAAHvA\/WKO1u9JpBE4LHq0KsCBFdycYabh9arWvwCEwYBhgL\/s1600\/IMG_3299.JPG\" style=\"margin-left: 1em; margin-right: 1em;\"><img loading=\"lazy\" decoding=\"async\" border=\"0\" data-original-height=\"1280\" data-original-width=\"1280\" height=\"400\" src=\"https:\/\/1.bp.blogspot.com\/-pEICUfPHmPc\/Xl0Gow6EU4I\/AAAAAAAAHvA\/WKO1u9JpBE4LHq0KsCBFdycYabh9arWvwCEwYBhgL\/s400\/IMG_3299.JPG\" width=\"400\" \/><\/a><\/div>\n<p><a href=\"https:\/\/1.bp.blogspot.com\/-3aN1kLyoDnY\/Xl0GjUu09WI\/AAAAAAAAHvA\/plH-o1i9WQc0pe4jpQ-bqQFiRb8jL2eagCEwYBhgL\/s1600\/IMG_3298.JPG\" style=\"margin-left: 1em; margin-right: 1em;\"><img loading=\"lazy\" decoding=\"async\" border=\"0\" data-original-height=\"960\" data-original-width=\"1280\" height=\"300\" src=\"https:\/\/1.bp.blogspot.com\/-3aN1kLyoDnY\/Xl0GjUu09WI\/AAAAAAAAHvA\/plH-o1i9WQc0pe4jpQ-bqQFiRb8jL2eagCEwYBhgL\/s400\/IMG_3298.JPG\" width=\"400\" \/><\/a><\/p>\n<p><span style=\"font-family: arial, helvetica, sans-serif;\"><br \/><\/span><span style=\"font-family: arial, helvetica, sans-serif;\"><br \/><\/span><span style=\"font-family: arial, helvetica, sans-serif;\">Els nens i les nenes de Cicle Inicial tamb\u00e9 han fet activitats per commemorar el dia de les Lleng\u00fces maternes.<\/span><\/div>\n<div style=\"text-align: center;\"><span style=\"font-family: &quot;arial&quot; , &quot;helvetica&quot; , sans-serif;\">Tots ells i elles han preguntat als seus pares i a les seves mares quina \u00e9s la seva llengua materna i han apuntat en una fitxa com deien la paraula \u201cHola\u201d.<\/span><br \/><span style=\"font-family: &quot;arial&quot; , &quot;helvetica&quot; , sans-serif;\">Despr\u00e9s en un mural ha quedat representat les diferents salutacions d\u2019aquesta paraula, tant en catal\u00e0 i castell\u00e0 com en els diferents idiomes que parlen alguns dels pares i mares de 1r i 2n.<\/span><br \/><span style=\"font-family: &quot;arial&quot; , &quot;helvetica&quot; , sans-serif;\">Els nens i nenes han gaudit molt de l\u2019activitat i els ha agradat molt explicar-ho.<\/span><\/p>\n<p><a href=\"https:\/\/1.bp.blogspot.com\/-ZkZqj42GEBk\/XmH4kKwqNII\/AAAAAAAAHzs\/vWMWppRR9hQy6byJ6bb1r6guCLBkO7Z8ACLcBGAsYHQ\/s1600\/D39B8386-664E-4963-BB06-8C675099F8D7.jpeg\" style=\"margin-left: 1em; margin-right: 1em;\"><img loading=\"lazy\" decoding=\"async\" border=\"0\" data-original-height=\"1536\" data-original-width=\"1536\" height=\"400\" src=\"https:\/\/1.bp.blogspot.com\/-ZkZqj42GEBk\/XmH4kKwqNII\/AAAAAAAAHzs\/vWMWppRR9hQy6byJ6bb1r6guCLBkO7Z8ACLcBGAsYHQ\/s400\/D39B8386-664E-4963-BB06-8C675099F8D7.jpeg\" width=\"400\" \/><\/a><\/p>\n<p><a href=\"https:\/\/1.bp.blogspot.com\/-CSfO9zKh6IM\/XmH4jVNmoSI\/AAAAAAAAHzg\/zVhjME1Gts0sqkaY3HIDUR_w7cZ2o6PUwCLcBGAsYHQ\/s1600\/8DD56912-257C-4BD4-813A-618B8B800819.jpeg\" style=\"margin-left: 1em; margin-right: 1em;\"><img loading=\"lazy\" decoding=\"async\" border=\"0\" data-original-height=\"1200\" data-original-width=\"1600\" height=\"300\" src=\"https:\/\/1.bp.blogspot.com\/-CSfO9zKh6IM\/XmH4jVNmoSI\/AAAAAAAAHzg\/zVhjME1Gts0sqkaY3HIDUR_w7cZ2o6PUwCLcBGAsYHQ\/s400\/8DD56912-257C-4BD4-813A-618B8B800819.jpeg\" width=\"400\" \/><\/a><\/p>\n<p><a href=\"https:\/\/1.bp.blogspot.com\/-wtM0epztPc8\/XmH4jX1rgBI\/AAAAAAAAHzk\/Yr7F42j1KoIv_PCx-SQtdsj2m0k3XuP-gCLcBGAsYHQ\/s1600\/2A5384D0-B428-4AEE-BD8D-2A3EB92C1BDA.jpeg\" style=\"margin-left: 1em; margin-right: 1em;\"><img loading=\"lazy\" decoding=\"async\" border=\"0\" data-original-height=\"1200\" data-original-width=\"1600\" height=\"300\" src=\"https:\/\/1.bp.blogspot.com\/-wtM0epztPc8\/XmH4jX1rgBI\/AAAAAAAAHzk\/Yr7F42j1KoIv_PCx-SQtdsj2m0k3XuP-gCLcBGAsYHQ\/s400\/2A5384D0-B428-4AEE-BD8D-2A3EB92C1BDA.jpeg\" width=\"400\" \/><\/a><\/p>\n<p><a href=\"https:\/\/1.bp.blogspot.com\/-00ckK9ITVwA\/XmH4jYfv5pI\/AAAAAAAAHzo\/Dd1NmAeq5fIQmrGrweKGN5ljh0WDft-fgCLcBGAsYHQ\/s1600\/B2C35B9C-3189-4583-9B70-633390B60E87.jpeg\" style=\"margin-left: 1em; margin-right: 1em;\"><img loading=\"lazy\" decoding=\"async\" border=\"0\" data-original-height=\"1200\" data-original-width=\"1600\" height=\"300\" src=\"https:\/\/1.bp.blogspot.com\/-00ckK9ITVwA\/XmH4jYfv5pI\/AAAAAAAAHzo\/Dd1NmAeq5fIQmrGrweKGN5ljh0WDft-fgCLcBGAsYHQ\/s400\/B2C35B9C-3189-4583-9B70-633390B60E87.jpeg\" width=\"400\" \/><\/a><\/p>\n<div style=\"clear: both; text-align: center;\"><a href=\"https:\/\/1.bp.blogspot.com\/-zbITkSiDmAo\/XmIwXumPJpI\/AAAAAAAAH0Y\/LveEA8_OMgUWPaWb-f5eGlfK0llr2wEcQCLcBGAsYHQ\/s1600\/A61C95C5-0B7F-4694-B374-A30CCC6F7D0C.jpeg\" style=\"margin-left: 1em; margin-right: 1em;\"><img loading=\"lazy\" decoding=\"async\" border=\"0\" data-original-height=\"1536\" data-original-width=\"1536\" height=\"400\" src=\"https:\/\/1.bp.blogspot.com\/-zbITkSiDmAo\/XmIwXumPJpI\/AAAAAAAAH0Y\/LveEA8_OMgUWPaWb-f5eGlfK0llr2wEcQCLcBGAsYHQ\/s400\/A61C95C5-0B7F-4694-B374-A30CCC6F7D0C.jpeg\" width=\"400\" \/><\/a><\/div>\n<p><\/p>\n<div style=\"clear: both; text-align: center;\"><a href=\"https:\/\/1.bp.blogspot.com\/-jNHvj2QS_I0\/XmIwX0h92cI\/AAAAAAAAH0c\/VU0OHEGDGP4NH57-mMi5wg8bs_7ey2EHwCLcBGAsYHQ\/s1600\/D7975025-FD14-4E61-918D-842DDC67AC9A.jpeg\" style=\"margin-left: 1em; margin-right: 1em;\"><img loading=\"lazy\" decoding=\"async\" border=\"0\" data-original-height=\"1600\" data-original-width=\"1206\" height=\"400\" src=\"https:\/\/1.bp.blogspot.com\/-jNHvj2QS_I0\/XmIwX0h92cI\/AAAAAAAAH0c\/VU0OHEGDGP4NH57-mMi5wg8bs_7ey2EHwCLcBGAsYHQ\/s400\/D7975025-FD14-4E61-918D-842DDC67AC9A.jpeg\" width=\"301\" \/><\/a><\/div>\n<\/div>\n<div style=\"text-align: center;\"><span style=\"font-family: &quot;arial&quot; , &quot;helvetica&quot; , sans-serif;\">Com diem &#8216;gr\u00e0cies&#8217; en diferents lleng\u00fces? Els nens i les nenes de 3r ho saben.<\/span><br \/><span style=\"font-family: &quot;arial&quot; , &quot;helvetica&quot; , sans-serif;\"><\/span><\/p>\n<div style=\"clear: both; text-align: center;\"><a href=\"https:\/\/1.bp.blogspot.com\/-nP8tjAvJbFk\/XllpnSLIFRI\/AAAAAAAAHsg\/FMK0ptQUAj42WQ_xhCnU77ceFKiNUPtBACLcBGAsYHQ\/s1600\/thumbnail_1582895113928.jpg\" style=\"margin-left: 1em; margin-right: 1em;\"><img loading=\"lazy\" decoding=\"async\" border=\"0\" data-original-height=\"1280\" data-original-width=\"1280\" height=\"400\" src=\"https:\/\/1.bp.blogspot.com\/-nP8tjAvJbFk\/XllpnSLIFRI\/AAAAAAAAHsg\/FMK0ptQUAj42WQ_xhCnU77ceFKiNUPtBACLcBGAsYHQ\/s400\/thumbnail_1582895113928.jpg\" width=\"400\" \/><\/a><\/div>\n<\/div>\n<div style=\"text-align: center;\"><span style=\"font-family: &quot;arial&quot; , &quot;helvetica&quot; , sans-serif;\"><span style=\"font-family: &quot;arial&quot; , &quot;helvetica&quot; , sans-serif;\">Els nens i les nenes de 4t han celebrat el Dia de les Lleng\u00fces Maternes explicant als seus companys i a les seves companyes d&#8217;on s\u00f3n les seves fam\u00edlies. Primer, han marcat en un mapa del m\u00f3n els pa\u00efsos d&#8217;origen dels seus pares i les seves mares. Han seleccionat: Hondures, Col\u00f2mbia, Rep\u00fablica Dominicana, Xina, Bangladesh, Guinea Equatorial i Espanya. Despr\u00e9s, han comentat quina llengua fan servir a casa per comunicar-se amb la fam\u00edlia. Finalment, han fet una fitxa per plasmar el que havien explicat.<\/span><\/span><\/p>\n<div style=\"clear: both; text-align: center;\"><a href=\"https:\/\/1.bp.blogspot.com\/--vNs69gvqho\/Xlq5ZXVzZYI\/AAAAAAAAHss\/bw5Gq5SSB5sliAOYpOUF-_cNTZbYqmBTwCLcBGAsYHQ\/s1600\/20200228_163618.jpg\" style=\"margin-left: 1em; margin-right: 1em;\"><img loading=\"lazy\" decoding=\"async\" border=\"0\" data-original-height=\"1200\" data-original-width=\"1600\" height=\"300\" src=\"https:\/\/1.bp.blogspot.com\/--vNs69gvqho\/Xlq5ZXVzZYI\/AAAAAAAAHss\/bw5Gq5SSB5sliAOYpOUF-_cNTZbYqmBTwCLcBGAsYHQ\/s400\/20200228_163618.jpg\" width=\"400\" \/><\/a><\/div>\n<p><\/p>\n<div style=\"clear: both; text-align: center;\"><a href=\"https:\/\/1.bp.blogspot.com\/-eh7Tmg9sFtg\/Xlq5Zc_E7TI\/AAAAAAAAHsw\/lX18OKzm0OILZWgEfUiDiw1srVv1jmpJwCLcBGAsYHQ\/s1600\/20200229_120236.jpg\" style=\"margin-left: 1em; margin-right: 1em;\"><img loading=\"lazy\" decoding=\"async\" border=\"0\" data-original-height=\"1600\" data-original-width=\"1600\" height=\"400\" src=\"https:\/\/1.bp.blogspot.com\/-eh7Tmg9sFtg\/Xlq5Zc_E7TI\/AAAAAAAAHsw\/lX18OKzm0OILZWgEfUiDiw1srVv1jmpJwCLcBGAsYHQ\/s400\/20200229_120236.jpg\" width=\"400\" \/><\/a><\/div>\n<p><\/p>\n<div style=\"clear: both; text-align: center;\"><a href=\"https:\/\/1.bp.blogspot.com\/-HCA4V_7KlO0\/Xlq5ZaMQSqI\/AAAAAAAAHso\/pttAoPUPoIEU0bYjh7rsa01hRP1OyKrewCLcBGAsYHQ\/s1600\/20200229_120325.jpg\" style=\"margin-left: 1em; margin-right: 1em;\"><img loading=\"lazy\" decoding=\"async\" border=\"0\" data-original-height=\"1600\" data-original-width=\"1600\" height=\"400\" src=\"https:\/\/1.bp.blogspot.com\/-HCA4V_7KlO0\/Xlq5ZaMQSqI\/AAAAAAAAHso\/pttAoPUPoIEU0bYjh7rsa01hRP1OyKrewCLcBGAsYHQ\/s400\/20200229_120325.jpg\" width=\"400\" \/><\/a><\/div>\n<p><span style=\"font-family: &quot;arial&quot; , &quot;helvetica&quot; , sans-serif;\"><span style=\"font-family: &quot;arial&quot; , &quot;helvetica&quot; , sans-serif;\">&nbsp;<\/span>Els nens i les nenes de 5\u00e8 s&#8217;han motivat molt mentre buscaven com dir <i><b>Bon dia<\/b><\/i> en diferents lleng\u00fces: angl\u00e8s, franc\u00e8s, euskera, gallec, itali\u00e0, portugu\u00e8s, core\u00e0, finland\u00e8s&#8230;<\/span><\/div>\n<div style=\"text-align: center;\"><span style=\"font-family: &quot;arial&quot; , &quot;helvetica&quot; , sans-serif;\"><br \/><\/span><\/div>\n<div style=\"text-align: center;\"><span style=\"font-family: &quot;arial&quot; , &quot;helvetica&quot; , sans-serif;\">Tamb\u00e9 han reflexionat sobre com seria el m\u00f3n si nom\u00e9s s&#8217;hi parl\u00e9s una llengua que entengu\u00e9ssim totes i tots, i no tantes com se&#8217;n parlen ara.<\/span><\/div>\n<div style=\"text-align: center;\"><span style=\"font-family: &quot;arial&quot; , &quot;helvetica&quot; , sans-serif;\"><br \/><\/span><\/div>\n<div style=\"clear: both; text-align: center;\"><a href=\"https:\/\/1.bp.blogspot.com\/-kpgM_7pewog\/XljvpXSi4NI\/AAAAAAAAHr4\/au0w94Ex6LAzAuFAiC9KWULBGw8MGrM_wCLcBGAsYHQ\/s1600\/1582885756689.jpg\" style=\"margin-left: 1em; margin-right: 1em;\"><img loading=\"lazy\" decoding=\"async\" border=\"0\" data-original-height=\"1536\" data-original-width=\"1536\" height=\"400\" src=\"https:\/\/1.bp.blogspot.com\/-kpgM_7pewog\/XljvpXSi4NI\/AAAAAAAAHr4\/au0w94Ex6LAzAuFAiC9KWULBGw8MGrM_wCLcBGAsYHQ\/s400\/1582885756689.jpg\" width=\"400\" \/><\/a><\/div>\n<div style=\"text-align: center;\"><\/div>\n<div style=\"clear: both; text-align: center;\"><a href=\"https:\/\/1.bp.blogspot.com\/-NSHNlr9VNSc\/XljvoAuQ9qI\/AAAAAAAAHro\/6r_-F17obI8i6KDtX0o362Rm4OoFePe-QCLcBGAsYHQ\/s1600\/1582884924734.jpg\" style=\"margin-left: 1em; margin-right: 1em;\"><img loading=\"lazy\" decoding=\"async\" border=\"0\" data-original-height=\"1536\" data-original-width=\"1536\" height=\"400\" src=\"https:\/\/1.bp.blogspot.com\/-NSHNlr9VNSc\/XljvoAuQ9qI\/AAAAAAAAHro\/6r_-F17obI8i6KDtX0o362Rm4OoFePe-QCLcBGAsYHQ\/s400\/1582884924734.jpg\" width=\"400\" \/><\/a><\/div>\n<p><\/p>\n<div style=\"clear: both; text-align: center;\"><a href=\"https:\/\/1.bp.blogspot.com\/-_q6z-PBxQWc\/XljvoHHMbII\/AAAAAAAAHrw\/oyM4tgGNdkcixuyEh5TZKouraGDaHXCKQCLcBGAsYHQ\/s1600\/1582884959445.jpg\" style=\"margin-left: 1em; margin-right: 1em;\"><img loading=\"lazy\" decoding=\"async\" border=\"0\" data-original-height=\"1536\" data-original-width=\"1536\" height=\"400\" src=\"https:\/\/1.bp.blogspot.com\/-_q6z-PBxQWc\/XljvoHHMbII\/AAAAAAAAHrw\/oyM4tgGNdkcixuyEh5TZKouraGDaHXCKQCLcBGAsYHQ\/s400\/1582884959445.jpg\" width=\"400\" \/><\/a><\/div>\n<p><\/p>\n<div style=\"clear: both; text-align: center;\"><a href=\"https:\/\/1.bp.blogspot.com\/-CQZV4E71-Pw\/XljvoNubt2I\/AAAAAAAAHrs\/4FWlgCrjN6gMQuKXB4vcfIxmnp_h6pcqwCLcBGAsYHQ\/s1600\/1582885600267.jpg\" style=\"margin-left: 1em; margin-right: 1em;\"><img loading=\"lazy\" decoding=\"async\" border=\"0\" data-original-height=\"1536\" data-original-width=\"1536\" height=\"400\" src=\"https:\/\/1.bp.blogspot.com\/-CQZV4E71-Pw\/XljvoNubt2I\/AAAAAAAAHrs\/4FWlgCrjN6gMQuKXB4vcfIxmnp_h6pcqwCLcBGAsYHQ\/s400\/1582885600267.jpg\" width=\"400\" \/><\/a><\/div>\n<p><\/p>\n<div style=\"clear: both; text-align: center;\"><a href=\"https:\/\/1.bp.blogspot.com\/-UjrOiV-pqAs\/XljvpDA55UI\/AAAAAAAAHr0\/vZJVR8tjziAj60i8hVHKWBJg7AGvpvDAgCLcBGAsYHQ\/s1600\/1582885678721.jpg\" style=\"margin-left: 1em; margin-right: 1em;\"><img loading=\"lazy\" decoding=\"async\" border=\"0\" data-original-height=\"1536\" data-original-width=\"1536\" height=\"400\" src=\"https:\/\/1.bp.blogspot.com\/-UjrOiV-pqAs\/XljvpDA55UI\/AAAAAAAAHr0\/vZJVR8tjziAj60i8hVHKWBJg7AGvpvDAgCLcBGAsYHQ\/s400\/1582885678721.jpg\" width=\"400\" \/><\/a><\/div>\n<p><\/p>\n<div style=\"clear: both; text-align: center;\"><a href=\"https:\/\/1.bp.blogspot.com\/-BaiU2bafrJk\/XljvpYWC4BI\/AAAAAAAAHr8\/unThXBkv_SoeHdWOtHIqQTlzWUBA_bJWwCLcBGAsYHQ\/s1600\/1582885887144.jpg\" style=\"margin-left: 1em; margin-right: 1em;\"><img loading=\"lazy\" decoding=\"async\" border=\"0\" data-original-height=\"1536\" data-original-width=\"1536\" height=\"400\" src=\"https:\/\/1.bp.blogspot.com\/-BaiU2bafrJk\/XljvpYWC4BI\/AAAAAAAAHr8\/unThXBkv_SoeHdWOtHIqQTlzWUBA_bJWwCLcBGAsYHQ\/s400\/1582885887144.jpg\" width=\"400\" \/><\/a><\/div>\n<p><\/p>\n<div style=\"clear: both; text-align: center;\"><a href=\"https:\/\/1.bp.blogspot.com\/-GFi9Du5hWLI\/XljvpwOa2lI\/AAAAAAAAHsA\/iDyZWC7V9mgyYtNBlu_CzIlXoWjIfBXQQCLcBGAsYHQ\/s1600\/1582885962514.jpg\" style=\"margin-left: 1em; margin-right: 1em;\"><img loading=\"lazy\" decoding=\"async\" border=\"0\" data-original-height=\"1536\" data-original-width=\"1536\" height=\"400\" src=\"https:\/\/1.bp.blogspot.com\/-GFi9Du5hWLI\/XljvpwOa2lI\/AAAAAAAAHsA\/iDyZWC7V9mgyYtNBlu_CzIlXoWjIfBXQQCLcBGAsYHQ\/s400\/1582885962514.jpg\" width=\"400\" \/><\/a><\/div>\n<p><\/p>\n<div style=\"clear: both; text-align: center;\"><a href=\"https:\/\/1.bp.blogspot.com\/-ay1vh7_TElg\/XljvqTCi2JI\/AAAAAAAAHsE\/xS8AwYcwhI4Q_2zi9r4bps1AZrL9EdvBACLcBGAsYHQ\/s1600\/1582886150801.jpg\" style=\"margin-left: 1em; margin-right: 1em;\"><img loading=\"lazy\" decoding=\"async\" border=\"0\" data-original-height=\"1536\" data-original-width=\"1536\" height=\"400\" src=\"https:\/\/1.bp.blogspot.com\/-ay1vh7_TElg\/XljvqTCi2JI\/AAAAAAAAHsE\/xS8AwYcwhI4Q_2zi9r4bps1AZrL9EdvBACLcBGAsYHQ\/s400\/1582886150801.jpg\" width=\"400\" \/><\/a><\/div>\n<div style=\"text-align: center;\">\n<div style=\"clear: both; text-align: center;\"><\/div>\n<p><\/p>\n<div style=\"clear: both; text-align: center;\"><\/div>\n<p><\/p>\n<div style=\"clear: both; text-align: center;\"><\/div>\n<p><\/p>\n<div style=\"clear: both; text-align: center;\"><\/div>\n<p><span style=\"font-family: &quot;arial&quot; , &quot;helvetica&quot; , sans-serif;\"><br \/><\/span><\/div>\n","protected":false},"excerpt":{"rendered":"<p>El Dia Internacional de la Llengua Materna&nbsp;se celebra des de l&#8217;any 2000 amb la intenci\u00f3 de promoure el multiling\u00fcisme i la diversitat cultural. L&#8217;objectiu \u00e9s preservar i protegir tots els idiomes i dialectes que es parlen a tot el m\u00f3n.<\/p>\n<p>A la nostra escola hem fet&hellip;  <a href=\"https:\/\/agora.xtec.cat\/col-alfageme-barcelona\/general\/dia-internacional-de-la-llengua-materna\/\" title=\"Read Dia Internacional de la Llengua Materna\">Llegeix m\u00e9s\u00bb<\/a><\/p>\n","protected":false},"author":3,"featured_media":0,"comment_status":"open","ping_status":"closed","sticky":false,"template":"","format":"standard","meta":{"_bbp_topic_count":0,"_bbp_reply_count":0,"_bbp_total_topic_count":0,"_bbp_total_reply_count":0,"_bbp_voice_count":0,"_bbp_anonymous_reply_count":0,"_bbp_topic_count_hidden":0,"_bbp_reply_count_hidden":0,"_bbp_forum_subforum_count":0,"footnotes":""},"categories":[61,60,1],"tags":[],"class_list":["post-744","post","type-post","status-publish","format-standard","hentry","category-educacio-infantil","category-educacio-primaria","category-general"],"post_mailing_queue_ids":[],"_links":{"self":[{"href":"https:\/\/agora.xtec.cat\/col-alfageme-barcelona\/wp-json\/wp\/v2\/posts\/744","targetHints":{"allow":["GET"]}}],"collection":[{"href":"https:\/\/agora.xtec.cat\/col-alfageme-barcelona\/wp-json\/wp\/v2\/posts"}],"about":[{"href":"https:\/\/agora.xtec.cat\/col-alfageme-barcelona\/wp-json\/wp\/v2\/types\/post"}],"author":[{"embeddable":true,"href":"https:\/\/agora.xtec.cat\/col-alfageme-barcelona\/wp-json\/wp\/v2\/users\/3"}],"replies":[{"embeddable":true,"href":"https:\/\/agora.xtec.cat\/col-alfageme-barcelona\/wp-json\/wp\/v2\/comments?post=744"}],"version-history":[{"count":1,"href":"https:\/\/agora.xtec.cat\/col-alfageme-barcelona\/wp-json\/wp\/v2\/posts\/744\/revisions"}],"predecessor-version":[{"id":4214,"href":"https:\/\/agora.xtec.cat\/col-alfageme-barcelona\/wp-json\/wp\/v2\/posts\/744\/revisions\/4214"}],"wp:attachment":[{"href":"https:\/\/agora.xtec.cat\/col-alfageme-barcelona\/wp-json\/wp\/v2\/media?parent=744"}],"wp:term":[{"taxonomy":"category","embeddable":true,"href":"https:\/\/agora.xtec.cat\/col-alfageme-barcelona\/wp-json\/wp\/v2\/categories?post=744"},{"taxonomy":"post_tag","embeddable":true,"href":"https:\/\/agora.xtec.cat\/col-alfageme-barcelona\/wp-json\/wp\/v2\/tags?post=744"}],"curies":[{"name":"wp","href":"https:\/\/api.w.org\/{rel}","templated":true}]}}