{"id":7342,"date":"2023-02-13T21:16:54","date_gmt":"2023-02-13T20:16:54","guid":{"rendered":"https:\/\/agora.xtec.cat\/col-alfageme-barcelona\/?p=7342"},"modified":"2023-02-13T22:00:57","modified_gmt":"2023-02-13T21:00:57","slug":"els-tiets-de-la-natalia-visiten-2n","status":"publish","type":"post","link":"https:\/\/agora.xtec.cat\/col-alfageme-barcelona\/general\/els-tiets-de-la-natalia-visiten-2n\/","title":{"rendered":"Els tiets de la Nat\u00e0lia visiten 2n"},"content":{"rendered":"<p>Avui els tiets de la Nat\u00e0lia han vingut a l&#8217;aula de 2n a sensibilitzar als nens i nenes sobre les barreres arquitect\u00f2niques de la nostra ciutat.<\/p>\n<p><img loading=\"lazy\" decoding=\"async\" class=\"alignnone size-large wp-image-7345\" src=\"https:\/\/agora.xtec.cat\/col-alfageme-barcelona\/wp-content\/uploads\/usu2634\/2023\/02\/A9F0E765-052A-436B-9C1D-416FF93F6A4B-1024x768.jpeg\" alt=\"\" width=\"1024\" height=\"768\" srcset=\"https:\/\/agora.xtec.cat\/col-alfageme-barcelona\/wp-content\/uploads\/usu2634\/2023\/02\/A9F0E765-052A-436B-9C1D-416FF93F6A4B-1024x768.jpeg 1024w, https:\/\/agora.xtec.cat\/col-alfageme-barcelona\/wp-content\/uploads\/usu2634\/2023\/02\/A9F0E765-052A-436B-9C1D-416FF93F6A4B-300x225.jpeg 300w, https:\/\/agora.xtec.cat\/col-alfageme-barcelona\/wp-content\/uploads\/usu2634\/2023\/02\/A9F0E765-052A-436B-9C1D-416FF93F6A4B-768x576.jpeg 768w, https:\/\/agora.xtec.cat\/col-alfageme-barcelona\/wp-content\/uploads\/usu2634\/2023\/02\/A9F0E765-052A-436B-9C1D-416FF93F6A4B-1536x1152.jpeg 1536w, https:\/\/agora.xtec.cat\/col-alfageme-barcelona\/wp-content\/uploads\/usu2634\/2023\/02\/A9F0E765-052A-436B-9C1D-416FF93F6A4B-200x150.jpeg 200w, https:\/\/agora.xtec.cat\/col-alfageme-barcelona\/wp-content\/uploads\/usu2634\/2023\/02\/A9F0E765-052A-436B-9C1D-416FF93F6A4B.jpeg 2016w\" sizes=\"auto, (max-width: 1024px) 100vw, 1024px\" \/> <img loading=\"lazy\" decoding=\"async\" class=\"alignnone size-large wp-image-7346\" src=\"https:\/\/agora.xtec.cat\/col-alfageme-barcelona\/wp-content\/uploads\/usu2634\/2023\/02\/5A9C35E1-15FB-423B-B0E7-CC3F0E6E69AC-1024x768.jpeg\" alt=\"\" width=\"1024\" height=\"768\" srcset=\"https:\/\/agora.xtec.cat\/col-alfageme-barcelona\/wp-content\/uploads\/usu2634\/2023\/02\/5A9C35E1-15FB-423B-B0E7-CC3F0E6E69AC-1024x768.jpeg 1024w, https:\/\/agora.xtec.cat\/col-alfageme-barcelona\/wp-content\/uploads\/usu2634\/2023\/02\/5A9C35E1-15FB-423B-B0E7-CC3F0E6E69AC-300x225.jpeg 300w, https:\/\/agora.xtec.cat\/col-alfageme-barcelona\/wp-content\/uploads\/usu2634\/2023\/02\/5A9C35E1-15FB-423B-B0E7-CC3F0E6E69AC-768x576.jpeg 768w, https:\/\/agora.xtec.cat\/col-alfageme-barcelona\/wp-content\/uploads\/usu2634\/2023\/02\/5A9C35E1-15FB-423B-B0E7-CC3F0E6E69AC-1536x1152.jpeg 1536w, https:\/\/agora.xtec.cat\/col-alfageme-barcelona\/wp-content\/uploads\/usu2634\/2023\/02\/5A9C35E1-15FB-423B-B0E7-CC3F0E6E69AC-200x150.jpeg 200w, https:\/\/agora.xtec.cat\/col-alfageme-barcelona\/wp-content\/uploads\/usu2634\/2023\/02\/5A9C35E1-15FB-423B-B0E7-CC3F0E6E69AC.jpeg 2016w\" sizes=\"auto, (max-width: 1024px) 100vw, 1024px\" \/> <img loading=\"lazy\" decoding=\"async\" class=\"alignnone size-large wp-image-7347\" src=\"https:\/\/agora.xtec.cat\/col-alfageme-barcelona\/wp-content\/uploads\/usu2634\/2023\/02\/06926D03-831E-4E1D-9D85-7714AAC60083-1024x768.jpeg\" alt=\"\" width=\"1024\" height=\"768\" srcset=\"https:\/\/agora.xtec.cat\/col-alfageme-barcelona\/wp-content\/uploads\/usu2634\/2023\/02\/06926D03-831E-4E1D-9D85-7714AAC60083-1024x768.jpeg 1024w, https:\/\/agora.xtec.cat\/col-alfageme-barcelona\/wp-content\/uploads\/usu2634\/2023\/02\/06926D03-831E-4E1D-9D85-7714AAC60083-300x225.jpeg 300w, https:\/\/agora.xtec.cat\/col-alfageme-barcelona\/wp-content\/uploads\/usu2634\/2023\/02\/06926D03-831E-4E1D-9D85-7714AAC60083-768x576.jpeg 768w, https:\/\/agora.xtec.cat\/col-alfageme-barcelona\/wp-content\/uploads\/usu2634\/2023\/02\/06926D03-831E-4E1D-9D85-7714AAC60083-1536x1152.jpeg 1536w, https:\/\/agora.xtec.cat\/col-alfageme-barcelona\/wp-content\/uploads\/usu2634\/2023\/02\/06926D03-831E-4E1D-9D85-7714AAC60083-200x150.jpeg 200w, https:\/\/agora.xtec.cat\/col-alfageme-barcelona\/wp-content\/uploads\/usu2634\/2023\/02\/06926D03-831E-4E1D-9D85-7714AAC60083.jpeg 2016w\" sizes=\"auto, (max-width: 1024px) 100vw, 1024px\" \/><\/p>\n<p><img loading=\"lazy\" decoding=\"async\" class=\"alignnone size-large wp-image-7358\" src=\"https:\/\/agora.xtec.cat\/col-alfageme-barcelona\/wp-content\/uploads\/usu2634\/2023\/02\/EB9FAAF4-7DF1-48B1-8F55-BC5D85EA89F9-1024x768.jpeg\" alt=\"\" width=\"1024\" height=\"768\" srcset=\"https:\/\/agora.xtec.cat\/col-alfageme-barcelona\/wp-content\/uploads\/usu2634\/2023\/02\/EB9FAAF4-7DF1-48B1-8F55-BC5D85EA89F9-1024x768.jpeg 1024w, https:\/\/agora.xtec.cat\/col-alfageme-barcelona\/wp-content\/uploads\/usu2634\/2023\/02\/EB9FAAF4-7DF1-48B1-8F55-BC5D85EA89F9-300x225.jpeg 300w, https:\/\/agora.xtec.cat\/col-alfageme-barcelona\/wp-content\/uploads\/usu2634\/2023\/02\/EB9FAAF4-7DF1-48B1-8F55-BC5D85EA89F9-768x576.jpeg 768w, https:\/\/agora.xtec.cat\/col-alfageme-barcelona\/wp-content\/uploads\/usu2634\/2023\/02\/EB9FAAF4-7DF1-48B1-8F55-BC5D85EA89F9-1536x1152.jpeg 1536w, https:\/\/agora.xtec.cat\/col-alfageme-barcelona\/wp-content\/uploads\/usu2634\/2023\/02\/EB9FAAF4-7DF1-48B1-8F55-BC5D85EA89F9-200x150.jpeg 200w, https:\/\/agora.xtec.cat\/col-alfageme-barcelona\/wp-content\/uploads\/usu2634\/2023\/02\/EB9FAAF4-7DF1-48B1-8F55-BC5D85EA89F9.jpeg 2015w\" sizes=\"auto, (max-width: 1024px) 100vw, 1024px\" \/><\/p>\n<p>Cada dia moltes persones amb mobilitat redu\u00efda es troben amb grans dificultats per a moure&#8217;s per carrers i edificis, en el transport p\u00fablic i fins i tot per a desenvolupar-se aut\u00f2nomament en la llar.<\/p>\n<p><img loading=\"lazy\" decoding=\"async\" class=\"alignnone size-large wp-image-7348\" src=\"https:\/\/agora.xtec.cat\/col-alfageme-barcelona\/wp-content\/uploads\/usu2634\/2023\/02\/58280DEB-E941-418C-8B8F-D0068919F9EF-1024x768.jpeg\" alt=\"\" width=\"1024\" height=\"768\" srcset=\"https:\/\/agora.xtec.cat\/col-alfageme-barcelona\/wp-content\/uploads\/usu2634\/2023\/02\/58280DEB-E941-418C-8B8F-D0068919F9EF-1024x768.jpeg 1024w, https:\/\/agora.xtec.cat\/col-alfageme-barcelona\/wp-content\/uploads\/usu2634\/2023\/02\/58280DEB-E941-418C-8B8F-D0068919F9EF-300x225.jpeg 300w, https:\/\/agora.xtec.cat\/col-alfageme-barcelona\/wp-content\/uploads\/usu2634\/2023\/02\/58280DEB-E941-418C-8B8F-D0068919F9EF-768x576.jpeg 768w, https:\/\/agora.xtec.cat\/col-alfageme-barcelona\/wp-content\/uploads\/usu2634\/2023\/02\/58280DEB-E941-418C-8B8F-D0068919F9EF-1536x1152.jpeg 1536w, https:\/\/agora.xtec.cat\/col-alfageme-barcelona\/wp-content\/uploads\/usu2634\/2023\/02\/58280DEB-E941-418C-8B8F-D0068919F9EF-200x150.jpeg 200w, https:\/\/agora.xtec.cat\/col-alfageme-barcelona\/wp-content\/uploads\/usu2634\/2023\/02\/58280DEB-E941-418C-8B8F-D0068919F9EF.jpeg 2016w\" sizes=\"auto, (max-width: 1024px) 100vw, 1024px\" \/> <img loading=\"lazy\" decoding=\"async\" class=\"alignnone size-large wp-image-7349\" src=\"https:\/\/agora.xtec.cat\/col-alfageme-barcelona\/wp-content\/uploads\/usu2634\/2023\/02\/F26E4788-C225-4A6F-9CB7-E392706716E3-1024x768.jpeg\" alt=\"\" width=\"1024\" height=\"768\" srcset=\"https:\/\/agora.xtec.cat\/col-alfageme-barcelona\/wp-content\/uploads\/usu2634\/2023\/02\/F26E4788-C225-4A6F-9CB7-E392706716E3-1024x768.jpeg 1024w, https:\/\/agora.xtec.cat\/col-alfageme-barcelona\/wp-content\/uploads\/usu2634\/2023\/02\/F26E4788-C225-4A6F-9CB7-E392706716E3-300x225.jpeg 300w, https:\/\/agora.xtec.cat\/col-alfageme-barcelona\/wp-content\/uploads\/usu2634\/2023\/02\/F26E4788-C225-4A6F-9CB7-E392706716E3-768x576.jpeg 768w, https:\/\/agora.xtec.cat\/col-alfageme-barcelona\/wp-content\/uploads\/usu2634\/2023\/02\/F26E4788-C225-4A6F-9CB7-E392706716E3-1536x1152.jpeg 1536w, https:\/\/agora.xtec.cat\/col-alfageme-barcelona\/wp-content\/uploads\/usu2634\/2023\/02\/F26E4788-C225-4A6F-9CB7-E392706716E3-200x150.jpeg 200w, https:\/\/agora.xtec.cat\/col-alfageme-barcelona\/wp-content\/uploads\/usu2634\/2023\/02\/F26E4788-C225-4A6F-9CB7-E392706716E3.jpeg 2016w\" sizes=\"auto, (max-width: 1024px) 100vw, 1024px\" \/><\/p>\n<p>L&#8217;alumnat ha realitzat en grups una pr\u00e0ctica de conscienciaci\u00f3 envers les barreres arquitect\u00f2niques que ens podem trobar.<\/p>\n<p><img loading=\"lazy\" decoding=\"async\" class=\"alignnone size-large wp-image-7350\" src=\"https:\/\/agora.xtec.cat\/col-alfageme-barcelona\/wp-content\/uploads\/usu2634\/2023\/02\/04D76FBF-3945-4D66-9302-B966CD13091A-1024x768.jpeg\" alt=\"\" width=\"1024\" height=\"768\" srcset=\"https:\/\/agora.xtec.cat\/col-alfageme-barcelona\/wp-content\/uploads\/usu2634\/2023\/02\/04D76FBF-3945-4D66-9302-B966CD13091A-1024x768.jpeg 1024w, https:\/\/agora.xtec.cat\/col-alfageme-barcelona\/wp-content\/uploads\/usu2634\/2023\/02\/04D76FBF-3945-4D66-9302-B966CD13091A-300x225.jpeg 300w, https:\/\/agora.xtec.cat\/col-alfageme-barcelona\/wp-content\/uploads\/usu2634\/2023\/02\/04D76FBF-3945-4D66-9302-B966CD13091A-768x576.jpeg 768w, https:\/\/agora.xtec.cat\/col-alfageme-barcelona\/wp-content\/uploads\/usu2634\/2023\/02\/04D76FBF-3945-4D66-9302-B966CD13091A-1536x1152.jpeg 1536w, https:\/\/agora.xtec.cat\/col-alfageme-barcelona\/wp-content\/uploads\/usu2634\/2023\/02\/04D76FBF-3945-4D66-9302-B966CD13091A-200x150.jpeg 200w, https:\/\/agora.xtec.cat\/col-alfageme-barcelona\/wp-content\/uploads\/usu2634\/2023\/02\/04D76FBF-3945-4D66-9302-B966CD13091A.jpeg 2016w\" sizes=\"auto, (max-width: 1024px) 100vw, 1024px\" \/> <img loading=\"lazy\" decoding=\"async\" class=\"alignnone size-large wp-image-7351\" src=\"https:\/\/agora.xtec.cat\/col-alfageme-barcelona\/wp-content\/uploads\/usu2634\/2023\/02\/176E211B-2E03-4704-8B4E-B83324EE6990-1024x768.jpeg\" alt=\"\" width=\"1024\" height=\"768\" srcset=\"https:\/\/agora.xtec.cat\/col-alfageme-barcelona\/wp-content\/uploads\/usu2634\/2023\/02\/176E211B-2E03-4704-8B4E-B83324EE6990-1024x768.jpeg 1024w, https:\/\/agora.xtec.cat\/col-alfageme-barcelona\/wp-content\/uploads\/usu2634\/2023\/02\/176E211B-2E03-4704-8B4E-B83324EE6990-300x225.jpeg 300w, https:\/\/agora.xtec.cat\/col-alfageme-barcelona\/wp-content\/uploads\/usu2634\/2023\/02\/176E211B-2E03-4704-8B4E-B83324EE6990-768x576.jpeg 768w, https:\/\/agora.xtec.cat\/col-alfageme-barcelona\/wp-content\/uploads\/usu2634\/2023\/02\/176E211B-2E03-4704-8B4E-B83324EE6990-1536x1152.jpeg 1536w, https:\/\/agora.xtec.cat\/col-alfageme-barcelona\/wp-content\/uploads\/usu2634\/2023\/02\/176E211B-2E03-4704-8B4E-B83324EE6990-200x150.jpeg 200w, https:\/\/agora.xtec.cat\/col-alfageme-barcelona\/wp-content\/uploads\/usu2634\/2023\/02\/176E211B-2E03-4704-8B4E-B83324EE6990.jpeg 2016w\" sizes=\"auto, (max-width: 1024px) 100vw, 1024px\" \/> <img loading=\"lazy\" decoding=\"async\" class=\"alignnone size-large wp-image-7352\" src=\"https:\/\/agora.xtec.cat\/col-alfageme-barcelona\/wp-content\/uploads\/usu2634\/2023\/02\/4782C9D4-CA6A-4C1D-BF29-E9F7A8C3D825-1024x768.jpeg\" alt=\"\" width=\"1024\" height=\"768\" srcset=\"https:\/\/agora.xtec.cat\/col-alfageme-barcelona\/wp-content\/uploads\/usu2634\/2023\/02\/4782C9D4-CA6A-4C1D-BF29-E9F7A8C3D825-1024x768.jpeg 1024w, https:\/\/agora.xtec.cat\/col-alfageme-barcelona\/wp-content\/uploads\/usu2634\/2023\/02\/4782C9D4-CA6A-4C1D-BF29-E9F7A8C3D825-300x225.jpeg 300w, https:\/\/agora.xtec.cat\/col-alfageme-barcelona\/wp-content\/uploads\/usu2634\/2023\/02\/4782C9D4-CA6A-4C1D-BF29-E9F7A8C3D825-768x576.jpeg 768w, https:\/\/agora.xtec.cat\/col-alfageme-barcelona\/wp-content\/uploads\/usu2634\/2023\/02\/4782C9D4-CA6A-4C1D-BF29-E9F7A8C3D825-1536x1152.jpeg 1536w, https:\/\/agora.xtec.cat\/col-alfageme-barcelona\/wp-content\/uploads\/usu2634\/2023\/02\/4782C9D4-CA6A-4C1D-BF29-E9F7A8C3D825-200x150.jpeg 200w, https:\/\/agora.xtec.cat\/col-alfageme-barcelona\/wp-content\/uploads\/usu2634\/2023\/02\/4782C9D4-CA6A-4C1D-BF29-E9F7A8C3D825.jpeg 2016w\" sizes=\"auto, (max-width: 1024px) 100vw, 1024px\" \/><\/p>\n<p>Hem arribat a la conclusi\u00f3 que tot i que en l&#8217;actualitat s&#8217;est\u00e0 treballant per a canviar aquesta realitat, la veritat \u00e9s que encara existeixen molts entorns dissenyats sense tenir en compte que no tots tenim les mateixes necessitats a l&#8217;hora de moure&#8217;ns.<\/p>\n<p><img loading=\"lazy\" decoding=\"async\" class=\"alignnone size-large wp-image-7353\" src=\"https:\/\/agora.xtec.cat\/col-alfageme-barcelona\/wp-content\/uploads\/usu2634\/2023\/02\/27EEE646-088B-42E9-B611-C6C1116D20AC-1024x768.jpeg\" alt=\"\" width=\"1024\" height=\"768\" srcset=\"https:\/\/agora.xtec.cat\/col-alfageme-barcelona\/wp-content\/uploads\/usu2634\/2023\/02\/27EEE646-088B-42E9-B611-C6C1116D20AC-1024x768.jpeg 1024w, https:\/\/agora.xtec.cat\/col-alfageme-barcelona\/wp-content\/uploads\/usu2634\/2023\/02\/27EEE646-088B-42E9-B611-C6C1116D20AC-300x225.jpeg 300w, https:\/\/agora.xtec.cat\/col-alfageme-barcelona\/wp-content\/uploads\/usu2634\/2023\/02\/27EEE646-088B-42E9-B611-C6C1116D20AC-768x576.jpeg 768w, https:\/\/agora.xtec.cat\/col-alfageme-barcelona\/wp-content\/uploads\/usu2634\/2023\/02\/27EEE646-088B-42E9-B611-C6C1116D20AC-1536x1152.jpeg 1536w, https:\/\/agora.xtec.cat\/col-alfageme-barcelona\/wp-content\/uploads\/usu2634\/2023\/02\/27EEE646-088B-42E9-B611-C6C1116D20AC-200x150.jpeg 200w, https:\/\/agora.xtec.cat\/col-alfageme-barcelona\/wp-content\/uploads\/usu2634\/2023\/02\/27EEE646-088B-42E9-B611-C6C1116D20AC.jpeg 2016w\" sizes=\"auto, (max-width: 1024px) 100vw, 1024px\" \/> <img loading=\"lazy\" decoding=\"async\" class=\"alignnone size-large wp-image-7354\" src=\"https:\/\/agora.xtec.cat\/col-alfageme-barcelona\/wp-content\/uploads\/usu2634\/2023\/02\/AD0AB39E-774C-465D-A590-430D52B36DA7-1024x768.jpeg\" alt=\"\" width=\"1024\" height=\"768\" srcset=\"https:\/\/agora.xtec.cat\/col-alfageme-barcelona\/wp-content\/uploads\/usu2634\/2023\/02\/AD0AB39E-774C-465D-A590-430D52B36DA7-1024x768.jpeg 1024w, https:\/\/agora.xtec.cat\/col-alfageme-barcelona\/wp-content\/uploads\/usu2634\/2023\/02\/AD0AB39E-774C-465D-A590-430D52B36DA7-300x225.jpeg 300w, https:\/\/agora.xtec.cat\/col-alfageme-barcelona\/wp-content\/uploads\/usu2634\/2023\/02\/AD0AB39E-774C-465D-A590-430D52B36DA7-768x576.jpeg 768w, https:\/\/agora.xtec.cat\/col-alfageme-barcelona\/wp-content\/uploads\/usu2634\/2023\/02\/AD0AB39E-774C-465D-A590-430D52B36DA7-1536x1152.jpeg 1536w, https:\/\/agora.xtec.cat\/col-alfageme-barcelona\/wp-content\/uploads\/usu2634\/2023\/02\/AD0AB39E-774C-465D-A590-430D52B36DA7-200x150.jpeg 200w, https:\/\/agora.xtec.cat\/col-alfageme-barcelona\/wp-content\/uploads\/usu2634\/2023\/02\/AD0AB39E-774C-465D-A590-430D52B36DA7.jpeg 2016w\" sizes=\"auto, (max-width: 1024px) 100vw, 1024px\" \/><\/p>\n<p>Moltes gr\u00e0cies, M\u00f2nica i <span class=\"hiddenSpellError\">Aldo<\/span> per tot el que ens heu transm\u00e8s i per l&#8217;estona tan agradable que hem passat amb vosaltres!<\/p>\n<p><img loading=\"lazy\" decoding=\"async\" class=\"alignnone size-large wp-image-7355\" src=\"https:\/\/agora.xtec.cat\/col-alfageme-barcelona\/wp-content\/uploads\/usu2634\/2023\/02\/AE9E04CA-0775-4413-BDBE-1273AD5D868D-1024x768.jpeg\" alt=\"\" width=\"1024\" height=\"768\" srcset=\"https:\/\/agora.xtec.cat\/col-alfageme-barcelona\/wp-content\/uploads\/usu2634\/2023\/02\/AE9E04CA-0775-4413-BDBE-1273AD5D868D-1024x768.jpeg 1024w, https:\/\/agora.xtec.cat\/col-alfageme-barcelona\/wp-content\/uploads\/usu2634\/2023\/02\/AE9E04CA-0775-4413-BDBE-1273AD5D868D-300x225.jpeg 300w, https:\/\/agora.xtec.cat\/col-alfageme-barcelona\/wp-content\/uploads\/usu2634\/2023\/02\/AE9E04CA-0775-4413-BDBE-1273AD5D868D-768x576.jpeg 768w, https:\/\/agora.xtec.cat\/col-alfageme-barcelona\/wp-content\/uploads\/usu2634\/2023\/02\/AE9E04CA-0775-4413-BDBE-1273AD5D868D-1536x1152.jpeg 1536w, https:\/\/agora.xtec.cat\/col-alfageme-barcelona\/wp-content\/uploads\/usu2634\/2023\/02\/AE9E04CA-0775-4413-BDBE-1273AD5D868D-200x150.jpeg 200w, https:\/\/agora.xtec.cat\/col-alfageme-barcelona\/wp-content\/uploads\/usu2634\/2023\/02\/AE9E04CA-0775-4413-BDBE-1273AD5D868D.jpeg 2016w\" sizes=\"auto, (max-width: 1024px) 100vw, 1024px\" \/> <img loading=\"lazy\" decoding=\"async\" class=\"alignnone size-large wp-image-7356\" src=\"https:\/\/agora.xtec.cat\/col-alfageme-barcelona\/wp-content\/uploads\/usu2634\/2023\/02\/A8EAC24A-8DDC-40B0-B2CA-48AC5350D442-768x1024.jpeg\" alt=\"\" width=\"768\" height=\"1024\" srcset=\"https:\/\/agora.xtec.cat\/col-alfageme-barcelona\/wp-content\/uploads\/usu2634\/2023\/02\/A8EAC24A-8DDC-40B0-B2CA-48AC5350D442-768x1024.jpeg 768w, https:\/\/agora.xtec.cat\/col-alfageme-barcelona\/wp-content\/uploads\/usu2634\/2023\/02\/A8EAC24A-8DDC-40B0-B2CA-48AC5350D442-225x300.jpeg 225w, https:\/\/agora.xtec.cat\/col-alfageme-barcelona\/wp-content\/uploads\/usu2634\/2023\/02\/A8EAC24A-8DDC-40B0-B2CA-48AC5350D442-1152x1536.jpeg 1152w, https:\/\/agora.xtec.cat\/col-alfageme-barcelona\/wp-content\/uploads\/usu2634\/2023\/02\/A8EAC24A-8DDC-40B0-B2CA-48AC5350D442-rotated.jpeg 1512w\" sizes=\"auto, (max-width: 768px) 100vw, 768px\" \/><\/p>\n","protected":false},"excerpt":{"rendered":"<p>Avui els tiets de la Nat\u00e0lia han vingut a l&#8217;aula de 2n a sensibilitzar als nens i nenes sobre les barreres arquitect\u00f2niques de la nostra ciutat.<\/p>\n<p>Cada dia moltes persones amb mobilitat redu\u00efda es troben amb grans dificultats per a moure&#8217;s per carrers i&hellip;  <a href=\"https:\/\/agora.xtec.cat\/col-alfageme-barcelona\/general\/els-tiets-de-la-natalia-visiten-2n\/\" title=\"Read Els tiets de la Nat\u00e0lia visiten 2n\">Llegeix m\u00e9s\u00bb<\/a><\/p>\n","protected":false},"author":1,"featured_media":7355,"comment_status":"closed","ping_status":"closed","sticky":false,"template":"","format":"standard","meta":{"_bbp_topic_count":0,"_bbp_reply_count":0,"_bbp_total_topic_count":0,"_bbp_total_reply_count":0,"_bbp_voice_count":0,"_bbp_anonymous_reply_count":0,"_bbp_topic_count_hidden":0,"_bbp_reply_count_hidden":0,"_bbp_forum_subforum_count":0,"footnotes":""},"categories":[11,60,62,1],"tags":[],"class_list":["post-7342","post","type-post","status-publish","format-standard","has-post-thumbnail","hentry","category-2n","category-educacio-primaria","category-foment-de-la-lectura","category-general"],"post_mailing_queue_ids":[],"_links":{"self":[{"href":"https:\/\/agora.xtec.cat\/col-alfageme-barcelona\/wp-json\/wp\/v2\/posts\/7342","targetHints":{"allow":["GET"]}}],"collection":[{"href":"https:\/\/agora.xtec.cat\/col-alfageme-barcelona\/wp-json\/wp\/v2\/posts"}],"about":[{"href":"https:\/\/agora.xtec.cat\/col-alfageme-barcelona\/wp-json\/wp\/v2\/types\/post"}],"author":[{"embeddable":true,"href":"https:\/\/agora.xtec.cat\/col-alfageme-barcelona\/wp-json\/wp\/v2\/users\/1"}],"replies":[{"embeddable":true,"href":"https:\/\/agora.xtec.cat\/col-alfageme-barcelona\/wp-json\/wp\/v2\/comments?post=7342"}],"version-history":[{"count":3,"href":"https:\/\/agora.xtec.cat\/col-alfageme-barcelona\/wp-json\/wp\/v2\/posts\/7342\/revisions"}],"predecessor-version":[{"id":7359,"href":"https:\/\/agora.xtec.cat\/col-alfageme-barcelona\/wp-json\/wp\/v2\/posts\/7342\/revisions\/7359"}],"wp:featuredmedia":[{"embeddable":true,"href":"https:\/\/agora.xtec.cat\/col-alfageme-barcelona\/wp-json\/wp\/v2\/media\/7355"}],"wp:attachment":[{"href":"https:\/\/agora.xtec.cat\/col-alfageme-barcelona\/wp-json\/wp\/v2\/media?parent=7342"}],"wp:term":[{"taxonomy":"category","embeddable":true,"href":"https:\/\/agora.xtec.cat\/col-alfageme-barcelona\/wp-json\/wp\/v2\/categories?post=7342"},{"taxonomy":"post_tag","embeddable":true,"href":"https:\/\/agora.xtec.cat\/col-alfageme-barcelona\/wp-json\/wp\/v2\/tags?post=7342"}],"curies":[{"name":"wp","href":"https:\/\/api.w.org\/{rel}","templated":true}]}}