{"id":679,"date":"2021-03-25T13:12:00","date_gmt":"2021-03-25T12:12:00","guid":{"rendered":"https:\/\/agora.xtec.cat\/col-alfageme-barcelona\/general\/la-nostra-olivera\/"},"modified":"2022-03-12T15:02:00","modified_gmt":"2022-03-12T14:02:00","slug":"la-nostra-olivera","status":"publish","type":"post","link":"https:\/\/agora.xtec.cat\/col-alfageme-barcelona\/general\/la-nostra-olivera\/","title":{"rendered":"La nostra olivera!"},"content":{"rendered":"<p style=\"text-align: center;\">&nbsp;<span style=\"font-family: arial;\">Des del curs passat tenim una olivera a l&#8217;escola que ens van regalar despr\u00e9s d&#8217;haver fet uns tallers amb el Jard\u00ed Bot\u00e0nic.<\/span><\/p>\n<p style=\"text-align: center;\"><span style=\"font-family: arial;\">La seguim cuidant i regant la mar de b\u00e9! \ud83c\udf3f<\/span><\/p>\n<p style=\"text-align: center;\">\n<div style=\"clear: both; text-align: center;\"><a href=\"https:\/\/1.bp.blogspot.com\/-M-mGFFN2nPM\/YFxv3kkGAzI\/AAAAAAAAPLM\/3-N9jjj4dnQCwV8zl3J_836TlvhHovjUQCLcBGAsYHQ\/s2048\/20210324_105036.jpg\" style=\"margin-left: 1em; margin-right: 1em;\"><img loading=\"lazy\" decoding=\"async\" border=\"0\" data-original-height=\"1536\" data-original-width=\"2048\" height=\"300\" src=\"https:\/\/1.bp.blogspot.com\/-M-mGFFN2nPM\/YFxv3kkGAzI\/AAAAAAAAPLM\/3-N9jjj4dnQCwV8zl3J_836TlvhHovjUQCLcBGAsYHQ\/w400-h300\/20210324_105036.jpg\" width=\"400\" \/><\/a><\/div>\n<p><\/p>\n<div style=\"clear: both; text-align: center;\"><a href=\"https:\/\/1.bp.blogspot.com\/-n4a_cm2JHGU\/YFxv3lo8kWI\/AAAAAAAAPLI\/PAMw8saTUoU1f3qwbz5E-xOzoSiX891pwCLcBGAsYHQ\/s2048\/20210324_105051.jpg\" style=\"margin-left: 1em; margin-right: 1em;\"><img loading=\"lazy\" decoding=\"async\" border=\"0\" data-original-height=\"1536\" data-original-width=\"2048\" height=\"300\" src=\"https:\/\/1.bp.blogspot.com\/-n4a_cm2JHGU\/YFxv3lo8kWI\/AAAAAAAAPLI\/PAMw8saTUoU1f3qwbz5E-xOzoSiX891pwCLcBGAsYHQ\/w400-h300\/20210324_105051.jpg\" width=\"400\" \/><\/a><\/div>\n<p><\/p>\n<div style=\"clear: both; text-align: center;\"><\/div>\n","protected":false},"excerpt":{"rendered":"<p>&nbsp;Des del curs passat tenim una olivera a l&#8217;escola que ens van regalar despr\u00e9s d&#8217;haver fet uns tallers amb el Jard\u00ed Bot\u00e0nic.<br \/>\nLa seguim cuidant i regant la mar de b\u00e9! \ud83c\udf3f<\/p>\n<p><a href=\"https:\/\/1.bp.blogspot.com\/-M-mGFFN2nPM\/YFxv3kkGAzI\/AAAAAAAAPLM\/3-N9jjj4dnQCwV8zl3J_836TlvhHovjUQCLcBGAsYHQ\/s2048\/20210324_105036.jpg\" style=\"margin-left: 1em; margin-right: 1em;\"><\/a><\/p>\n<p><a href=\"https:\/\/1.bp.blogspot.com\/-n4a_cm2JHGU\/YFxv3lo8kWI\/AAAAAAAAPLI\/PAMw8saTUoU1f3qwbz5E-xOzoSiX891pwCLcBGAsYHQ\/s2048\/20210324_105051.jpg\" style=\"margin-left: 1em; margin-right: 1em;\"><\/a><\/p>\n","protected":false},"author":3,"featured_media":0,"comment_status":"open","ping_status":"closed","sticky":false,"template":"","format":"standard","meta":{"_bbp_topic_count":0,"_bbp_reply_count":0,"_bbp_total_topic_count":0,"_bbp_total_reply_count":0,"_bbp_voice_count":0,"_bbp_anonymous_reply_count":0,"_bbp_topic_count_hidden":0,"_bbp_reply_count_hidden":0,"_bbp_forum_subforum_count":0,"footnotes":""},"categories":[60,1],"tags":[],"class_list":["post-679","post","type-post","status-publish","format-standard","hentry","category-educacio-primaria","category-general"],"post_mailing_queue_ids":[],"_links":{"self":[{"href":"https:\/\/agora.xtec.cat\/col-alfageme-barcelona\/wp-json\/wp\/v2\/posts\/679","targetHints":{"allow":["GET"]}}],"collection":[{"href":"https:\/\/agora.xtec.cat\/col-alfageme-barcelona\/wp-json\/wp\/v2\/posts"}],"about":[{"href":"https:\/\/agora.xtec.cat\/col-alfageme-barcelona\/wp-json\/wp\/v2\/types\/post"}],"author":[{"embeddable":true,"href":"https:\/\/agora.xtec.cat\/col-alfageme-barcelona\/wp-json\/wp\/v2\/users\/3"}],"replies":[{"embeddable":true,"href":"https:\/\/agora.xtec.cat\/col-alfageme-barcelona\/wp-json\/wp\/v2\/comments?post=679"}],"version-history":[{"count":1,"href":"https:\/\/agora.xtec.cat\/col-alfageme-barcelona\/wp-json\/wp\/v2\/posts\/679\/revisions"}],"predecessor-version":[{"id":4137,"href":"https:\/\/agora.xtec.cat\/col-alfageme-barcelona\/wp-json\/wp\/v2\/posts\/679\/revisions\/4137"}],"wp:attachment":[{"href":"https:\/\/agora.xtec.cat\/col-alfageme-barcelona\/wp-json\/wp\/v2\/media?parent=679"}],"wp:term":[{"taxonomy":"category","embeddable":true,"href":"https:\/\/agora.xtec.cat\/col-alfageme-barcelona\/wp-json\/wp\/v2\/categories?post=679"},{"taxonomy":"post_tag","embeddable":true,"href":"https:\/\/agora.xtec.cat\/col-alfageme-barcelona\/wp-json\/wp\/v2\/tags?post=679"}],"curies":[{"name":"wp","href":"https:\/\/api.w.org\/{rel}","templated":true}]}}