{"id":657,"date":"2021-05-13T18:42:00","date_gmt":"2021-05-13T16:42:00","guid":{"rendered":""},"modified":"2022-03-12T14:52:31","modified_gmt":"2022-03-12T13:52:31","slug":"dia-escolar-de-les-matematiques-2021","status":"publish","type":"post","link":"https:\/\/agora.xtec.cat\/col-alfageme-barcelona\/general\/dia-escolar-de-les-matematiques-2021\/","title":{"rendered":"Dia Escolar de les Matem\u00e0tiques 2021"},"content":{"rendered":"<p style=\"text-align: center;\">\u00a0<span style=\"font-family: arial;\">El 12 de maig se celebra el <i><b>Dia Escolar de les Matem\u00e0tiques <\/b><\/i>i a la nostra escola hem fet tot un seguit d&#8217;activitats relacionades amb aquest dia.<\/span><\/p>\n<div style=\"clear: both; text-align: center;\"><a style=\"margin-left: 1em; margin-right: 1em;\" href=\"https:\/\/agora.xtec.cat\/col-alfageme-barcelona\/wp-content\/uploads\/usu2634\/2021\/05\/math-girl.png\"><img loading=\"lazy\" decoding=\"async\" src=\"https:\/\/agora.xtec.cat\/col-alfageme-barcelona\/wp-content\/uploads\/usu2634\/2021\/05\/math-girl-300x288.png\" width=\"400\" height=\"384\" border=\"0\" data-original-height=\"767\" data-original-width=\"800\" \/><\/a><\/div>\n<p style=\"text-align: center;\"><span style=\"font-family: arial;\"><b>Educaci\u00f3 Infantil <\/b><\/span><\/p>\n<p style=\"text-align: center;\"><span style=\"font-family: arial;\"><b>Papallones<\/b><\/span><\/p>\n<p style=\"text-align: center;\"><span style=\"font-family: arial;\">Els nens i les nenes de la classe de les Papallones hem fet una baldufa num\u00e8rica. Amb aquesta baldufa, al mateix temps que desenvolupem la capacitat de fer-la rodar, tamb\u00e9 treballem amb ella poder comptar com si fos un dau. Hem jugat amb un cam\u00ed on hi hem dibuixat caselles on s\u00b4han de fer diferents accions si caus en algunes d\u00b4elles. Per exemple: portar coses de color groc o verd, fer quatre salts amb peus junts, girar donant voltes, esperar quatre temps, buscar noms de nens i nenes de la classe que tinguin la lletra A&#8230;Guanya la fitxa ( que \u00e9s un tap d\u00b4ampolla ) que arriba abans al final del cam\u00ed. Els nens i les nenes s\u00b4ho han passat molt b\u00e9 fent les diferents proves i fent girar la baldufa. Se l\u00b4han emportat a casa per continuar practicant i jugant amb els pares. Passeu-ho molt b\u00e9. A jugar!!!<\/span><\/p>\n<div style=\"clear: both; text-align: center;\"><a style=\"margin-left: 1em; margin-right: 1em;\" href=\"https:\/\/agora.xtec.cat\/col-alfageme-barcelona\/wp-content\/uploads\/usu2634\/2021\/05\/DSC04393.jpg\"><img loading=\"lazy\" decoding=\"async\" src=\"https:\/\/agora.xtec.cat\/col-alfageme-barcelona\/wp-content\/uploads\/usu2634\/2021\/05\/DSC04393-300x225.jpg\" width=\"400\" height=\"300\" border=\"0\" data-original-height=\"1536\" data-original-width=\"2048\" \/><\/a><\/div>\n<div style=\"clear: both; text-align: center;\"><\/div>\n<div style=\"clear: both; text-align: center;\"><a style=\"margin-left: 1em; margin-right: 1em;\" href=\"https:\/\/agora.xtec.cat\/col-alfageme-barcelona\/wp-content\/uploads\/usu2634\/2021\/05\/DSC04394.jpg\"><img loading=\"lazy\" decoding=\"async\" src=\"https:\/\/agora.xtec.cat\/col-alfageme-barcelona\/wp-content\/uploads\/usu2634\/2021\/05\/DSC04394-300x225.jpg\" width=\"400\" height=\"300\" border=\"0\" data-original-height=\"1536\" data-original-width=\"2048\" \/><\/a><\/div>\n<div style=\"clear: both; text-align: center;\"><\/div>\n<div style=\"clear: both; text-align: center;\"><a style=\"margin-left: 1em; margin-right: 1em;\" href=\"https:\/\/agora.xtec.cat\/col-alfageme-barcelona\/wp-content\/uploads\/usu2634\/2021\/05\/DSC04395.jpg\"><img loading=\"lazy\" decoding=\"async\" src=\"https:\/\/agora.xtec.cat\/col-alfageme-barcelona\/wp-content\/uploads\/usu2634\/2021\/05\/DSC04395-300x225.jpg\" width=\"400\" height=\"300\" border=\"0\" data-original-height=\"1536\" data-original-width=\"2048\" \/><\/a><\/div>\n<div style=\"clear: both; text-align: center;\"><\/div>\n<div style=\"clear: both; text-align: center;\"><a style=\"margin-left: 1em; margin-right: 1em;\" href=\"https:\/\/agora.xtec.cat\/col-alfageme-barcelona\/wp-content\/uploads\/usu2634\/2021\/05\/DSC04396.jpg\"><img loading=\"lazy\" decoding=\"async\" src=\"https:\/\/agora.xtec.cat\/col-alfageme-barcelona\/wp-content\/uploads\/usu2634\/2021\/05\/DSC04396-300x225.jpg\" width=\"400\" height=\"300\" border=\"0\" data-original-height=\"1536\" data-original-width=\"2048\" \/><\/a><\/div>\n<div style=\"clear: both; text-align: center;\"><\/div>\n<div style=\"clear: both; text-align: center;\"><a style=\"margin-left: 1em; margin-right: 1em;\" href=\"https:\/\/agora.xtec.cat\/col-alfageme-barcelona\/wp-content\/uploads\/usu2634\/2021\/05\/DSC04406.jpg\"><img loading=\"lazy\" decoding=\"async\" src=\"https:\/\/agora.xtec.cat\/col-alfageme-barcelona\/wp-content\/uploads\/usu2634\/2021\/05\/DSC04406-300x225.jpg\" width=\"400\" height=\"300\" border=\"0\" data-original-height=\"1536\" data-original-width=\"2048\" \/><\/a><\/div>\n<div style=\"clear: both; text-align: center;\"><\/div>\n<div style=\"clear: both; text-align: center;\"><a style=\"margin-left: 1em; margin-right: 1em;\" href=\"https:\/\/agora.xtec.cat\/col-alfageme-barcelona\/wp-content\/uploads\/usu2634\/2021\/05\/DSC04407.jpg\"><img loading=\"lazy\" decoding=\"async\" src=\"https:\/\/agora.xtec.cat\/col-alfageme-barcelona\/wp-content\/uploads\/usu2634\/2021\/05\/DSC04407-300x225.jpg\" width=\"400\" height=\"300\" border=\"0\" data-original-height=\"1536\" data-original-width=\"2048\" \/><\/a><\/div>\n<p>&nbsp;<\/p>\n<div style=\"clear: both; text-align: center;\"><b style=\"font-family: arial;\">Elefants<\/b><\/div>\n<p style=\"text-align: center;\"><span style=\"font-family: arial;\">Els nens i les nenes de la classe dels Elefants han celebrat aquest dia fent un munt\u00a0 \u00a0 \u00a0 \u00a0 \u00a0 \u00a0 \u00a0 \u00a0d\u00b4activitats i tallers, per\u00f2 realment,\u00a0 de matem\u00e0tiques en fem cada dia del curs i en moltes de les nostres rutines di\u00e0ries, per exemple, quan diem el dia de la setmana i el lloc que ocupa, quan comptem quants nens i nenes som a la classe, quan ens posem en ordre a la fila per anar al pati, etc. En aquest cas, hem dedicat el dia a fer una fitxa sobre una taula de doble entrada, un joc de sumes i restes i un joc de relacionar quantitat-grafia.\u00a0<\/span><\/p>\n<div style=\"clear: both; text-align: center;\"><a style=\"margin-left: 1em; margin-right: 1em;\" href=\"https:\/\/agora.xtec.cat\/col-alfageme-barcelona\/wp-content\/uploads\/usu2634\/2021\/05\/IMG_0165.jpg\"><img loading=\"lazy\" decoding=\"async\" src=\"https:\/\/agora.xtec.cat\/col-alfageme-barcelona\/wp-content\/uploads\/usu2634\/2021\/05\/IMG_0165-300x300.jpg\" width=\"400\" height=\"400\" border=\"0\" data-original-height=\"1800\" data-original-width=\"1800\" \/><\/a><\/div>\n<div style=\"clear: both; text-align: center;\"><a style=\"margin-left: 1em; margin-right: 1em;\" href=\"https:\/\/agora.xtec.cat\/col-alfageme-barcelona\/wp-content\/uploads\/usu2634\/2021\/05\/IMG_0166.jpg\"><img loading=\"lazy\" decoding=\"async\" src=\"https:\/\/agora.xtec.cat\/col-alfageme-barcelona\/wp-content\/uploads\/usu2634\/2021\/05\/IMG_0166-300x300.jpg\" width=\"400\" height=\"400\" border=\"0\" data-original-height=\"1800\" data-original-width=\"1800\" \/><\/a><\/div>\n<div style=\"clear: both; text-align: center;\"><a style=\"margin-left: 1em; margin-right: 1em;\" href=\"https:\/\/agora.xtec.cat\/col-alfageme-barcelona\/wp-content\/uploads\/usu2634\/2021\/05\/IMG_0167.jpg\"><img loading=\"lazy\" decoding=\"async\" src=\"https:\/\/agora.xtec.cat\/col-alfageme-barcelona\/wp-content\/uploads\/usu2634\/2021\/05\/IMG_0167-300x300.jpg\" width=\"400\" height=\"400\" border=\"0\" data-original-height=\"1800\" data-original-width=\"1800\" \/><\/a><\/div>\n<div style=\"clear: both; text-align: center;\"><a style=\"margin-left: 1em; margin-right: 1em;\" href=\"https:\/\/agora.xtec.cat\/col-alfageme-barcelona\/wp-content\/uploads\/usu2634\/2021\/05\/IMG_0168.jpg\"><img loading=\"lazy\" decoding=\"async\" src=\"https:\/\/agora.xtec.cat\/col-alfageme-barcelona\/wp-content\/uploads\/usu2634\/2021\/05\/IMG_0168-300x300.jpg\" width=\"400\" height=\"400\" border=\"0\" data-original-height=\"1800\" data-original-width=\"1800\" \/><\/a><\/div>\n<div style=\"clear: both; text-align: center;\"><a style=\"margin-left: 1em; margin-right: 1em;\" href=\"https:\/\/agora.xtec.cat\/col-alfageme-barcelona\/wp-content\/uploads\/usu2634\/2021\/05\/IMG_0169.jpg\"><img loading=\"lazy\" decoding=\"async\" src=\"https:\/\/agora.xtec.cat\/col-alfageme-barcelona\/wp-content\/uploads\/usu2634\/2021\/05\/IMG_0169-300x300.jpg\" width=\"400\" height=\"400\" border=\"0\" data-original-height=\"1800\" data-original-width=\"1800\" \/><\/a><\/div>\n<div style=\"clear: both; text-align: center;\"><a style=\"margin-left: 1em; margin-right: 1em;\" href=\"https:\/\/agora.xtec.cat\/col-alfageme-barcelona\/wp-content\/uploads\/usu2634\/2021\/05\/IMG_0170.jpg\"><img loading=\"lazy\" decoding=\"async\" src=\"https:\/\/agora.xtec.cat\/col-alfageme-barcelona\/wp-content\/uploads\/usu2634\/2021\/05\/IMG_0170-300x300.jpg\" width=\"400\" height=\"400\" border=\"0\" data-original-height=\"1800\" data-original-width=\"1800\" \/><\/a><\/div>\n<div style=\"clear: both; text-align: center;\"><a style=\"margin-left: 1em; margin-right: 1em;\" href=\"https:\/\/agora.xtec.cat\/col-alfageme-barcelona\/wp-content\/uploads\/usu2634\/2021\/05\/IMG_0171.jpg\"><img loading=\"lazy\" decoding=\"async\" src=\"https:\/\/agora.xtec.cat\/col-alfageme-barcelona\/wp-content\/uploads\/usu2634\/2021\/05\/IMG_0171-200x300.jpg\" width=\"268\" height=\"400\" border=\"0\" data-original-height=\"1800\" data-original-width=\"1201\" \/><\/a><\/div>\n<div style=\"clear: both; text-align: center;\"><a style=\"margin-left: 1em; margin-right: 1em;\" href=\"https:\/\/agora.xtec.cat\/col-alfageme-barcelona\/wp-content\/uploads\/usu2634\/2021\/05\/IMG_0172.jpg\"><img loading=\"lazy\" decoding=\"async\" src=\"https:\/\/agora.xtec.cat\/col-alfageme-barcelona\/wp-content\/uploads\/usu2634\/2021\/05\/IMG_0172-300x300.jpg\" width=\"400\" height=\"400\" border=\"0\" data-original-height=\"1800\" data-original-width=\"1800\" \/><\/a><\/div>\n<div style=\"clear: both; text-align: center;\"><\/div>\n<div style=\"clear: both; text-align: center;\"><b style=\"font-family: arial;\">Formigues<\/b><\/div>\n<div style=\"clear: both; text-align: center;\"><b style=\"font-family: arial;\">\u00a0<\/b><\/div>\n<div style=\"clear: both; text-align: center;\"><span style=\"font-family: arial;\">La classe de les Formigues ha celebrat aquest dia fent moltes activitats tot jugant:<\/span><\/div>\n<div style=\"clear: both; text-align: center;\"><span style=\"font-family: arial;\">\u00a0<\/span><\/div>\n<div style=\"clear: both; text-align: center;\"><span style=\"font-family: arial;\">\u00a0-Hem jugat amb les figures geom\u00e8triques amb les diferents targetes per tal d\u00b4identificar cada una d\u00b4elles, segons fos un triangle, un quadrat o un rectangle. Despr\u00e9s, hem hagut de memoritzar alguns dels objectes de les targetes, hem donat la volta a aquestes i hem hagut de recordar quines eren. Ha estat molt divertit!!!<\/span><\/div>\n<div style=\"clear: both; text-align: center;\"><span style=\"font-family: arial;\">\u00a0<\/span><\/div>\n<div style=\"clear: both; text-align: center;\">\n<div style=\"clear: both; text-align: center;\"><a style=\"margin-left: 1em; margin-right: 1em;\" href=\"https:\/\/agora.xtec.cat\/col-alfageme-barcelona\/wp-content\/uploads\/usu2634\/2021\/05\/DSC04341.jpg\"><img loading=\"lazy\" decoding=\"async\" src=\"https:\/\/agora.xtec.cat\/col-alfageme-barcelona\/wp-content\/uploads\/usu2634\/2021\/05\/DSC04341-300x225.jpg\" width=\"400\" height=\"300\" border=\"0\" data-original-height=\"1536\" data-original-width=\"2048\" \/><\/a><\/div>\n<div style=\"clear: both; text-align: center;\"><\/div>\n<div style=\"clear: both; text-align: center;\"><a style=\"margin-left: 1em; margin-right: 1em;\" href=\"https:\/\/agora.xtec.cat\/col-alfageme-barcelona\/wp-content\/uploads\/usu2634\/2021\/05\/DSC04343.jpg\"><img loading=\"lazy\" decoding=\"async\" src=\"https:\/\/agora.xtec.cat\/col-alfageme-barcelona\/wp-content\/uploads\/usu2634\/2021\/05\/DSC04343-300x225.jpg\" width=\"400\" height=\"300\" border=\"0\" data-original-height=\"1536\" data-original-width=\"2048\" \/><\/a><\/div>\n<div style=\"clear: both; text-align: center;\"><\/div>\n<div style=\"clear: both; text-align: center;\"><a style=\"margin-left: 1em; margin-right: 1em;\" href=\"https:\/\/agora.xtec.cat\/col-alfageme-barcelona\/wp-content\/uploads\/usu2634\/2021\/05\/DSC04355.jpg\"><img loading=\"lazy\" decoding=\"async\" src=\"https:\/\/agora.xtec.cat\/col-alfageme-barcelona\/wp-content\/uploads\/usu2634\/2021\/05\/DSC04355-300x225.jpg\" width=\"400\" height=\"300\" border=\"0\" data-original-height=\"1536\" data-original-width=\"2048\" \/><\/a><\/div>\n<div style=\"clear: both; text-align: center;\"><\/div>\n<div style=\"clear: both; text-align: center;\"><a style=\"margin-left: 1em; margin-right: 1em;\" href=\"https:\/\/agora.xtec.cat\/col-alfageme-barcelona\/wp-content\/uploads\/usu2634\/2021\/05\/DSC04356.jpg\"><img loading=\"lazy\" decoding=\"async\" src=\"https:\/\/agora.xtec.cat\/col-alfageme-barcelona\/wp-content\/uploads\/usu2634\/2021\/05\/DSC04356-300x225.jpg\" width=\"400\" height=\"300\" border=\"0\" data-original-height=\"1536\" data-original-width=\"2048\" \/><\/a><\/div>\n<div style=\"clear: both; text-align: center;\"><\/div>\n<div style=\"clear: both; text-align: center;\"><a style=\"margin-left: 1em; margin-right: 1em;\" href=\"https:\/\/agora.xtec.cat\/col-alfageme-barcelona\/wp-content\/uploads\/usu2634\/2021\/05\/DSC04399.jpg\"><img loading=\"lazy\" decoding=\"async\" src=\"https:\/\/agora.xtec.cat\/col-alfageme-barcelona\/wp-content\/uploads\/usu2634\/2021\/05\/DSC04399-300x225.jpg\" width=\"400\" height=\"300\" border=\"0\" data-original-height=\"1536\" data-original-width=\"2048\" \/><\/a><\/div>\n<div style=\"clear: both; text-align: center;\"><\/div>\n<div style=\"clear: both; text-align: center;\"><\/div>\n<div style=\"clear: both; text-align: center;\"><a style=\"margin-left: 1em; margin-right: 1em;\" href=\"https:\/\/agora.xtec.cat\/col-alfageme-barcelona\/wp-content\/uploads\/usu2634\/2021\/05\/DSC04344.jpg\"><img loading=\"lazy\" decoding=\"async\" src=\"https:\/\/agora.xtec.cat\/col-alfageme-barcelona\/wp-content\/uploads\/usu2634\/2021\/05\/DSC04344-300x225.jpg\" width=\"400\" height=\"300\" border=\"0\" data-original-height=\"1536\" data-original-width=\"2048\" \/><\/a><\/div>\n<div style=\"clear: both; text-align: center;\"><\/div>\n<div style=\"clear: both; text-align: center;\"><a style=\"margin-left: 1em; margin-right: 1em;\" href=\"https:\/\/agora.xtec.cat\/col-alfageme-barcelona\/wp-content\/uploads\/usu2634\/2021\/05\/DSC04353.jpg\"><img loading=\"lazy\" decoding=\"async\" src=\"https:\/\/agora.xtec.cat\/col-alfageme-barcelona\/wp-content\/uploads\/usu2634\/2021\/05\/DSC04353-300x225.jpg\" width=\"400\" height=\"300\" border=\"0\" data-original-height=\"1536\" data-original-width=\"2048\" \/><\/a><\/div>\n<p>&nbsp;<\/p>\n<div style=\"clear: both; text-align: center;\"><a style=\"margin-left: 1em; margin-right: 1em;\" href=\"https:\/\/agora.xtec.cat\/col-alfageme-barcelona\/wp-content\/uploads\/usu2634\/2021\/05\/DSC04352.jpg\"><img loading=\"lazy\" decoding=\"async\" src=\"https:\/\/agora.xtec.cat\/col-alfageme-barcelona\/wp-content\/uploads\/usu2634\/2021\/05\/DSC04352-300x225.jpg\" width=\"400\" height=\"300\" border=\"0\" data-original-height=\"1536\" data-original-width=\"2048\" \/><\/a><\/div>\n<div style=\"clear: both; text-align: center;\"><\/div>\n<\/div>\n<p>&nbsp;<\/p>\n<div style=\"clear: both; text-align: center;\"><span style=\"font-family: arial;\">&#8211; Hem jugat a identificar objectes que tinguin forma de cub, esfera o cilindre amb les diferents targetes.<\/span><\/div>\n<div style=\"clear: both; text-align: center;\"><span style=\"font-family: arial;\">\u00a0<\/span><\/div>\n<div style=\"clear: both; text-align: center;\">\n<div style=\"clear: both; text-align: center;\"><a style=\"margin-left: 1em; margin-right: 1em;\" href=\"https:\/\/agora.xtec.cat\/col-alfageme-barcelona\/wp-content\/uploads\/usu2634\/2021\/05\/DSC04400.jpg\"><img loading=\"lazy\" decoding=\"async\" src=\"https:\/\/agora.xtec.cat\/col-alfageme-barcelona\/wp-content\/uploads\/usu2634\/2021\/05\/DSC04400-300x225.jpg\" width=\"400\" height=\"300\" border=\"0\" data-original-height=\"1536\" data-original-width=\"2048\" \/><\/a><\/div>\n<div style=\"clear: both; text-align: center;\"><\/div>\n<div style=\"clear: both; text-align: center;\"><a style=\"margin-left: 1em; margin-right: 1em;\" href=\"https:\/\/agora.xtec.cat\/col-alfageme-barcelona\/wp-content\/uploads\/usu2634\/2021\/05\/DSC04397.jpg\"><img loading=\"lazy\" decoding=\"async\" src=\"https:\/\/agora.xtec.cat\/col-alfageme-barcelona\/wp-content\/uploads\/usu2634\/2021\/05\/DSC04397-300x225.jpg\" width=\"400\" height=\"300\" border=\"0\" data-original-height=\"1536\" data-original-width=\"2048\" \/><\/a><\/div>\n<div style=\"clear: both; text-align: center;\"><\/div>\n<div style=\"clear: both; text-align: center;\"><span style=\"font-family: arial;\">&#8211; Hem fet jocs d\u00b4ordinador de : sumes, d\u00b4ordre dels n\u00fameros i hem comptat.\u00a0<\/span><\/div>\n<\/div>\n<div style=\"clear: both; text-align: center;\"><span style=\"font-family: arial;\">\u00a0<\/span><\/div>\n<div style=\"clear: both; text-align: center;\">\n<div style=\"clear: both; text-align: center;\"><a style=\"margin-left: 1em; margin-right: 1em;\" href=\"https:\/\/agora.xtec.cat\/col-alfageme-barcelona\/wp-content\/uploads\/usu2634\/2021\/05\/DSC04374.jpg\"><img loading=\"lazy\" decoding=\"async\" src=\"https:\/\/agora.xtec.cat\/col-alfageme-barcelona\/wp-content\/uploads\/usu2634\/2021\/05\/DSC04374-300x225.jpg\" width=\"400\" height=\"300\" border=\"0\" data-original-height=\"1536\" data-original-width=\"2048\" \/><\/a><\/div>\n<div style=\"clear: both; text-align: center;\"><\/div>\n<div style=\"clear: both; text-align: center;\"><a style=\"margin-left: 1em; margin-right: 1em;\" href=\"https:\/\/agora.xtec.cat\/col-alfageme-barcelona\/wp-content\/uploads\/usu2634\/2021\/05\/DSC04375.jpg\"><img loading=\"lazy\" decoding=\"async\" src=\"https:\/\/agora.xtec.cat\/col-alfageme-barcelona\/wp-content\/uploads\/usu2634\/2021\/05\/DSC04375-300x225.jpg\" width=\"400\" height=\"300\" border=\"0\" data-original-height=\"1536\" data-original-width=\"2048\" \/><\/a><\/div>\n<p>&nbsp;<\/p>\n<div style=\"clear: both; text-align: center;\"><a style=\"margin-left: 1em; margin-right: 1em;\" href=\"https:\/\/agora.xtec.cat\/col-alfageme-barcelona\/wp-content\/uploads\/usu2634\/2021\/05\/DSC04377.jpg\"><img loading=\"lazy\" decoding=\"async\" src=\"https:\/\/agora.xtec.cat\/col-alfageme-barcelona\/wp-content\/uploads\/usu2634\/2021\/05\/DSC04377-300x225.jpg\" width=\"400\" height=\"300\" border=\"0\" data-original-height=\"1536\" data-original-width=\"2048\" \/><\/a><\/div>\n<div style=\"clear: both; text-align: center;\"><\/div>\n<div style=\"clear: both; text-align: center;\"><a style=\"margin-left: 1em; margin-right: 1em;\" href=\"https:\/\/agora.xtec.cat\/col-alfageme-barcelona\/wp-content\/uploads\/usu2634\/2021\/05\/DSC04379.jpg\"><img loading=\"lazy\" decoding=\"async\" src=\"https:\/\/agora.xtec.cat\/col-alfageme-barcelona\/wp-content\/uploads\/usu2634\/2021\/05\/DSC04379-300x225.jpg\" width=\"400\" height=\"300\" border=\"0\" data-original-height=\"1536\" data-original-width=\"2048\" \/><\/a><\/div>\n<div style=\"clear: both; text-align: center;\"><\/div>\n<div style=\"clear: both; text-align: center;\"><a style=\"margin-left: 1em; margin-right: 1em;\" href=\"https:\/\/agora.xtec.cat\/col-alfageme-barcelona\/wp-content\/uploads\/usu2634\/2021\/05\/DSC04382.jpg\"><img loading=\"lazy\" decoding=\"async\" src=\"https:\/\/agora.xtec.cat\/col-alfageme-barcelona\/wp-content\/uploads\/usu2634\/2021\/05\/DSC04382-300x225.jpg\" width=\"400\" height=\"300\" border=\"0\" data-original-height=\"1536\" data-original-width=\"2048\" \/><\/a><\/div>\n<div style=\"clear: both; text-align: center;\"><\/div>\n<div style=\"clear: both; text-align: center;\"><a style=\"margin-left: 1em; margin-right: 1em;\" href=\"https:\/\/agora.xtec.cat\/col-alfageme-barcelona\/wp-content\/uploads\/usu2634\/2021\/05\/DSC04383.jpg\"><img loading=\"lazy\" decoding=\"async\" src=\"https:\/\/agora.xtec.cat\/col-alfageme-barcelona\/wp-content\/uploads\/usu2634\/2021\/05\/DSC04383-300x225.jpg\" width=\"400\" height=\"300\" border=\"0\" data-original-height=\"1536\" data-original-width=\"2048\" \/><\/a><\/div>\n<div style=\"clear: both; text-align: center;\"><\/div>\n<div style=\"clear: both; text-align: center;\"><a style=\"margin-left: 1em; margin-right: 1em;\" href=\"https:\/\/agora.xtec.cat\/col-alfageme-barcelona\/wp-content\/uploads\/usu2634\/2021\/05\/DSC04384.jpg\"><img loading=\"lazy\" decoding=\"async\" src=\"https:\/\/agora.xtec.cat\/col-alfageme-barcelona\/wp-content\/uploads\/usu2634\/2021\/05\/DSC04384-300x225.jpg\" width=\"400\" height=\"300\" border=\"0\" data-original-height=\"1536\" data-original-width=\"2048\" \/><\/a><\/div>\n<div style=\"clear: both; text-align: center;\"><\/div>\n<div style=\"clear: both; text-align: center;\"><a style=\"margin-left: 1em; margin-right: 1em;\" href=\"https:\/\/agora.xtec.cat\/col-alfageme-barcelona\/wp-content\/uploads\/usu2634\/2021\/05\/DSC04391.jpg\"><img loading=\"lazy\" decoding=\"async\" src=\"https:\/\/agora.xtec.cat\/col-alfageme-barcelona\/wp-content\/uploads\/usu2634\/2021\/05\/DSC04391-300x225.jpg\" width=\"400\" height=\"300\" border=\"0\" data-original-height=\"1536\" data-original-width=\"2048\" \/><\/a><\/div>\n<div style=\"clear: both; text-align: center;\"><\/div>\n<div style=\"clear: both; text-align: center;\"><a style=\"margin-left: 1em; margin-right: 1em;\" href=\"https:\/\/agora.xtec.cat\/col-alfageme-barcelona\/wp-content\/uploads\/usu2634\/2021\/05\/DSC04392.jpg\"><img loading=\"lazy\" decoding=\"async\" src=\"https:\/\/agora.xtec.cat\/col-alfageme-barcelona\/wp-content\/uploads\/usu2634\/2021\/05\/DSC04392-300x225.jpg\" width=\"400\" height=\"300\" border=\"0\" data-original-height=\"1536\" data-original-width=\"2048\" \/><\/a><\/div>\n<div style=\"clear: both; text-align: center;\"><\/div>\n<div style=\"clear: both; text-align: center;\"><a style=\"margin-left: 1em; margin-right: 1em;\" href=\"https:\/\/agora.xtec.cat\/col-alfageme-barcelona\/wp-content\/uploads\/usu2634\/2021\/05\/DSC04385.jpg\"><img loading=\"lazy\" decoding=\"async\" src=\"https:\/\/agora.xtec.cat\/col-alfageme-barcelona\/wp-content\/uploads\/usu2634\/2021\/05\/DSC04385-300x225.jpg\" width=\"400\" height=\"300\" border=\"0\" data-original-height=\"1536\" data-original-width=\"2048\" \/><\/a><\/div>\n<div style=\"clear: both; text-align: center;\"><\/div>\n<div style=\"clear: both; text-align: center;\"><a style=\"margin-left: 1em; margin-right: 1em;\" href=\"https:\/\/agora.xtec.cat\/col-alfageme-barcelona\/wp-content\/uploads\/usu2634\/2021\/05\/DSC04386.jpg\"><img loading=\"lazy\" decoding=\"async\" src=\"https:\/\/agora.xtec.cat\/col-alfageme-barcelona\/wp-content\/uploads\/usu2634\/2021\/05\/DSC04386-300x225.jpg\" width=\"400\" height=\"300\" border=\"0\" data-original-height=\"1536\" data-original-width=\"2048\" \/><\/a><\/div>\n<div style=\"clear: both; text-align: center;\"><\/div>\n<div style=\"clear: both; text-align: center;\"><a style=\"margin-left: 1em; margin-right: 1em;\" href=\"https:\/\/agora.xtec.cat\/col-alfageme-barcelona\/wp-content\/uploads\/usu2634\/2021\/05\/DSC04387.jpg\"><img loading=\"lazy\" decoding=\"async\" src=\"https:\/\/agora.xtec.cat\/col-alfageme-barcelona\/wp-content\/uploads\/usu2634\/2021\/05\/DSC04387-300x225.jpg\" width=\"400\" height=\"300\" border=\"0\" data-original-height=\"1536\" data-original-width=\"2048\" \/><\/a><\/div>\n<div style=\"clear: both; text-align: center;\"><\/div>\n<div style=\"clear: both; text-align: center;\"><a style=\"margin-left: 1em; margin-right: 1em;\" href=\"https:\/\/agora.xtec.cat\/col-alfageme-barcelona\/wp-content\/uploads\/usu2634\/2021\/05\/DSC04388.jpg\"><img loading=\"lazy\" decoding=\"async\" src=\"https:\/\/agora.xtec.cat\/col-alfageme-barcelona\/wp-content\/uploads\/usu2634\/2021\/05\/DSC04388-300x225.jpg\" width=\"400\" height=\"300\" border=\"0\" data-original-height=\"1536\" data-original-width=\"2048\" \/><\/a><\/div>\n<div style=\"clear: both; text-align: center;\"><\/div>\n<div style=\"clear: both; text-align: center;\"><a style=\"margin-left: 1em; margin-right: 1em;\" href=\"https:\/\/agora.xtec.cat\/col-alfageme-barcelona\/wp-content\/uploads\/usu2634\/2021\/05\/DSC04389.jpg\"><img loading=\"lazy\" decoding=\"async\" src=\"https:\/\/agora.xtec.cat\/col-alfageme-barcelona\/wp-content\/uploads\/usu2634\/2021\/05\/DSC04389-300x225.jpg\" width=\"400\" height=\"300\" border=\"0\" data-original-height=\"1536\" data-original-width=\"2048\" \/><\/a><\/div>\n<p>&nbsp;<\/p>\n<div style=\"clear: both; text-align: center;\"><b style=\"font-family: arial;\">Girafes<\/b><\/div>\n<div style=\"clear: both; text-align: center;\"><\/div>\n<div style=\"clear: both; text-align: center;\"><span style=\"font-family: arial;\">Les Girafes han estat jugant al concurs del Bingo i els ha anat molt b\u00e9 per a treballar els nombres.S\u00b4ho han passat d\u00b4all\u00f2 m\u00e9s b\u00e9 realitzant algunes partides!!!<\/span><\/div>\n<div style=\"clear: both; text-align: center;\"><span style=\"font-family: arial;\">Tamb\u00e9 han estat fent diferents jocs amb les formes geom\u00e8triques.\u00a0<\/span><\/div>\n<div style=\"clear: both; text-align: center;\"><span style=\"font-family: arial;\">\u00a0<\/span><\/div>\n<div style=\"clear: both; text-align: center;\">\n<div style=\"clear: both; text-align: center;\"><a style=\"margin-left: 1em; margin-right: 1em;\" href=\"https:\/\/agora.xtec.cat\/col-alfageme-barcelona\/wp-content\/uploads\/usu2634\/2021\/05\/IMG_6949.jpg\"><img loading=\"lazy\" decoding=\"async\" src=\"https:\/\/agora.xtec.cat\/col-alfageme-barcelona\/wp-content\/uploads\/usu2634\/2021\/05\/IMG_6949-168x300.jpg\" width=\"225\" height=\"400\" border=\"0\" data-original-height=\"1800\" data-original-width=\"1011\" \/><\/a><\/div>\n<div style=\"clear: both; text-align: center;\"><\/div>\n<div style=\"clear: both; text-align: center;\"><a style=\"margin-left: 1em; margin-right: 1em;\" href=\"https:\/\/agora.xtec.cat\/col-alfageme-barcelona\/wp-content\/uploads\/usu2634\/2021\/05\/IMG_6950.jpg\"><img loading=\"lazy\" decoding=\"async\" src=\"https:\/\/agora.xtec.cat\/col-alfageme-barcelona\/wp-content\/uploads\/usu2634\/2021\/05\/IMG_6950-300x300.jpg\" width=\"400\" height=\"400\" border=\"0\" data-original-height=\"1800\" data-original-width=\"1800\" \/><\/a><\/div>\n<div style=\"clear: both; text-align: center;\"><\/div>\n<div style=\"clear: both; text-align: center;\"><a style=\"margin-left: 1em; margin-right: 1em;\" href=\"https:\/\/agora.xtec.cat\/col-alfageme-barcelona\/wp-content\/uploads\/usu2634\/2021\/05\/IMG_6951.jpg\"><img loading=\"lazy\" decoding=\"async\" src=\"https:\/\/agora.xtec.cat\/col-alfageme-barcelona\/wp-content\/uploads\/usu2634\/2021\/05\/IMG_6951-300x300.jpg\" width=\"400\" height=\"400\" border=\"0\" data-original-height=\"1800\" data-original-width=\"1800\" \/><\/a><\/div>\n<div style=\"clear: both; text-align: center;\"><\/div>\n<div style=\"clear: both; text-align: center;\"><a style=\"margin-left: 1em; margin-right: 1em;\" href=\"https:\/\/agora.xtec.cat\/col-alfageme-barcelona\/wp-content\/uploads\/usu2634\/2021\/05\/IMG_6952.jpg\"><img loading=\"lazy\" decoding=\"async\" src=\"https:\/\/agora.xtec.cat\/col-alfageme-barcelona\/wp-content\/uploads\/usu2634\/2021\/05\/IMG_6952-300x300.jpg\" width=\"400\" height=\"400\" border=\"0\" data-original-height=\"1800\" data-original-width=\"1800\" \/><\/a><\/div>\n<div style=\"clear: both; text-align: center;\"><\/div>\n<div style=\"clear: both; text-align: center;\"><b style=\"font-family: arial;\">Cicle Inicial<\/b><\/div>\n<\/div>\n<\/div>\n<p style=\"text-align: center;\"><span style=\"font-family: arial;\"><b>1r E.P<\/b><\/span><\/p>\n<p style=\"text-align: center;\"><span style=\"caret-color: #000000; font-family: Helvetica; text-align: start; text-size-adjust: auto;\">A 1r han celebrat el dia escolar de les Matem\u00e0tiques realitzant aquests diferents reptes: fent Sudokus, representant nombres amb l\u2019\u00e0bac, classificant cossos geom\u00e8trics, pagant amb bitllets i monedes d\u2019euro, posant l\u2019hora en un rellotge anal\u00f2gic i fent c\u00e0lcul mental.<\/span><\/p>\n<p style=\"text-align: center;\"><a style=\"margin-left: 1em; margin-right: 1em;\" href=\"https:\/\/agora.xtec.cat\/col-alfageme-barcelona\/wp-content\/uploads\/usu2634\/2021\/05\/image4.jpeg\"><img loading=\"lazy\" decoding=\"async\" src=\"https:\/\/agora.xtec.cat\/col-alfageme-barcelona\/wp-content\/uploads\/usu2634\/2021\/05\/image4-300x300.jpeg\" width=\"400\" height=\"400\" border=\"0\" data-original-height=\"1536\" data-original-width=\"1536\" \/><\/a><\/p>\n<p style=\"text-align: center;\"><span style=\"caret-color: #000000; text-align: start;\"><span style=\"font-family: arial;\">Per parelles han anat realitzant les diferents activitats i quan superaven el repte passaven al seg\u00fcent.<\/span><\/span><\/p>\n<p style=\"text-align: center;\"><a style=\"caret-color: #000000; font-family: Helvetica; font-size: 12px; margin-left: 1em; margin-right: 1em;\" href=\"https:\/\/agora.xtec.cat\/col-alfageme-barcelona\/wp-content\/uploads\/usu2634\/2021\/05\/image1.jpeg\"><img loading=\"lazy\" decoding=\"async\" src=\"https:\/\/agora.xtec.cat\/col-alfageme-barcelona\/wp-content\/uploads\/usu2634\/2021\/05\/image1-300x300.jpeg\" width=\"400\" height=\"400\" border=\"0\" data-original-height=\"1536\" data-original-width=\"1536\" \/>\u00a0<\/a><\/p>\n<p style=\"text-align: center;\"><a style=\"margin-left: 1em; margin-right: 1em;\" href=\"https:\/\/agora.xtec.cat\/col-alfageme-barcelona\/wp-content\/uploads\/usu2634\/2021\/05\/image2.jpeg\"><img loading=\"lazy\" decoding=\"async\" src=\"https:\/\/agora.xtec.cat\/col-alfageme-barcelona\/wp-content\/uploads\/usu2634\/2021\/05\/image2-300x300.jpeg\" width=\"400\" height=\"400\" border=\"0\" data-original-height=\"1536\" data-original-width=\"1536\" \/><\/a><\/p>\n<p style=\"text-align: center;\"><a style=\"margin-left: 1em; margin-right: 1em;\" href=\"https:\/\/agora.xtec.cat\/col-alfageme-barcelona\/wp-content\/uploads\/usu2634\/2021\/05\/image3.jpeg\"><img loading=\"lazy\" decoding=\"async\" src=\"https:\/\/agora.xtec.cat\/col-alfageme-barcelona\/wp-content\/uploads\/usu2634\/2021\/05\/image3-300x225.jpeg\" width=\"400\" height=\"300\" border=\"0\" data-original-height=\"1152\" data-original-width=\"1536\" \/><\/a><\/p>\n<p style=\"text-align: center;\"><span style=\"caret-color: #000000; font-family: Helvetica; text-align: left; text-size-adjust: auto;\">Quan acabaven i els havien superat tots, obtenien\u00a0<\/span><span style=\"caret-color: #000000; font-family: Helvetica; text-align: left; text-size-adjust: auto;\">\u00a0<\/span><span style=\"caret-color: #000000; font-family: Helvetica; text-align: left; text-size-adjust: auto;\">una medalla:<\/span><\/p>\n<p style=\"text-align: center;\"><a style=\"margin-left: 1em; margin-right: 1em;\" href=\"https:\/\/agora.xtec.cat\/col-alfageme-barcelona\/wp-content\/uploads\/usu2634\/2021\/05\/image5.jpeg\"><img loading=\"lazy\" decoding=\"async\" src=\"https:\/\/agora.xtec.cat\/col-alfageme-barcelona\/wp-content\/uploads\/usu2634\/2021\/05\/image5-300x300.jpeg\" width=\"400\" height=\"400\" border=\"0\" data-original-height=\"1536\" data-original-width=\"1536\" \/>\u00a0<\/a><\/p>\n<p style=\"text-align: center;\"><a style=\"margin-left: 1em; margin-right: 1em;\" href=\"https:\/\/agora.xtec.cat\/col-alfageme-barcelona\/wp-content\/uploads\/usu2634\/2021\/05\/image6.jpeg\"><img loading=\"lazy\" decoding=\"async\" src=\"https:\/\/agora.xtec.cat\/col-alfageme-barcelona\/wp-content\/uploads\/usu2634\/2021\/05\/image6-300x300.jpeg\" width=\"400\" height=\"400\" border=\"0\" data-original-height=\"1536\" data-original-width=\"1536\" \/><\/a><\/p>\n<p style=\"text-align: center;\"><span style=\"caret-color: #000000; font-family: Helvetica; text-align: left;\">A m\u00e9s de pensar, aprendre i manipular, els nens i les nenes han apr\u00e8s a divertir-se amb les matem\u00e0tiques!<\/span><\/p>\n<p style=\"text-align: center;\"><b style=\"font-family: arial;\">2n E.P<\/b><\/p>\n<p style=\"-webkit-text-size-adjust: auto; font-stretch: normal; line-height: normal; margin: 0px 0px 3px; text-align: center; text-size-adjust: auto;\"><span style=\"font-family: arial;\">Els nens i nenes de 2n tamb\u00e9 han pogut celebrar el dia escolar de les Matem\u00e0tiques des de\u00a0\u00a0casa telem\u00e0ticament i fent\u00a0\u00a0diverses activitats.<\/span><\/p>\n<p style=\"-webkit-text-size-adjust: auto; font-stretch: normal; line-height: normal; margin: 0px; min-height: 20.3px; text-align: center; text-size-adjust: auto;\"><span style=\"font-family: arial;\">\u00a0<\/span><\/p>\n<p style=\"text-align: center;\">\n<p style=\"-webkit-text-size-adjust: auto; font-stretch: normal; line-height: normal; margin: 0px 0px 3px; text-align: center; text-size-adjust: auto;\"><span style=\"font-family: arial;\">Han practicat c\u00e0lcul mental i han jugat de manera virtual a trav\u00e9s de sudokus i de diferents propostes Matem\u00e0tiques amb les quals s\u2019han pogut divertir.\u00a0<\/span><\/p>\n<p style=\"-webkit-text-size-adjust: auto; font-stretch: normal; line-height: normal; margin: 0px 0px 3px; text-align: center; text-size-adjust: auto;\"><span style=\"font-family: arial;\">\u00a0<\/span><\/p>\n<p style=\"-webkit-text-size-adjust: auto; font-stretch: normal; line-height: normal; margin: 0px 0px 3px; text-align: center; text-size-adjust: auto;\"><span style=\"font-family: arial;\">Sudokus:<\/span><\/p>\n<div style=\"clear: both; text-align: center;\"><a style=\"margin-left: 1em; margin-right: 1em;\" href=\"https:\/\/agora.xtec.cat\/col-alfageme-barcelona\/wp-content\/uploads\/usu2634\/2021\/05\/81F09181-5094-49E5-9F72-BE21AE28888A.jpeg\"><img loading=\"lazy\" decoding=\"async\" src=\"https:\/\/agora.xtec.cat\/col-alfageme-barcelona\/wp-content\/uploads\/usu2634\/2021\/05\/81F09181-5094-49E5-9F72-BE21AE28888A-300x300.jpeg\" width=\"400\" height=\"400\" border=\"0\" data-original-height=\"1800\" data-original-width=\"1800\" \/><\/a><\/div>\n<div style=\"clear: both; text-align: center;\"><\/div>\n<div style=\"clear: both; text-align: center;\"><a style=\"margin-left: 1em; margin-right: 1em;\" href=\"https:\/\/agora.xtec.cat\/col-alfageme-barcelona\/wp-content\/uploads\/usu2634\/2021\/05\/BC14111A-C343-4CBC-8F2D-4E28CF0ADD6E.jpeg\"><img loading=\"lazy\" decoding=\"async\" src=\"https:\/\/agora.xtec.cat\/col-alfageme-barcelona\/wp-content\/uploads\/usu2634\/2021\/05\/BC14111A-C343-4CBC-8F2D-4E28CF0ADD6E-300x300.jpeg\" width=\"400\" height=\"400\" border=\"0\" data-original-height=\"1800\" data-original-width=\"1800\" \/><\/a><\/div>\n<p>&nbsp;<\/p>\n<div style=\"clear: both; text-align: center;\"><a style=\"margin-left: 1em; margin-right: 1em;\" href=\"https:\/\/agora.xtec.cat\/col-alfageme-barcelona\/wp-content\/uploads\/usu2634\/2021\/05\/3D4B0750-5EE6-48FA-BD85-4ED7E3942CDE.jpeg\"><img loading=\"lazy\" decoding=\"async\" src=\"https:\/\/agora.xtec.cat\/col-alfageme-barcelona\/wp-content\/uploads\/usu2634\/2021\/05\/3D4B0750-5EE6-48FA-BD85-4ED7E3942CDE-225x300.jpeg\" width=\"300\" height=\"400\" border=\"0\" data-original-height=\"1800\" data-original-width=\"1350\" \/><\/a><\/div>\n<p style=\"-webkit-text-size-adjust: auto; font-stretch: normal; line-height: normal; margin: 0px 0px 3px; text-align: center; text-size-adjust: auto;\"><span style=\"font-family: arial;\">\u00a0<\/span><\/p>\n<p style=\"-webkit-text-size-adjust: auto; font-stretch: normal; line-height: normal; margin: 0px 0px 3px; text-align: center; text-size-adjust: auto;\"><span style=\"font-family: arial;\">C\u00e0lcul mental:<\/span><\/p>\n<p style=\"-webkit-text-size-adjust: auto; font-stretch: normal; line-height: normal; margin: 0px 0px 3px; text-align: center; text-size-adjust: auto;\"><span style=\"font-family: arial;\">\u00a0<\/span><\/p>\n<div style=\"clear: both; text-align: center;\"><a style=\"margin-left: 1em; margin-right: 1em;\" href=\"https:\/\/agora.xtec.cat\/col-alfageme-barcelona\/wp-content\/uploads\/usu2634\/2021\/05\/A7FD07A7-3F67-40D6-894D-621228231D56.jpeg\"><img loading=\"lazy\" decoding=\"async\" src=\"https:\/\/agora.xtec.cat\/col-alfageme-barcelona\/wp-content\/uploads\/usu2634\/2021\/05\/A7FD07A7-3F67-40D6-894D-621228231D56-300x300.jpeg\" width=\"400\" height=\"400\" border=\"0\" data-original-height=\"1800\" data-original-width=\"1800\" \/><\/a><\/div>\n<p>&nbsp;<\/p>\n<p style=\"text-align: center;\"><span style=\"font-family: arial;\"><b>Cicle Mitj\u00e0<\/b><\/span><\/p>\n<p style=\"text-align: center;\"><span style=\"font-family: arial;\"><b>3r E.P<\/b><\/span><\/p>\n<p style=\"text-align: center;\"><span style=\"font-family: arial;\">A 3r han celebrat el dia aprenent i gaudint dels sudokus. <\/span><b><\/b><\/p>\n<div style=\"clear: both; text-align: center;\"><span style=\"font-family: arial;\"><b><a style=\"margin-left: 1em; margin-right: 1em;\" href=\"https:\/\/agora.xtec.cat\/col-alfageme-barcelona\/wp-content\/uploads\/usu2634\/2021\/05\/1620835254065.jpg\"><img loading=\"lazy\" decoding=\"async\" src=\"https:\/\/agora.xtec.cat\/col-alfageme-barcelona\/wp-content\/uploads\/usu2634\/2021\/05\/1620835254065-300x300.jpg\" width=\"400\" height=\"400\" border=\"0\" data-original-height=\"1536\" data-original-width=\"1536\" \/><\/a><\/b><\/span><\/div>\n<div style=\"clear: both; text-align: center;\">\n<div style=\"clear: both; text-align: center;\"><a style=\"margin-left: 1em; margin-right: 1em;\" href=\"https:\/\/agora.xtec.cat\/col-alfageme-barcelona\/wp-content\/uploads\/usu2634\/2021\/05\/IMG-20210513-WA0002.jpg\"><img loading=\"lazy\" decoding=\"async\" src=\"https:\/\/agora.xtec.cat\/col-alfageme-barcelona\/wp-content\/uploads\/usu2634\/2021\/05\/IMG-20210513-WA0002-300x300.jpg\" width=\"400\" height=\"400\" border=\"0\" data-original-height=\"1024\" data-original-width=\"1024\" \/><\/a><\/div>\n<p>&nbsp;<\/p>\n<div style=\"clear: both; text-align: center;\"><a style=\"margin-left: 1em; margin-right: 1em;\" href=\"https:\/\/agora.xtec.cat\/col-alfageme-barcelona\/wp-content\/uploads\/usu2634\/2021\/05\/IMG-20210513-WA0003.jpg\"><img loading=\"lazy\" decoding=\"async\" src=\"https:\/\/agora.xtec.cat\/col-alfageme-barcelona\/wp-content\/uploads\/usu2634\/2021\/05\/IMG-20210513-WA0003-300x300.jpg\" width=\"400\" height=\"400\" border=\"0\" data-original-height=\"1024\" data-original-width=\"1024\" \/><\/a><\/div>\n<\/div>\n<p style=\"text-align: center;\"><span style=\"font-family: arial;\"><b>4t E.P<\/b><\/span><\/p>\n<p style=\"text-align: center;\"><span style=\"font-family: arial;\">A 4t d&#8217;EP, per celebrar el Dia Escolar de les Matem\u00e0tiques, hem superat molts reptes i, a m\u00e9s, hem constru\u00eft cossos geom\u00e8trics: les arestes han sigut escuradents i els v\u00e8rtex, boles de plastilina. Mireu com ens han quedat!<\/span><\/p>\n<p style=\"text-align: center;\">\n<div style=\"clear: both; text-align: center;\"><span style=\"font-family: arial;\"><a style=\"margin-left: 1em; margin-right: 1em;\" href=\"https:\/\/agora.xtec.cat\/col-alfageme-barcelona\/wp-content\/uploads\/usu2634\/2021\/05\/IMG-20210513-WA0000.jpg\"><img loading=\"lazy\" decoding=\"async\" src=\"https:\/\/agora.xtec.cat\/col-alfageme-barcelona\/wp-content\/uploads\/usu2634\/2021\/05\/IMG-20210513-WA0000-300x300.jpg\" width=\"400\" height=\"400\" border=\"0\" data-original-height=\"1080\" data-original-width=\"1080\" \/><\/a><\/span><\/div>\n<p style=\"text-align: center;\"><span style=\"font-family: arial;\"><b>Cicle Superior<\/b><\/span><\/p>\n<p style=\"text-align: center;\"><span style=\"font-family: arial;\"><b>6\u00e8 E.P<br \/>\n<\/b><\/span><\/p>\n<p style=\"text-align: center;\"><span style=\"font-family: arial;\">Les nenes i els nens de 6\u00e8 han comprovat perqu\u00e8 el n\u00famero PI val 3,14. Han tocat les mates, l&#8217;aprenentatge ideal.<\/span><\/p>\n<div style=\"clear: both; text-align: center;\"><a style=\"margin-left: 1em; margin-right: 1em;\" href=\"https:\/\/agora.xtec.cat\/col-alfageme-barcelona\/wp-content\/uploads\/usu2634\/2021\/05\/IMG_20210513_123619.jpg\"><img loading=\"lazy\" decoding=\"async\" src=\"https:\/\/agora.xtec.cat\/col-alfageme-barcelona\/wp-content\/uploads\/usu2634\/2021\/05\/IMG_20210513_123619-300x225.jpg\" width=\"400\" height=\"300\" border=\"0\" data-original-height=\"1536\" data-original-width=\"2048\" \/><\/a><\/div>\n<p>&nbsp;<\/p>\n<div style=\"clear: both; text-align: center;\"><a style=\"margin-left: 1em; margin-right: 1em;\" href=\"https:\/\/agora.xtec.cat\/col-alfageme-barcelona\/wp-content\/uploads\/usu2634\/2021\/05\/IMG_20210513_123935.jpg\"><img loading=\"lazy\" decoding=\"async\" src=\"https:\/\/agora.xtec.cat\/col-alfageme-barcelona\/wp-content\/uploads\/usu2634\/2021\/05\/IMG_20210513_123935-300x225.jpg\" width=\"400\" height=\"300\" border=\"0\" data-original-height=\"1536\" data-original-width=\"2048\" \/><\/a><\/div>\n<p>&nbsp;<\/p>\n<div style=\"clear: both; text-align: center;\"><a style=\"margin-left: 1em; margin-right: 1em;\" href=\"https:\/\/agora.xtec.cat\/col-alfageme-barcelona\/wp-content\/uploads\/usu2634\/2021\/05\/IMG_20210513_124246.jpg\"><img loading=\"lazy\" decoding=\"async\" src=\"https:\/\/agora.xtec.cat\/col-alfageme-barcelona\/wp-content\/uploads\/usu2634\/2021\/05\/IMG_20210513_124246-300x225.jpg\" width=\"400\" height=\"300\" border=\"0\" data-original-height=\"1536\" data-original-width=\"2048\" \/><\/a><\/div>\n<p>&nbsp;<\/p>\n<div style=\"clear: both; text-align: center;\"><a style=\"margin-left: 1em; margin-right: 1em;\" href=\"https:\/\/agora.xtec.cat\/col-alfageme-barcelona\/wp-content\/uploads\/usu2634\/2021\/05\/IMG_20210513_123352.jpg\"><img loading=\"lazy\" decoding=\"async\" src=\"https:\/\/agora.xtec.cat\/col-alfageme-barcelona\/wp-content\/uploads\/usu2634\/2021\/05\/IMG_20210513_123352-300x225.jpg\" width=\"400\" height=\"300\" border=\"0\" data-original-height=\"1536\" data-original-width=\"2048\" \/><\/a><\/div>\n<p style=\"text-align: center;\"><span style=\"font-family: arial;\">Tamb\u00e9 han muntat poliedres regulars i irregulars. No ha faltat el toc personal.<\/span><\/p>\n<p style=\"text-align: center;\">\n<div style=\"clear: both; text-align: center;\"><span style=\"font-family: arial;\"><a style=\"margin-left: 1em; margin-right: 1em;\" href=\"https:\/\/agora.xtec.cat\/col-alfageme-barcelona\/wp-content\/uploads\/usu2634\/2021\/05\/IMG_20210513_154445.jpg\"><img loading=\"lazy\" decoding=\"async\" src=\"https:\/\/agora.xtec.cat\/col-alfageme-barcelona\/wp-content\/uploads\/usu2634\/2021\/05\/IMG_20210513_154445-225x300.jpg\" width=\"300\" height=\"400\" border=\"0\" data-original-height=\"2048\" data-original-width=\"1536\" \/><\/a><\/span><\/div>\n<p>&nbsp;<\/p>\n<div style=\"clear: both; text-align: center;\"><a style=\"margin-left: 1em; margin-right: 1em;\" href=\"https:\/\/agora.xtec.cat\/col-alfageme-barcelona\/wp-content\/uploads\/usu2634\/2021\/05\/inCollage_20210513_175500442.jpg\"><img loading=\"lazy\" decoding=\"async\" src=\"https:\/\/agora.xtec.cat\/col-alfageme-barcelona\/wp-content\/uploads\/usu2634\/2021\/05\/inCollage_20210513_175500442-300x300.jpg\" width=\"400\" height=\"400\" border=\"0\" data-original-height=\"1920\" data-original-width=\"1920\" \/><\/a><\/div>\n<p>&nbsp;<\/p>\n<div style=\"clear: both; text-align: center;\"><a style=\"margin-left: 1em; margin-right: 1em;\" href=\"https:\/\/agora.xtec.cat\/col-alfageme-barcelona\/wp-content\/uploads\/usu2634\/2021\/05\/inCollage_20210513_175611018.jpg\"><img loading=\"lazy\" decoding=\"async\" src=\"https:\/\/agora.xtec.cat\/col-alfageme-barcelona\/wp-content\/uploads\/usu2634\/2021\/05\/inCollage_20210513_175611018-300x300.jpg\" width=\"400\" height=\"400\" border=\"0\" data-original-height=\"1920\" data-original-width=\"1920\" \/><\/a><\/div>\n<p>&nbsp;<\/p>\n<div style=\"clear: both; text-align: center;\"><a style=\"margin-left: 1em; margin-right: 1em;\" href=\"https:\/\/agora.xtec.cat\/col-alfageme-barcelona\/wp-content\/uploads\/usu2634\/2021\/05\/inCollage_20210513_175851571.jpg\"><img loading=\"lazy\" decoding=\"async\" src=\"https:\/\/agora.xtec.cat\/col-alfageme-barcelona\/wp-content\/uploads\/usu2634\/2021\/05\/inCollage_20210513_175851571-300x300.jpg\" width=\"400\" height=\"400\" border=\"0\" data-original-height=\"1920\" data-original-width=\"1920\" \/><\/a><\/div>\n<p>&nbsp;<\/p>\n<div style=\"clear: both; text-align: center;\"><a style=\"margin-left: 1em; margin-right: 1em;\" href=\"https:\/\/agora.xtec.cat\/col-alfageme-barcelona\/wp-content\/uploads\/usu2634\/2021\/05\/inCollage_20210513_175909810.jpg\"><img loading=\"lazy\" decoding=\"async\" src=\"https:\/\/agora.xtec.cat\/col-alfageme-barcelona\/wp-content\/uploads\/usu2634\/2021\/05\/inCollage_20210513_175909810-300x300.jpg\" width=\"400\" height=\"400\" border=\"0\" data-original-height=\"1920\" data-original-width=\"1920\" \/><\/a><\/div>\n<p>&nbsp;<\/p>\n<div style=\"clear: both; text-align: center;\"><a style=\"margin-left: 1em; margin-right: 1em;\" href=\"https:\/\/agora.xtec.cat\/col-alfageme-barcelona\/wp-content\/uploads\/usu2634\/2021\/05\/inCollage_20210513_175940870.jpg\"><img loading=\"lazy\" decoding=\"async\" src=\"https:\/\/agora.xtec.cat\/col-alfageme-barcelona\/wp-content\/uploads\/usu2634\/2021\/05\/inCollage_20210513_175940870-300x300.jpg\" width=\"400\" height=\"400\" border=\"0\" data-original-height=\"1920\" data-original-width=\"1920\" \/><\/a><\/div>\n<p>&nbsp;<\/p>\n","protected":false},"excerpt":{"rendered":"<p>\u00a0El 12 de maig se celebra el Dia Escolar de les Matem\u00e0tiques i a la nostra escola hem fet tot un seguit d&#8217;activitats relacionades amb aquest dia.<br \/>\n<a style=\"margin-left: 1em; margin-right: 1em;\" href=\"https:\/\/agora.xtec.cat\/col-alfageme-barcelona\/wp-content\/uploads\/usu2634\/2021\/05\/math-girl.png\"><\/a><br \/>\nEducaci\u00f3 Infantil<br \/>\nPapallones<br \/>\nEls nens i les nenes de la classe de les Papallones hem&hellip;  <a href=\"https:\/\/agora.xtec.cat\/col-alfageme-barcelona\/general\/dia-escolar-de-les-matematiques-2021\/\" title=\"Read Dia Escolar de les Matem\u00e0tiques 2021\">Llegeix m\u00e9s\u00bb<\/a><\/p>\n","protected":false},"author":3,"featured_media":1953,"comment_status":"open","ping_status":"closed","sticky":false,"template":"","format":"standard","meta":{"_bbp_topic_count":0,"_bbp_reply_count":0,"_bbp_total_topic_count":0,"_bbp_total_reply_count":0,"_bbp_voice_count":0,"_bbp_anonymous_reply_count":0,"_bbp_topic_count_hidden":0,"_bbp_reply_count_hidden":0,"_bbp_forum_subforum_count":0,"footnotes":""},"categories":[61,60,1],"tags":[],"class_list":["post-657","post","type-post","status-publish","format-standard","has-post-thumbnail","hentry","category-educacio-infantil","category-educacio-primaria","category-general"],"post_mailing_queue_ids":[],"_links":{"self":[{"href":"https:\/\/agora.xtec.cat\/col-alfageme-barcelona\/wp-json\/wp\/v2\/posts\/657","targetHints":{"allow":["GET"]}}],"collection":[{"href":"https:\/\/agora.xtec.cat\/col-alfageme-barcelona\/wp-json\/wp\/v2\/posts"}],"about":[{"href":"https:\/\/agora.xtec.cat\/col-alfageme-barcelona\/wp-json\/wp\/v2\/types\/post"}],"author":[{"embeddable":true,"href":"https:\/\/agora.xtec.cat\/col-alfageme-barcelona\/wp-json\/wp\/v2\/users\/3"}],"replies":[{"embeddable":true,"href":"https:\/\/agora.xtec.cat\/col-alfageme-barcelona\/wp-json\/wp\/v2\/comments?post=657"}],"version-history":[{"count":2,"href":"https:\/\/agora.xtec.cat\/col-alfageme-barcelona\/wp-json\/wp\/v2\/posts\/657\/revisions"}],"predecessor-version":[{"id":4115,"href":"https:\/\/agora.xtec.cat\/col-alfageme-barcelona\/wp-json\/wp\/v2\/posts\/657\/revisions\/4115"}],"wp:featuredmedia":[{"embeddable":true,"href":"https:\/\/agora.xtec.cat\/col-alfageme-barcelona\/wp-json\/wp\/v2\/media\/1953"}],"wp:attachment":[{"href":"https:\/\/agora.xtec.cat\/col-alfageme-barcelona\/wp-json\/wp\/v2\/media?parent=657"}],"wp:term":[{"taxonomy":"category","embeddable":true,"href":"https:\/\/agora.xtec.cat\/col-alfageme-barcelona\/wp-json\/wp\/v2\/categories?post=657"},{"taxonomy":"post_tag","embeddable":true,"href":"https:\/\/agora.xtec.cat\/col-alfageme-barcelona\/wp-json\/wp\/v2\/tags?post=657"}],"curies":[{"name":"wp","href":"https:\/\/api.w.org\/{rel}","templated":true}]}}