{"id":651,"date":"2021-06-05T09:12:00","date_gmt":"2021-06-05T07:12:00","guid":{"rendered":""},"modified":"2021-09-03T11:33:54","modified_gmt":"2021-09-03T09:33:54","slug":"dia-mundial-del-medi-ambient","status":"publish","type":"post","link":"https:\/\/agora.xtec.cat\/col-alfageme-barcelona\/general\/dia-mundial-del-medi-ambient\/","title":{"rendered":"DIA MUNDIAL DEL MEDI AMBIENT"},"content":{"rendered":"<p style=\"text-align: center;\">\n<div style=\"clear: both; text-align: center;\"><\/div>\n<div style=\"text-align: center;\">&nbsp;<span style=\"font-family: arial;\">El dia 5 de juny se celebra el <i><b>Dia Mundial del Medi Ambient. <\/b><\/i>T\u00e9 com a finalitat sensibilitzar la poblaci\u00f3 mundial sobre la import\u00e0ncia de cuidar els ecosistemes i fomentar el respecte al medi ambient.&nbsp;<\/span><\/div>\n<\/p>\n<p style=\"text-align: center;\"><span style=\"font-family: arial;\">A la nostra escola hem fet diferents activitats. Els grups de les Girafes, 1r, 4t i 6\u00e8 d&#8217;EP han participat en una activitat promoguda per Escoles Sostenibles i teniu tota la informaci\u00f3 en una altra entrada al blog. Tot el que han fet la resta de grups de l&#8217;escola ho podeu veure aqu\u00ed.<\/span><\/p>\n<p style=\"text-align: center;\"><span style=\"font-family: arial;\">Cuidem el nostre planeta, \u00e9s l&#8217;\u00fanic que tenim! \ud83d\udc99\ud83d\udc9a<\/span><\/p>\n<p style=\"text-align: center;\"><span style=\"font-family: arial;\"><b>Papallones <br \/><\/b><\/span><\/p>\n<p style=\"text-align: center;\"><span style=\"font-family: arial;\">Els nens i les nenes de la classe hem treballat la import\u00e0ncia de mantenir el medi ambient net i cuidat. Hem aprofitat una feina dintre del nostre quadern de treball on es tracta el tema. Respectem les plantes, mirem com s\u00f3n de boniques, no les tallem; tirem els papers al lloc destinat per fer-ho; no molestem els ocells fent soroll. Hem posat un gomet verd a l\u00b4acci\u00f3 que respecta el medi ambient i un gomet vermell a l\u00b4acci\u00f3 que no respecta el medi ambient. Els nens i les nenes han ent\u00e8s molt b\u00e9 la import\u00e0ncia de respectar el medi ambient.&nbsp;<\/span><\/p>\n<p style=\"text-align: center;\"><span style=\"font-family: arial;\"><\/span><\/p>\n<div style=\"clear: both; text-align: center;\"><span style=\"font-family: arial;\"><a href=\"https:\/\/agora.xtec.cat\/col-alfageme-barcelona\/wp-content\/uploads\/usu2634\/2021\/06\/DSC04521.jpg\" style=\"margin-left: 1em; margin-right: 1em;\"><img loading=\"lazy\" decoding=\"async\" border=\"0\" data-original-height=\"1536\" data-original-width=\"2048\" height=\"300\" src=\"https:\/\/agora.xtec.cat\/col-alfageme-barcelona\/wp-content\/uploads\/usu2634\/2021\/06\/DSC04521-300x225.jpg\" width=\"400\" \/><\/a><\/span><\/div>\n<div style=\"clear: both; text-align: center;\"><span style=\"font-family: arial;\"><br \/><\/span><\/div>\n<div style=\"clear: both; text-align: center;\"><span style=\"font-family: arial;\"><a href=\"https:\/\/agora.xtec.cat\/col-alfageme-barcelona\/wp-content\/uploads\/usu2634\/2021\/06\/DSC04527.jpg\" style=\"margin-left: 1em; margin-right: 1em;\"><img loading=\"lazy\" decoding=\"async\" border=\"0\" data-original-height=\"1536\" data-original-width=\"2048\" height=\"300\" src=\"https:\/\/agora.xtec.cat\/col-alfageme-barcelona\/wp-content\/uploads\/usu2634\/2021\/06\/DSC04527-300x225.jpg\" width=\"400\" \/><\/a><\/span><\/div>\n<div style=\"clear: both; text-align: center;\"><span style=\"font-family: arial;\"><br \/><\/span><\/div>\n<div style=\"clear: both; text-align: center;\"><span style=\"font-family: arial;\"><a href=\"https:\/\/agora.xtec.cat\/col-alfageme-barcelona\/wp-content\/uploads\/usu2634\/2021\/06\/DSC04528.jpg\" style=\"margin-left: 1em; margin-right: 1em;\"><img loading=\"lazy\" decoding=\"async\" border=\"0\" data-original-height=\"1536\" data-original-width=\"2048\" height=\"300\" src=\"https:\/\/agora.xtec.cat\/col-alfageme-barcelona\/wp-content\/uploads\/usu2634\/2021\/06\/DSC04528-300x225.jpg\" width=\"400\" \/><\/a><\/span><\/div>\n<div style=\"clear: both; text-align: center;\"><span style=\"font-family: arial;\"><br \/><\/span><\/div>\n<div style=\"clear: both; text-align: center;\"><span style=\"font-family: arial;\"><a href=\"https:\/\/agora.xtec.cat\/col-alfageme-barcelona\/wp-content\/uploads\/usu2634\/2021\/06\/DSC04529.jpg\" style=\"margin-left: 1em; margin-right: 1em;\"><img loading=\"lazy\" decoding=\"async\" border=\"0\" data-original-height=\"1536\" data-original-width=\"2048\" height=\"300\" src=\"https:\/\/agora.xtec.cat\/col-alfageme-barcelona\/wp-content\/uploads\/usu2634\/2021\/06\/DSC04529-300x225.jpg\" width=\"400\" \/><\/a><\/span><\/div>\n<div style=\"clear: both; text-align: center;\"><span style=\"font-family: arial;\"><br \/><\/span><\/div>\n<div style=\"clear: both; text-align: center;\"><span style=\"font-family: arial;\"><a href=\"https:\/\/agora.xtec.cat\/col-alfageme-barcelona\/wp-content\/uploads\/usu2634\/2021\/06\/DSC04534.jpg\" style=\"margin-left: 1em; margin-right: 1em;\"><img loading=\"lazy\" decoding=\"async\" border=\"0\" data-original-height=\"1536\" data-original-width=\"2048\" height=\"300\" src=\"https:\/\/agora.xtec.cat\/col-alfageme-barcelona\/wp-content\/uploads\/usu2634\/2021\/06\/DSC04534-300x225.jpg\" width=\"400\" \/><\/a><\/span><\/div>\n<p><span style=\"font-family: arial;\"><\/p>\n<div style=\"clear: both; text-align: center;\"><\/div>\n<p><\/p>\n<div style=\"clear: both; text-align: center;\"><b>Elefants<\/b><\/div>\n<div style=\"clear: both; text-align: center;\"><b><br \/><\/b><\/div>\n<div style=\"clear: both; text-align: center;\">El 5 de juny, \u00e9s el Dia Mundial del Medi Ambient,&nbsp; i a la classe dels Elefants hem estat parlant sobre com cada una de les nostres accions pot afectar la salut del planeta i fins i tot la nostra. Accions com tancar l\u00b4aixeta i estalviar aigua, reciclar paper, pl\u00e0stic, piles, apagar el llum, no llen\u00e7ar brossa a les platges ni els rius, etc. ajuda a contaminar menys , protegint el medi ambient i cuidant de nosaltres. Els nens i les nenes de la classe han compr\u00e8s que el benestar del m\u00f3n dep\u00e8n de tots i totes i que \u00e9s la nostra responsabilitat, i tenen molt clar que no volen un Planeta malalt.&nbsp;&nbsp;<\/div>\n<div style=\"clear: both; text-align: center;\"><\/div>\n<div style=\"clear: both; text-align: center;\">Han fet una fitxa individual amb el dibuix d\u00b4uns nens cuidant del Planeta.&nbsp;<\/div>\n<div style=\"clear: both; text-align: center;\"><a href=\"https:\/\/agora.xtec.cat\/col-alfageme-barcelona\/wp-content\/uploads\/usu2634\/2021\/06\/IMG_0611.jpg\" style=\"margin-left: 1em; margin-right: 1em;\"><img loading=\"lazy\" decoding=\"async\" border=\"0\" data-original-height=\"1800\" data-original-width=\"1800\" height=\"400\" src=\"https:\/\/agora.xtec.cat\/col-alfageme-barcelona\/wp-content\/uploads\/usu2634\/2021\/06\/IMG_0611-300x300.jpg\" width=\"400\" \/><\/a><\/div>\n<p><\/p>\n<div style=\"clear: both; text-align: center;\"><\/div>\n<div style=\"clear: both; text-align: center;\"><a href=\"https:\/\/agora.xtec.cat\/col-alfageme-barcelona\/wp-content\/uploads\/usu2634\/2021\/06\/IMG_0557.jpg\" style=\"margin-left: 1em; margin-right: 1em;\"><img loading=\"lazy\" decoding=\"async\" border=\"0\" data-original-height=\"1536\" data-original-width=\"2048\" height=\"300\" src=\"https:\/\/agora.xtec.cat\/col-alfageme-barcelona\/wp-content\/uploads\/usu2634\/2021\/06\/IMG_0557-300x225.jpg\" width=\"400\" \/><\/a><\/div>\n<div style=\"clear: both; text-align: center;\"><\/div>\n<div style=\"clear: both; text-align: center;\"><a href=\"https:\/\/agora.xtec.cat\/col-alfageme-barcelona\/wp-content\/uploads\/usu2634\/2021\/06\/IMG_0558.jpg\" style=\"margin-left: 1em; margin-right: 1em;\"><img loading=\"lazy\" decoding=\"async\" border=\"0\" data-original-height=\"1536\" data-original-width=\"2048\" height=\"300\" src=\"https:\/\/agora.xtec.cat\/col-alfageme-barcelona\/wp-content\/uploads\/usu2634\/2021\/06\/IMG_0558-300x225.jpg\" width=\"400\" \/><\/a><\/div>\n<div style=\"clear: both; text-align: center;\"><\/div>\n<div style=\"clear: both; text-align: center;\"><a href=\"https:\/\/agora.xtec.cat\/col-alfageme-barcelona\/wp-content\/uploads\/usu2634\/2021\/06\/IMG_0559.jpg\" style=\"margin-left: 1em; margin-right: 1em;\"><img decoding=\"async\" border=\"0\" data-original-height=\"2048\" data-original-width=\"1536\" height=\"320\" src=\"https:\/\/agora.xtec.cat\/col-alfageme-barcelona\/wp-content\/uploads\/usu2634\/2021\/06\/IMG_0559-225x300.jpg\" \/><\/a><\/div>\n<div style=\"clear: both; text-align: center;\"><\/div>\n<div style=\"clear: both; text-align: center;\">Tamb\u00e9 han fet un treballet que s\u00b4han emportat a casa.&nbsp;<\/div>\n<div style=\"clear: both; text-align: center;\"><\/div>\n<div style=\"clear: both; text-align: center;\"><a href=\"https:\/\/agora.xtec.cat\/col-alfageme-barcelona\/wp-content\/uploads\/usu2634\/2021\/06\/IMG_0627.jpg\" style=\"margin-left: 1em; margin-right: 1em;\"><img loading=\"lazy\" decoding=\"async\" border=\"0\" data-original-height=\"1536\" data-original-width=\"2048\" height=\"300\" src=\"https:\/\/agora.xtec.cat\/col-alfageme-barcelona\/wp-content\/uploads\/usu2634\/2021\/06\/IMG_0627-300x225.jpg\" width=\"400\" \/><\/a><\/div>\n<p><\/p>\n<div style=\"clear: both; text-align: center;\"><\/div>\n<div style=\"clear: both; text-align: center;\"><a href=\"https:\/\/agora.xtec.cat\/col-alfageme-barcelona\/wp-content\/uploads\/usu2634\/2021\/06\/IMG_0642.jpg\" style=\"margin-left: 1em; margin-right: 1em;\"><img loading=\"lazy\" decoding=\"async\" border=\"0\" data-original-height=\"1800\" data-original-width=\"1800\" height=\"400\" src=\"https:\/\/agora.xtec.cat\/col-alfageme-barcelona\/wp-content\/uploads\/usu2634\/2021\/06\/IMG_0642-300x300.jpg\" width=\"400\" \/><\/a><\/div>\n<div style=\"clear: both; text-align: center;\"><a href=\"https:\/\/agora.xtec.cat\/col-alfageme-barcelona\/wp-content\/uploads\/usu2634\/2021\/06\/IMG_0631.jpg\" style=\"margin-left: 1em; margin-right: 1em;\"><img loading=\"lazy\" decoding=\"async\" border=\"0\" data-original-height=\"1536\" data-original-width=\"2048\" height=\"300\" src=\"https:\/\/agora.xtec.cat\/col-alfageme-barcelona\/wp-content\/uploads\/usu2634\/2021\/06\/IMG_0631-300x225.jpg\" width=\"400\" \/><\/a><\/div>\n<div style=\"clear: both; text-align: center;\"><\/div>\n<div style=\"clear: both; text-align: center;\">A la classe hem rebut uns nens explicant com haviem de cuidar entre tots i totes el nostre planeta perqu\u00e8 no emmalalt\u00eds. Gr\u00e0cies nois!!!<\/div>\n<p><\/p>\n<div style=\"clear: both; text-align: center;\"><\/div>\n<div style=\"clear: both; text-align: center;\"><a href=\"https:\/\/agora.xtec.cat\/col-alfageme-barcelona\/wp-content\/uploads\/usu2634\/2021\/06\/IMG_0515.jpg\" style=\"margin-left: 1em; margin-right: 1em;\"><img loading=\"lazy\" decoding=\"async\" border=\"0\" data-original-height=\"1536\" data-original-width=\"2048\" height=\"300\" src=\"https:\/\/agora.xtec.cat\/col-alfageme-barcelona\/wp-content\/uploads\/usu2634\/2021\/06\/IMG_0515-300x225.jpg\" width=\"400\" \/><\/a><\/div>\n<p><\/span><\/p>\n<p style=\"text-align: center;\"><span style=\"font-family: arial;\"><b>Formigues<\/b><\/span><\/p>\n<p style=\"text-align: center;\"><span style=\"font-family: arial;\">Els nens i les nenes de la classe per treballar el dia mundial del Medi Ambient hem vist dos v\u00eddeos curtets:<\/span><\/p>\n<p style=\"text-align: center;\"><span style=\"font-family: arial;\">En el primer un pare explicava el seu fill de la import\u00e0ncia de consevar correctament el medi que ens envolta. Ens ha fet pensar moltes coses.&nbsp;<\/span><\/p>\n<p style=\"text-align: center;\"><span style=\"font-family: arial;\">En el segon ens han explicat tot all\u00f2 que fem di\u00e0riament i que hem d\u00b4utilitzar correctament per tal d\u00b4ajudar a conservar el nostre entorn: reciclar les coses separant-les segons el material del qual estan fets, fer servir l\u00b4aigua que nom\u00e9s necessitem tancant les aixetes quan no sigui necess\u00e0ria, fer servir materials que siguin reciclables, no embrutar els boscos ni el mar, fer servir m\u00e9s medis no contaminants per tal de despla\u00e7ar-nos&#8230;<\/span><\/p>\n<p style=\"text-align: center;\"><span style=\"font-family: arial;\">Hem fet dues fitxes en les que haviem de buscar accions ben fetes per conservar correctament el medi i altres que no s\u00f3n correctes. En una segona fitxa haviem de fer flors amb boletes ja que ens agrada gaudir de llocs macos, com aquests camps i jardins.<\/span><\/p>\n<p style=\"text-align: center;\"><span style=\"font-family: arial;\">Hem pogut parlar for\u00e7a estona sobre el tema, veient que estem molt sensibilitzats amb ell, ja que volem un m\u00f3n en el qual poquem viure amb un medi ambient cuidat i mimat per tots nosaltres.&nbsp;<\/span><\/p>\n<p style=\"text-align: center;\"><a href=\"https:\/\/agora.xtec.cat\/col-alfageme-barcelona\/wp-content\/uploads\/usu2634\/2021\/06\/DSC04542.jpg\" style=\"margin-left: 1em; margin-right: 1em;\"><img loading=\"lazy\" decoding=\"async\" border=\"0\" data-original-height=\"1536\" data-original-width=\"2048\" height=\"300\" src=\"https:\/\/agora.xtec.cat\/col-alfageme-barcelona\/wp-content\/uploads\/usu2634\/2021\/06\/DSC04542-300x225.jpg\" width=\"400\" \/><\/a><\/p>\n<div style=\"clear: both; text-align: center;\"><\/div>\n<div style=\"clear: both; text-align: center;\"><a href=\"https:\/\/agora.xtec.cat\/col-alfageme-barcelona\/wp-content\/uploads\/usu2634\/2021\/06\/DSC04543.jpg\" style=\"margin-left: 1em; margin-right: 1em;\"><img loading=\"lazy\" decoding=\"async\" border=\"0\" data-original-height=\"1536\" data-original-width=\"2048\" height=\"300\" src=\"https:\/\/agora.xtec.cat\/col-alfageme-barcelona\/wp-content\/uploads\/usu2634\/2021\/06\/DSC04543-300x225.jpg\" width=\"400\" \/><\/a><\/div>\n<div style=\"clear: both; text-align: center;\"><\/div>\n<div style=\"clear: both; text-align: center;\"><a href=\"https:\/\/agora.xtec.cat\/col-alfageme-barcelona\/wp-content\/uploads\/usu2634\/2021\/06\/DSC04544.jpg\" style=\"margin-left: 1em; margin-right: 1em;\"><img loading=\"lazy\" decoding=\"async\" border=\"0\" data-original-height=\"1536\" data-original-width=\"2048\" height=\"300\" src=\"https:\/\/agora.xtec.cat\/col-alfageme-barcelona\/wp-content\/uploads\/usu2634\/2021\/06\/DSC04544-300x225.jpg\" width=\"400\" \/><\/a><\/div>\n<div style=\"clear: both; text-align: center;\"><\/div>\n<div style=\"clear: both; text-align: center;\"><a href=\"https:\/\/agora.xtec.cat\/col-alfageme-barcelona\/wp-content\/uploads\/usu2634\/2021\/06\/DSC04545.jpg\" style=\"margin-left: 1em; margin-right: 1em;\"><img loading=\"lazy\" decoding=\"async\" border=\"0\" data-original-height=\"1536\" data-original-width=\"2048\" height=\"300\" src=\"https:\/\/agora.xtec.cat\/col-alfageme-barcelona\/wp-content\/uploads\/usu2634\/2021\/06\/DSC04545-300x225.jpg\" width=\"400\" \/><\/a><\/div>\n<div style=\"clear: both; text-align: center;\"><\/div>\n<div style=\"clear: both; text-align: center;\"><a href=\"https:\/\/agora.xtec.cat\/col-alfageme-barcelona\/wp-content\/uploads\/usu2634\/2021\/06\/DSC04546.jpg\" style=\"margin-left: 1em; margin-right: 1em;\"><img loading=\"lazy\" decoding=\"async\" border=\"0\" data-original-height=\"1536\" data-original-width=\"2048\" height=\"300\" src=\"https:\/\/agora.xtec.cat\/col-alfageme-barcelona\/wp-content\/uploads\/usu2634\/2021\/06\/DSC04546-300x225.jpg\" width=\"400\" \/><\/a><\/div>\n<div style=\"clear: both; text-align: center;\"><\/div>\n<div style=\"clear: both; text-align: center;\"><a href=\"https:\/\/agora.xtec.cat\/col-alfageme-barcelona\/wp-content\/uploads\/usu2634\/2021\/06\/DSC04536.jpg\" style=\"margin-left: 1em; margin-right: 1em;\"><img loading=\"lazy\" decoding=\"async\" border=\"0\" data-original-height=\"1536\" data-original-width=\"2048\" height=\"300\" src=\"https:\/\/agora.xtec.cat\/col-alfageme-barcelona\/wp-content\/uploads\/usu2634\/2021\/06\/DSC04536-300x225.jpg\" width=\"400\" \/><\/a><\/div>\n<div style=\"clear: both; text-align: center;\"><\/div>\n<div style=\"clear: both; text-align: center;\"><a href=\"https:\/\/agora.xtec.cat\/col-alfageme-barcelona\/wp-content\/uploads\/usu2634\/2021\/06\/DSC04539.jpg\" style=\"margin-left: 1em; margin-right: 1em;\"><img loading=\"lazy\" decoding=\"async\" border=\"0\" data-original-height=\"1536\" data-original-width=\"2048\" height=\"300\" src=\"https:\/\/agora.xtec.cat\/col-alfageme-barcelona\/wp-content\/uploads\/usu2634\/2021\/06\/DSC04539-300x225.jpg\" width=\"400\" \/><\/a><\/div>\n<div style=\"clear: both; text-align: center;\"><\/div>\n<div style=\"clear: both; text-align: center;\"><a href=\"https:\/\/agora.xtec.cat\/col-alfageme-barcelona\/wp-content\/uploads\/usu2634\/2021\/06\/DSC04540.jpg\" style=\"margin-left: 1em; margin-right: 1em;\"><img loading=\"lazy\" decoding=\"async\" border=\"0\" data-original-height=\"1536\" data-original-width=\"2048\" height=\"300\" src=\"https:\/\/agora.xtec.cat\/col-alfageme-barcelona\/wp-content\/uploads\/usu2634\/2021\/06\/DSC04540-300x225.jpg\" width=\"400\" \/><\/a><\/div>\n<div style=\"clear: both; text-align: center;\"><\/div>\n<div style=\"clear: both; text-align: center;\"><a href=\"https:\/\/agora.xtec.cat\/col-alfageme-barcelona\/wp-content\/uploads\/usu2634\/2021\/06\/DSC04541.jpg\" style=\"margin-left: 1em; margin-right: 1em;\"><img loading=\"lazy\" decoding=\"async\" border=\"0\" data-original-height=\"1536\" data-original-width=\"2048\" height=\"300\" src=\"https:\/\/agora.xtec.cat\/col-alfageme-barcelona\/wp-content\/uploads\/usu2634\/2021\/06\/DSC04541-300x225.jpg\" width=\"400\" \/><\/a><\/div>\n<div style=\"clear: both; text-align: center;\"><\/div>\n<div style=\"clear: both; text-align: center;\"><span style=\"font-family: arial;\">Han vingut els nens de cinqu\u00e8 a ensenyar-nos un mural que han fet sobre el Medi Ambient i veiem que tamb\u00e9 volen aconseguir el mateix objectiu que tenim nosaltres: fer el que faci falta pel medi ambient.<\/span><\/div>\n<div style=\"clear: both; text-align: center;\"><\/div>\n<div style=\"clear: both; text-align: center;\"><a href=\"https:\/\/agora.xtec.cat\/col-alfageme-barcelona\/wp-content\/uploads\/usu2634\/2021\/06\/DSC04556.jpg\" style=\"margin-left: 1em; margin-right: 1em;\"><img loading=\"lazy\" decoding=\"async\" border=\"0\" data-original-height=\"1536\" data-original-width=\"2048\" height=\"300\" src=\"https:\/\/agora.xtec.cat\/col-alfageme-barcelona\/wp-content\/uploads\/usu2634\/2021\/06\/DSC04556-300x225.jpg\" width=\"400\" \/><\/a><\/div>\n<div style=\"clear: both; text-align: center;\"><\/div>\n<div style=\"clear: both; text-align: center;\"><span style=\"font-family: arial;\"><b>&nbsp; &nbsp; &nbsp; &nbsp; &nbsp; &nbsp; &nbsp; &nbsp; &nbsp;&nbsp;<\/b><\/span><\/div>\n<div style=\"clear: both; text-align: center;\"><span style=\"font-family: arial;\"><b>&nbsp;&nbsp;&nbsp;&nbsp;&nbsp;&nbsp;&nbsp;&nbsp;&nbsp;&nbsp;&nbsp;&nbsp;&nbsp;&nbsp; Cicle Inicial<\/b><\/span><span style=\"text-align: left;\">&nbsp; &nbsp; &nbsp; &nbsp; &nbsp; &nbsp; &nbsp; &nbsp;&nbsp;<\/span><span style=\"text-align: left;\">&nbsp;&nbsp;<\/span><\/div>\n<p style=\"text-align: center;\"><b style=\"font-family: arial; font-size: 12pt;\">2n EP<\/b><\/p>\n<p style=\"text-align: center;\"><span style=\"font-family: arial;\">A 2n s&#8217;han dut a terme v\u00e0ries iniciatives amb l&#8217;objectiu de millorar la sensibilitzaci\u00f3 de tot l&#8217;alumnat.<\/span><\/p>\n<p style=\"text-align: center;\"><span style=\"font-family: arial;\">L&#8217;estimaci\u00f3 i el respecte pel Medi Ambient s\u00f3n un dels valors que s&#8217;han intentat inculcar a trav\u00e9s d\u2019aquesta activitat de reflexi\u00f3 i de la plantada d\u2019enciams realitzada &nbsp;recentment pels nens i nens de 2n al pati de l\u2019escola.<\/span><\/p>\n<p style=\"text-align: center;\"><span style=\"font-family: arial;\"><\/span><\/p>\n<p style=\"text-align: center;\"><a href=\"https:\/\/agora.xtec.cat\/col-alfageme-barcelona\/wp-content\/uploads\/usu2634\/2021\/06\/93767BDA-727A-4DD6-A25C-A63C64421801.jpeg\" style=\"margin-left: 1em; margin-right: 1em;\"><img loading=\"lazy\" decoding=\"async\" border=\"0\" data-original-height=\"1800\" data-original-width=\"1800\" height=\"400\" src=\"https:\/\/agora.xtec.cat\/col-alfageme-barcelona\/wp-content\/uploads\/usu2634\/2021\/06\/93767BDA-727A-4DD6-A25C-A63C64421801-300x300.jpeg\" width=\"400\" \/><\/a><\/p>\n<p style=\"text-align: center;\">\n<p style=\"text-align: center;\"><span style=\"font-family: arial;\">Entre els i les alumnes s&#8217;ha fet una reflexi\u00f3 sobre el nostre planeta arribant a la conclusi\u00f3 que tots i totes&nbsp; volem un planeta Terra &#8220;content i alegre&#8221; i no volem un planeta Terra &#8220;trist i malalt&#8221;.<\/span><\/p>\n<p style=\"text-align: center;\"><a href=\"https:\/\/agora.xtec.cat\/col-alfageme-barcelona\/wp-content\/uploads\/usu2634\/2021\/06\/09A5BD0E-3353-4B98-A98A-A7877839F2A7.jpeg\" style=\"margin-left: 1em; margin-right: 1em;\"><img loading=\"lazy\" decoding=\"async\" border=\"0\" data-original-height=\"1800\" data-original-width=\"1350\" height=\"400\" src=\"https:\/\/agora.xtec.cat\/col-alfageme-barcelona\/wp-content\/uploads\/usu2634\/2021\/06\/09A5BD0E-3353-4B98-A98A-A7877839F2A7-225x300.jpeg\" width=\"300\" \/><\/a><\/p>\n<p style=\"text-align: center;\">\n<p style=\"text-align: center;\"><a href=\"https:\/\/agora.xtec.cat\/col-alfageme-barcelona\/wp-content\/uploads\/usu2634\/2021\/06\/34CD542B-4BED-4B4F-9550-531F9956D6B7.jpeg\" style=\"margin-left: 1em; margin-right: 1em;\"><img loading=\"lazy\" decoding=\"async\" border=\"0\" data-original-height=\"1800\" data-original-width=\"1350\" height=\"400\" src=\"https:\/\/agora.xtec.cat\/col-alfageme-barcelona\/wp-content\/uploads\/usu2634\/2021\/06\/34CD542B-4BED-4B4F-9550-531F9956D6B7-225x300.jpeg\" width=\"300\" \/><\/a><\/p>\n<p style=\"text-align: center;\">\n<p style=\"text-align: center;\"><a href=\"https:\/\/agora.xtec.cat\/col-alfageme-barcelona\/wp-content\/uploads\/usu2634\/2021\/06\/131B7862-60AB-470B-A462-3D0740EE7424.jpeg\" style=\"margin-left: 1em; margin-right: 1em;\"><img loading=\"lazy\" decoding=\"async\" border=\"0\" data-original-height=\"1800\" data-original-width=\"1800\" height=\"400\" src=\"https:\/\/agora.xtec.cat\/col-alfageme-barcelona\/wp-content\/uploads\/usu2634\/2021\/06\/131B7862-60AB-470B-A462-3D0740EE7424-300x300.jpeg\" width=\"400\" \/><\/a><\/p>\n<p style=\"text-align: center;\"><span style=\"font-family: arial;\"><\/span><\/p>\n<p style=\"text-align: center;\"><span style=\"font-family: arial;\">S&#8217;ha fet una pluja d&#8217;idees entre tot el grup per oferir propostes per cuidar del nostre Medi Ambient. Despr\u00e9s cada alumne ho ha escrit&nbsp; i penjat al mural que hem fet per la classe.<\/span><\/p>\n<p style=\"text-align: center;\"><a href=\"https:\/\/agora.xtec.cat\/col-alfageme-barcelona\/wp-content\/uploads\/usu2634\/2021\/06\/EEDB4CA2-5320-4F93-9E1F-B8E8583AD8AC.jpeg\" style=\"margin-left: 1em; margin-right: 1em;\"><img loading=\"lazy\" decoding=\"async\" border=\"0\" data-original-height=\"1800\" data-original-width=\"1800\" height=\"400\" src=\"https:\/\/agora.xtec.cat\/col-alfageme-barcelona\/wp-content\/uploads\/usu2634\/2021\/06\/EEDB4CA2-5320-4F93-9E1F-B8E8583AD8AC-300x300.jpeg\" width=\"400\" \/><\/a><\/p>\n<p style=\"text-align: center;\"><a href=\"https:\/\/agora.xtec.cat\/col-alfageme-barcelona\/wp-content\/uploads\/usu2634\/2021\/06\/72EB29BD-5F96-4E8C-968C-D764038F14BB.jpeg\" style=\"margin-left: 1em; margin-right: 1em;\"><img loading=\"lazy\" decoding=\"async\" border=\"0\" data-original-height=\"1800\" data-original-width=\"1800\" height=\"400\" src=\"https:\/\/agora.xtec.cat\/col-alfageme-barcelona\/wp-content\/uploads\/usu2634\/2021\/06\/72EB29BD-5F96-4E8C-968C-D764038F14BB-300x300.jpeg\" width=\"400\" \/><\/a><\/p>\n<p style=\"text-align: center;\"><a href=\"https:\/\/agora.xtec.cat\/col-alfageme-barcelona\/wp-content\/uploads\/usu2634\/2021\/06\/B4C20CF5-2DA5-4790-8C51-BC047E26C657.jpeg\" style=\"margin-left: 1em; margin-right: 1em;\"><img loading=\"lazy\" decoding=\"async\" border=\"0\" data-original-height=\"1800\" data-original-width=\"1800\" height=\"400\" src=\"https:\/\/agora.xtec.cat\/col-alfageme-barcelona\/wp-content\/uploads\/usu2634\/2021\/06\/B4C20CF5-2DA5-4790-8C51-BC047E26C657-300x300.jpeg\" width=\"400\" \/><\/a><\/p>\n<p style=\"text-align: center;\">\n<p style=\"text-align: center;\"><a href=\"https:\/\/agora.xtec.cat\/col-alfageme-barcelona\/wp-content\/uploads\/usu2634\/2021\/06\/19D7C173-3530-4FED-8E3C-3DA71D73B748.jpeg\" style=\"margin-left: 1em; margin-right: 1em;\"><img loading=\"lazy\" decoding=\"async\" border=\"0\" data-original-height=\"1800\" data-original-width=\"1800\" height=\"400\" src=\"https:\/\/agora.xtec.cat\/col-alfageme-barcelona\/wp-content\/uploads\/usu2634\/2021\/06\/19D7C173-3530-4FED-8E3C-3DA71D73B748-300x300.jpeg\" width=\"400\" \/><\/a><\/p>\n<p style=\"text-align: center;\"><a href=\"https:\/\/agora.xtec.cat\/col-alfageme-barcelona\/wp-content\/uploads\/usu2634\/2021\/06\/7217B7C2-CD4D-442D-8E8D-9D14FAF8997D.jpeg\" style=\"margin-left: 1em; margin-right: 1em;\"><img loading=\"lazy\" decoding=\"async\" border=\"0\" data-original-height=\"2048\" data-original-width=\"1536\" height=\"400\" src=\"https:\/\/agora.xtec.cat\/col-alfageme-barcelona\/wp-content\/uploads\/usu2634\/2021\/06\/7217B7C2-CD4D-442D-8E8D-9D14FAF8997D-225x300.jpeg\" width=\"300\" \/><\/a><\/p>\n<p style=\"text-align: center;\">\n<p style=\"text-align: center;\"><a href=\"https:\/\/agora.xtec.cat\/col-alfageme-barcelona\/wp-content\/uploads\/usu2634\/2021\/06\/A40484DA-0A79-4015-BB31-1A692495261B.jpeg\" style=\"margin-left: 1em; margin-right: 1em;\"><img loading=\"lazy\" decoding=\"async\" border=\"0\" data-original-height=\"2048\" data-original-width=\"1536\" height=\"400\" src=\"https:\/\/agora.xtec.cat\/col-alfageme-barcelona\/wp-content\/uploads\/usu2634\/2021\/06\/A40484DA-0A79-4015-BB31-1A692495261B-225x300.jpeg\" width=\"300\" \/><\/a><\/p>\n<p style=\"text-align: center;\">\n<p style=\"text-align: center;\"><a href=\"https:\/\/agora.xtec.cat\/col-alfageme-barcelona\/wp-content\/uploads\/usu2634\/2021\/06\/C0DFE81E-8351-481D-B3E8-A6A618E02272.jpeg\" style=\"margin-left: 1em; margin-right: 1em;\"><img loading=\"lazy\" decoding=\"async\" border=\"0\" data-original-height=\"1536\" data-original-width=\"2048\" height=\"300\" src=\"https:\/\/agora.xtec.cat\/col-alfageme-barcelona\/wp-content\/uploads\/usu2634\/2021\/06\/C0DFE81E-8351-481D-B3E8-A6A618E02272-300x225.jpeg\" width=\"400\" \/><\/a><\/p>\n<p style=\"text-align: center;\"><span style=\"font-family: arial;\"><\/span><\/p>\n<p style=\"text-align: center;\"><span style=\"font-family: arial;\">Tamb\u00e9 els nens i nens han aprofitat per fer un seguiment del creixement dels seus enciams amb una observaci\u00f3 directa al pati de l&#8217;escola. Setmana a setmana han estat ben atents, els han cuidat, regat i els han vist cr\u00e9ixer molt r\u00e0pid&#8230; Esperem aviat els puguin collir i aix\u00ed poder preparar la seva pr\u00f2pia amanida !<\/span><\/p>\n<p style=\"text-align: center;\">\n<div style=\"clear: both; text-align: center;\"><a href=\"https:\/\/agora.xtec.cat\/col-alfageme-barcelona\/wp-content\/uploads\/usu2634\/2021\/06\/0C98DE0A-C283-4A1C-B06C-C87DD5FC23CE.jpeg\" style=\"margin-left: 1em; margin-right: 1em;\"><img loading=\"lazy\" decoding=\"async\" border=\"0\" data-original-height=\"1800\" data-original-width=\"1800\" height=\"400\" src=\"https:\/\/agora.xtec.cat\/col-alfageme-barcelona\/wp-content\/uploads\/usu2634\/2021\/06\/0C98DE0A-C283-4A1C-B06C-C87DD5FC23CE-300x300.jpeg\" width=\"400\" \/><\/a><\/div>\n<div style=\"clear: both; text-align: center;\"><\/div>\n<div style=\"clear: both; text-align: center;\"><a href=\"https:\/\/agora.xtec.cat\/col-alfageme-barcelona\/wp-content\/uploads\/usu2634\/2021\/06\/C166C82D-647D-4884-81AB-FD28937CF73C.jpeg\" style=\"margin-left: 1em; margin-right: 1em;\"><img loading=\"lazy\" decoding=\"async\" border=\"0\" data-original-height=\"1800\" data-original-width=\"1201\" height=\"400\" src=\"https:\/\/agora.xtec.cat\/col-alfageme-barcelona\/wp-content\/uploads\/usu2634\/2021\/06\/C166C82D-647D-4884-81AB-FD28937CF73C-200x300.jpeg\" width=\"268\" \/><\/a><\/div>\n<div style=\"clear: both; text-align: center;\"><\/div>\n<div style=\"clear: both; text-align: center;\"><a href=\"https:\/\/agora.xtec.cat\/col-alfageme-barcelona\/wp-content\/uploads\/usu2634\/2021\/06\/A8007B15-1442-4AC0-A896-A3A9B1D8D5C6.jpeg\" style=\"margin-left: 1em; margin-right: 1em;\"><img loading=\"lazy\" decoding=\"async\" border=\"0\" data-original-height=\"1800\" data-original-width=\"1800\" height=\"400\" src=\"https:\/\/agora.xtec.cat\/col-alfageme-barcelona\/wp-content\/uploads\/usu2634\/2021\/06\/A8007B15-1442-4AC0-A896-A3A9B1D8D5C6-300x300.jpeg\" width=\"400\" \/><\/a><\/div>\n<div style=\"clear: both; text-align: center;\"><\/div>\n<div style=\"clear: both; text-align: center;\"><\/div>\n<div style=\"clear: both; text-align: center;\"><a href=\"https:\/\/agora.xtec.cat\/col-alfageme-barcelona\/wp-content\/uploads\/usu2634\/2021\/06\/B133C5DF-7632-4A9B-AED1-7D1D95CE5935.jpeg\" style=\"margin-left: 1em; margin-right: 1em;\"><img loading=\"lazy\" decoding=\"async\" border=\"0\" data-original-height=\"1800\" data-original-width=\"1800\" height=\"400\" src=\"https:\/\/agora.xtec.cat\/col-alfageme-barcelona\/wp-content\/uploads\/usu2634\/2021\/06\/B133C5DF-7632-4A9B-AED1-7D1D95CE5935-300x300.jpeg\" width=\"400\" \/><\/a><\/div>\n<div style=\"clear: both; text-align: center;\"><\/div>\n<div style=\"clear: both; text-align: center;\"><\/div>\n<div style=\"clear: both; text-align: center;\"><a href=\"https:\/\/agora.xtec.cat\/col-alfageme-barcelona\/wp-content\/uploads\/usu2634\/2021\/06\/28B6FD37-1ABB-418F-921A-9C3F2A6960BC.jpeg\" style=\"margin-left: 1em; margin-right: 1em;\"><img loading=\"lazy\" decoding=\"async\" border=\"0\" data-original-height=\"1800\" data-original-width=\"1800\" height=\"400\" src=\"https:\/\/agora.xtec.cat\/col-alfageme-barcelona\/wp-content\/uploads\/usu2634\/2021\/06\/28B6FD37-1ABB-418F-921A-9C3F2A6960BC-300x300.jpeg\" width=\"400\" \/><\/a><\/div>\n<div style=\"clear: both; text-align: center;\"><\/div>\n<div style=\"clear: both; text-align: center;\"><a href=\"https:\/\/agora.xtec.cat\/col-alfageme-barcelona\/wp-content\/uploads\/usu2634\/2021\/06\/6D2E618B-7832-4B96-9CB6-0C59011669AD.jpeg\" style=\"margin-left: 1em; margin-right: 1em;\"><img loading=\"lazy\" decoding=\"async\" border=\"0\" data-original-height=\"1800\" data-original-width=\"1800\" height=\"400\" src=\"https:\/\/agora.xtec.cat\/col-alfageme-barcelona\/wp-content\/uploads\/usu2634\/2021\/06\/6D2E618B-7832-4B96-9CB6-0C59011669AD-300x300.jpeg\" width=\"400\" \/><\/a><\/div>\n<div style=\"clear: both; text-align: center;\"><\/div>\n<p><\/p>\n<div style=\"clear: both; text-align: center;\"><a href=\"https:\/\/agora.xtec.cat\/col-alfageme-barcelona\/wp-content\/uploads\/usu2634\/2021\/06\/03277A13-3976-4706-8A0D-503074686F8D.jpeg\" style=\"margin-left: 1em; margin-right: 1em;\"><img loading=\"lazy\" decoding=\"async\" border=\"0\" data-original-height=\"4032\" data-original-width=\"3024\" height=\"400\" src=\"https:\/\/agora.xtec.cat\/col-alfageme-barcelona\/wp-content\/uploads\/usu2634\/2021\/06\/03277A13-3976-4706-8A0D-503074686F8D-225x300.jpeg\" width=\"300\" \/><\/a><\/div>\n<div style=\"clear: both; text-align: center;\"><\/div>\n<div style=\"clear: both; text-align: center;\"><a href=\"https:\/\/agora.xtec.cat\/col-alfageme-barcelona\/wp-content\/uploads\/usu2634\/2021\/06\/F8741D66-7EF0-4569-B7A8-6EC1D89F6BF6.jpeg\" style=\"margin-left: 1em; margin-right: 1em;\"><img loading=\"lazy\" decoding=\"async\" border=\"0\" data-original-height=\"4032\" data-original-width=\"3024\" height=\"400\" src=\"https:\/\/agora.xtec.cat\/col-alfageme-barcelona\/wp-content\/uploads\/usu2634\/2021\/06\/F8741D66-7EF0-4569-B7A8-6EC1D89F6BF6-225x300.jpeg\" width=\"300\" \/><\/a><\/div>\n<div style=\"clear: both; text-align: center;\"><\/div>\n<div style=\"clear: both; text-align: center;\"><a href=\"https:\/\/agora.xtec.cat\/col-alfageme-barcelona\/wp-content\/uploads\/usu2634\/2021\/06\/B1C4034C-C2E6-46E1-AE85-9540138CFEEB.jpeg\" style=\"margin-left: 1em; margin-right: 1em;\"><img loading=\"lazy\" decoding=\"async\" border=\"0\" data-original-height=\"1800\" data-original-width=\"1800\" height=\"400\" src=\"https:\/\/agora.xtec.cat\/col-alfageme-barcelona\/wp-content\/uploads\/usu2634\/2021\/06\/B1C4034C-C2E6-46E1-AE85-9540138CFEEB-300x300.jpeg\" width=\"400\" \/><\/a><\/div>\n<div style=\"clear: both; text-align: center;\"><\/div>\n<p><\/p>\n<div style=\"clear: both; text-align: center;\"><a href=\"https:\/\/agora.xtec.cat\/col-alfageme-barcelona\/wp-content\/uploads\/usu2634\/2021\/06\/D41DE9BF-892E-43CA-B654-FC5D41853B6F.jpeg\" style=\"margin-left: 1em; margin-right: 1em;\"><img loading=\"lazy\" decoding=\"async\" border=\"0\" data-original-height=\"1800\" data-original-width=\"1800\" height=\"400\" src=\"https:\/\/agora.xtec.cat\/col-alfageme-barcelona\/wp-content\/uploads\/usu2634\/2021\/06\/D41DE9BF-892E-43CA-B654-FC5D41853B6F-300x300.jpeg\" width=\"400\" \/><\/a><\/div>\n<p><\/p>\n<div style=\"clear: both; text-align: center;\"><a href=\"https:\/\/agora.xtec.cat\/col-alfageme-barcelona\/wp-content\/uploads\/usu2634\/2021\/06\/F6D7AAFE-698E-425F-9C65-DD1A1D32F557.jpeg\" style=\"margin-left: 1em; margin-right: 1em;\"><img loading=\"lazy\" decoding=\"async\" border=\"0\" data-original-height=\"1800\" data-original-width=\"1800\" height=\"400\" src=\"https:\/\/agora.xtec.cat\/col-alfageme-barcelona\/wp-content\/uploads\/usu2634\/2021\/06\/F6D7AAFE-698E-425F-9C65-DD1A1D32F557-300x300.jpeg\" width=\"400\" \/><\/a><\/div>\n<p><\/p>\n<div style=\"clear: both; text-align: center;\"><a href=\"https:\/\/agora.xtec.cat\/col-alfageme-barcelona\/wp-content\/uploads\/usu2634\/2021\/06\/884CF189-0462-44F3-B0FF-162145F9900C.jpeg\" style=\"margin-left: 1em; margin-right: 1em;\"><img loading=\"lazy\" decoding=\"async\" border=\"0\" data-original-height=\"2048\" data-original-width=\"1536\" height=\"400\" src=\"https:\/\/agora.xtec.cat\/col-alfageme-barcelona\/wp-content\/uploads\/usu2634\/2021\/06\/884CF189-0462-44F3-B0FF-162145F9900C-225x300.jpeg\" width=\"300\" \/><\/a><\/div>\n<div style=\"clear: both; text-align: center;\"><\/div>\n<div style=\"clear: both; text-align: center;\"><a href=\"https:\/\/agora.xtec.cat\/col-alfageme-barcelona\/wp-content\/uploads\/usu2634\/2021\/06\/6133D6C4-3B83-479D-9DE5-DF185AD55EF5.jpeg\" style=\"margin-left: 1em; margin-right: 1em;\"><img loading=\"lazy\" decoding=\"async\" border=\"0\" data-original-height=\"3024\" data-original-width=\"4032\" height=\"300\" src=\"https:\/\/agora.xtec.cat\/col-alfageme-barcelona\/wp-content\/uploads\/usu2634\/2021\/06\/6133D6C4-3B83-479D-9DE5-DF185AD55EF5-300x225.jpeg\" width=\"400\" \/><\/a><\/div>\n<div style=\"clear: both; text-align: center;\"><\/div>\n<\/p>\n<p style=\"text-align: center;\"><b style=\"font-family: arial;\">3r EP<\/b><\/p>\n<p style=\"text-align: center;\"><span style=\"font-family: arial;\">El grup de 3r ha jugat al joc de <i>Pasapalabra <\/i>del Medi Ambient. Han fet grups per poder respondre entre totes i tots les preguntes que anaven sortint. Han aconseguit respondre totes les preguntes. Bona feina, tercer!<\/span><\/p>\n<p style=\"text-align: center;\"><span style=\"font-family: arial;\"><b><\/b><\/span><\/p>\n<div style=\"clear: both; text-align: center;\"><span style=\"font-family: arial;\"><b><a href=\"https:\/\/agora.xtec.cat\/col-alfageme-barcelona\/wp-content\/uploads\/usu2634\/2021\/06\/5F7FA9CE-6322-4E22-83B1-4D7F97DB2E80.jpeg\" style=\"margin-left: 1em; margin-right: 1em;\"><img loading=\"lazy\" decoding=\"async\" border=\"0\" data-original-height=\"2048\" data-original-width=\"2048\" height=\"400\" src=\"https:\/\/agora.xtec.cat\/col-alfageme-barcelona\/wp-content\/uploads\/usu2634\/2021\/06\/5F7FA9CE-6322-4E22-83B1-4D7F97DB2E80-300x300.jpeg\" width=\"400\" \/><\/a><\/b><\/span><\/div>\n<div style=\"clear: both; text-align: center;\"><span style=\"font-family: arial;\"><b><a href=\"https:\/\/agora.xtec.cat\/col-alfageme-barcelona\/wp-content\/uploads\/usu2634\/2021\/06\/584E26A2-A67B-4CA9-8799-6780BF4A6963.jpeg\" style=\"margin-left: 1em; margin-right: 1em;\"><img loading=\"lazy\" decoding=\"async\" border=\"0\" data-original-height=\"2048\" data-original-width=\"2048\" height=\"400\" src=\"https:\/\/agora.xtec.cat\/col-alfageme-barcelona\/wp-content\/uploads\/usu2634\/2021\/06\/584E26A2-A67B-4CA9-8799-6780BF4A6963-300x300.jpeg\" width=\"400\" \/><\/a><\/b><\/span><\/div>\n<div style=\"clear: both; text-align: center;\"><span style=\"font-family: arial;\"><b><a href=\"https:\/\/agora.xtec.cat\/col-alfageme-barcelona\/wp-content\/uploads\/usu2634\/2021\/06\/IMG_0919.jpeg\" style=\"margin-left: 1em; margin-right: 1em;\"><img loading=\"lazy\" decoding=\"async\" border=\"0\" data-original-height=\"1536\" data-original-width=\"2048\" height=\"300\" src=\"https:\/\/agora.xtec.cat\/col-alfageme-barcelona\/wp-content\/uploads\/usu2634\/2021\/06\/IMG_0919-300x225.jpeg\" width=\"400\" \/><\/a><\/b><\/span><\/div>\n<\/p>\n<p style=\"text-align: center;\"><span style=\"font-family: arial;\"><b>5\u00e8 EP <br \/><\/b><\/span><\/p>\n<p style=\"text-align: center;\"><span style=\"font-family: arial;\"><b>&nbsp;<\/b>El grup de 5\u00e8, despr\u00e9s de parlar sobre la contaminaci\u00f3, la sobreexplotaci\u00f3, la desforestaci\u00f3 i del que tot aix\u00f2 genera en el Medi Ambient, ha elaborat cartells amb imatges i missatges per tal de conscienciar tothom.<\/span><\/p>\n<p style=\"text-align: center;\">\n<div style=\"clear: both; text-align: center;\"><a href=\"https:\/\/agora.xtec.cat\/col-alfageme-barcelona\/wp-content\/uploads\/usu2634\/2021\/06\/20210603_123503.jpg\" style=\"margin-left: 1em; margin-right: 1em;\"><img loading=\"lazy\" decoding=\"async\" border=\"0\" data-original-height=\"1536\" data-original-width=\"2048\" height=\"300\" src=\"https:\/\/agora.xtec.cat\/col-alfageme-barcelona\/wp-content\/uploads\/usu2634\/2021\/06\/20210603_123503-300x225.jpg\" width=\"400\" \/><\/a><\/div>\n<p><\/p>\n<div style=\"clear: both; text-align: center;\"><a href=\"https:\/\/agora.xtec.cat\/col-alfageme-barcelona\/wp-content\/uploads\/usu2634\/2021\/06\/20210603_124651.jpg\" style=\"margin-left: 1em; margin-right: 1em;\"><img loading=\"lazy\" decoding=\"async\" border=\"0\" data-original-height=\"1536\" data-original-width=\"2048\" height=\"300\" src=\"https:\/\/agora.xtec.cat\/col-alfageme-barcelona\/wp-content\/uploads\/usu2634\/2021\/06\/20210603_124651-300x225.jpg\" width=\"400\" \/><\/a><\/div>\n<p><\/p>\n<div style=\"clear: both; text-align: center;\"><a href=\"https:\/\/agora.xtec.cat\/col-alfageme-barcelona\/wp-content\/uploads\/usu2634\/2021\/06\/20210603_124838.jpg\" style=\"margin-left: 1em; margin-right: 1em;\"><img loading=\"lazy\" decoding=\"async\" border=\"0\" data-original-height=\"1536\" data-original-width=\"2048\" height=\"300\" src=\"https:\/\/agora.xtec.cat\/col-alfageme-barcelona\/wp-content\/uploads\/usu2634\/2021\/06\/20210603_124838-300x225.jpg\" width=\"400\" \/><\/a><\/div>\n<p><\/p>\n<div style=\"clear: both; text-align: center;\"><a href=\"https:\/\/agora.xtec.cat\/col-alfageme-barcelona\/wp-content\/uploads\/usu2634\/2021\/06\/20210604_100501.jpg\" style=\"margin-left: 1em; margin-right: 1em;\"><img loading=\"lazy\" decoding=\"async\" border=\"0\" data-original-height=\"1536\" data-original-width=\"2048\" height=\"300\" src=\"https:\/\/agora.xtec.cat\/col-alfageme-barcelona\/wp-content\/uploads\/usu2634\/2021\/06\/20210604_100501-300x225.jpg\" width=\"400\" \/><\/a><\/div>\n<p><\/p>\n<div style=\"clear: both; text-align: center;\"><a href=\"https:\/\/agora.xtec.cat\/col-alfageme-barcelona\/wp-content\/uploads\/usu2634\/2021\/06\/20210604_100547.jpg\" style=\"margin-left: 1em; margin-right: 1em;\"><img loading=\"lazy\" decoding=\"async\" border=\"0\" data-original-height=\"1536\" data-original-width=\"2048\" height=\"300\" src=\"https:\/\/agora.xtec.cat\/col-alfageme-barcelona\/wp-content\/uploads\/usu2634\/2021\/06\/20210604_100547-300x225.jpg\" width=\"400\" \/><\/a><\/div>\n<p><\/p>\n<div style=\"clear: both; text-align: center;\"><a href=\"https:\/\/agora.xtec.cat\/col-alfageme-barcelona\/wp-content\/uploads\/usu2634\/2021\/06\/20210604_100626.jpg\" style=\"margin-left: 1em; margin-right: 1em;\"><img loading=\"lazy\" decoding=\"async\" border=\"0\" data-original-height=\"1536\" data-original-width=\"2048\" height=\"300\" src=\"https:\/\/agora.xtec.cat\/col-alfageme-barcelona\/wp-content\/uploads\/usu2634\/2021\/06\/20210604_100626-300x225.jpg\" width=\"400\" \/><\/a><\/div>\n<p style=\"text-align: center;\"><span style=\"font-family: arial;\"><br \/><\/span><\/p>\n","protected":false},"excerpt":{"rendered":"<p>&nbsp;El dia 5 de juny se celebra el Dia Mundial del Medi Ambient. T\u00e9 com a finalitat sensibilitzar la poblaci\u00f3 mundial sobre la import\u00e0ncia de cuidar els ecosistemes i fomentar el respecte al medi ambient.&nbsp;<\/p>\n<p>A la nostra escola hem fet diferents activitats. Els grups de&hellip;  <a href=\"https:\/\/agora.xtec.cat\/col-alfageme-barcelona\/general\/dia-mundial-del-medi-ambient\/\" title=\"Read DIA MUNDIAL DEL MEDI AMBIENT\">Llegeix m\u00e9s\u00bb<\/a><\/p>\n","protected":false},"author":3,"featured_media":1822,"comment_status":"closed","ping_status":"closed","sticky":false,"template":"","format":"standard","meta":{"_bbp_topic_count":0,"_bbp_reply_count":0,"_bbp_total_topic_count":0,"_bbp_total_reply_count":0,"_bbp_voice_count":0,"_bbp_anonymous_reply_count":0,"_bbp_topic_count_hidden":0,"_bbp_reply_count_hidden":0,"_bbp_forum_subforum_count":0,"footnotes":""},"categories":[61,60,1],"tags":[],"class_list":["post-651","post","type-post","status-publish","format-standard","has-post-thumbnail","hentry","category-educacio-infantil","category-educacio-primaria","category-general"],"post_mailing_queue_ids":[],"_links":{"self":[{"href":"https:\/\/agora.xtec.cat\/col-alfageme-barcelona\/wp-json\/wp\/v2\/posts\/651","targetHints":{"allow":["GET"]}}],"collection":[{"href":"https:\/\/agora.xtec.cat\/col-alfageme-barcelona\/wp-json\/wp\/v2\/posts"}],"about":[{"href":"https:\/\/agora.xtec.cat\/col-alfageme-barcelona\/wp-json\/wp\/v2\/types\/post"}],"author":[{"embeddable":true,"href":"https:\/\/agora.xtec.cat\/col-alfageme-barcelona\/wp-json\/wp\/v2\/users\/3"}],"replies":[{"embeddable":true,"href":"https:\/\/agora.xtec.cat\/col-alfageme-barcelona\/wp-json\/wp\/v2\/comments?post=651"}],"version-history":[{"count":2,"href":"https:\/\/agora.xtec.cat\/col-alfageme-barcelona\/wp-json\/wp\/v2\/posts\/651\/revisions"}],"predecessor-version":[{"id":2108,"href":"https:\/\/agora.xtec.cat\/col-alfageme-barcelona\/wp-json\/wp\/v2\/posts\/651\/revisions\/2108"}],"wp:featuredmedia":[{"embeddable":true,"href":"https:\/\/agora.xtec.cat\/col-alfageme-barcelona\/wp-json\/wp\/v2\/media\/1822"}],"wp:attachment":[{"href":"https:\/\/agora.xtec.cat\/col-alfageme-barcelona\/wp-json\/wp\/v2\/media?parent=651"}],"wp:term":[{"taxonomy":"category","embeddable":true,"href":"https:\/\/agora.xtec.cat\/col-alfageme-barcelona\/wp-json\/wp\/v2\/categories?post=651"},{"taxonomy":"post_tag","embeddable":true,"href":"https:\/\/agora.xtec.cat\/col-alfageme-barcelona\/wp-json\/wp\/v2\/tags?post=651"}],"curies":[{"name":"wp","href":"https:\/\/api.w.org\/{rel}","templated":true}]}}