{"id":647,"date":"2021-06-14T14:52:00","date_gmt":"2021-06-14T12:52:00","guid":{"rendered":""},"modified":"2021-09-03T11:33:40","modified_gmt":"2021-09-03T09:33:40","slug":"projecte-sobre-la-unio-europea-a-6e","status":"publish","type":"post","link":"https:\/\/agora.xtec.cat\/col-alfageme-barcelona\/general\/projecte-sobre-la-unio-europea-a-6e\/","title":{"rendered":"Projecte sobre la UNI\u00d3 EUROPEA a 6\u00e8."},"content":{"rendered":"<div>\n<p style=\"text-align: center;\">&nbsp;<span style=\"font-family: arial;\">L&#8217;alumnat de 6\u00e8 ha fet projectes sobre la Uni\u00f3 Europea aquest 3r trimestre. Aqu\u00ed podeu veure el proc\u00e9s des del principi fins al final.<\/span><\/p>\n<p style=\"text-align: center;\"><span style=\"font-family: arial;\">Les primeres sessions van ser te\u00f2riques a l&#8217;aula, i es van deixar clars els aspectes principals de la UE: objectius, pa\u00efsos que en formen part, any de creaci\u00f3, institucions&#8230;<\/span><\/p>\n<p style=\"text-align: center;\"><span style=\"font-family: arial;\"><\/span><\/p>\n<div style=\"clear: both; text-align: center;\"><span style=\"font-family: arial;\"><a href=\"https:\/\/agora.xtec.cat\/col-alfageme-barcelona\/wp-content\/uploads\/usu2634\/2021\/06\/IMG_20210409_095041.jpg\" style=\"margin-left: 1em; margin-right: 1em;\"><img loading=\"lazy\" decoding=\"async\" border=\"0\" data-original-height=\"1156\" data-original-width=\"2048\" height=\"226\" src=\"https:\/\/agora.xtec.cat\/col-alfageme-barcelona\/wp-content\/uploads\/usu2634\/2021\/06\/IMG_20210409_095041-300x169.jpg\" width=\"400\" \/><\/a><\/span><\/div>\n<p><span style=\"font-family: arial;\"><\/p>\n<div style=\"clear: both; text-align: center;\"><a href=\"https:\/\/agora.xtec.cat\/col-alfageme-barcelona\/wp-content\/uploads\/usu2634\/2021\/06\/IMG_20210409_095058.jpg\" style=\"margin-left: 1em; margin-right: 1em;\"><img loading=\"lazy\" decoding=\"async\" border=\"0\" data-original-height=\"1156\" data-original-width=\"2048\" height=\"226\" src=\"https:\/\/agora.xtec.cat\/col-alfageme-barcelona\/wp-content\/uploads\/usu2634\/2021\/06\/IMG_20210409_095058-300x169.jpg\" width=\"400\" \/><\/a><\/div>\n<p><\/p>\n<div style=\"clear: both; text-align: center;\"><a href=\"https:\/\/agora.xtec.cat\/col-alfageme-barcelona\/wp-content\/uploads\/usu2634\/2021\/06\/IMG_20210409_095918.jpg\" style=\"margin-left: 1em; margin-right: 1em;\"><img loading=\"lazy\" decoding=\"async\" border=\"0\" data-original-height=\"2048\" data-original-width=\"1156\" height=\"400\" src=\"https:\/\/agora.xtec.cat\/col-alfageme-barcelona\/wp-content\/uploads\/usu2634\/2021\/06\/IMG_20210409_095918-169x300.jpg\" width=\"226\" \/><\/a><\/div>\n<p><\/span><\/p>\n<p style=\"text-align: center;\"><span style=\"font-family: arial;\">A continuaci\u00f3, cada grup d&#8217;alumnes va triar un pa\u00eds i en va fer un powerpoint amb informaci\u00f3 relacionada amb el pa\u00eds escollit. La primera part del powerpoint, per\u00f2, era comuna a tots els grups i tractava sobre la UE.<br \/><\/span><\/p>\n<p style=\"text-align: center;\"><span style=\"font-family: arial;\">Aquestes imatges s\u00f3n de la primera sessi\u00f3 a l&#8217;aula d&#8217;inform\u00e0tica quan van comen\u00e7ar a fer els powerpoints.<\/span><\/p>\n<p style=\"text-align: center;\">\n<div style=\"clear: both; text-align: center;\"><a href=\"https:\/\/agora.xtec.cat\/col-alfageme-barcelona\/wp-content\/uploads\/usu2634\/2021\/06\/1.jpg\" style=\"margin-left: 1em; margin-right: 1em;\"><img loading=\"lazy\" decoding=\"async\" border=\"0\" data-original-height=\"1280\" data-original-width=\"1280\" height=\"400\" src=\"https:\/\/agora.xtec.cat\/col-alfageme-barcelona\/wp-content\/uploads\/usu2634\/2021\/06\/1-300x300.jpg\" width=\"400\" \/><\/a><\/div>\n<p><\/p>\n<div style=\"clear: both; text-align: center;\"><a href=\"https:\/\/agora.xtec.cat\/col-alfageme-barcelona\/wp-content\/uploads\/usu2634\/2021\/06\/2.jpg\" style=\"margin-left: 1em; margin-right: 1em;\"><img loading=\"lazy\" decoding=\"async\" border=\"0\" data-original-height=\"1280\" data-original-width=\"1280\" height=\"400\" src=\"https:\/\/agora.xtec.cat\/col-alfageme-barcelona\/wp-content\/uploads\/usu2634\/2021\/06\/2-300x300.jpg\" width=\"400\" \/><\/a><\/div>\n<p><\/p>\n<div style=\"clear: both; text-align: center;\"><a href=\"https:\/\/agora.xtec.cat\/col-alfageme-barcelona\/wp-content\/uploads\/usu2634\/2021\/06\/3.jpg\" style=\"margin-left: 1em; margin-right: 1em;\"><img loading=\"lazy\" decoding=\"async\" border=\"0\" data-original-height=\"1280\" data-original-width=\"1280\" height=\"400\" src=\"https:\/\/agora.xtec.cat\/col-alfageme-barcelona\/wp-content\/uploads\/usu2634\/2021\/06\/3-300x300.jpg\" width=\"400\" \/><\/a><\/div>\n<p><\/p>\n<div style=\"clear: both; text-align: center;\"><a href=\"https:\/\/agora.xtec.cat\/col-alfageme-barcelona\/wp-content\/uploads\/usu2634\/2021\/06\/4.jpg\" style=\"margin-left: 1em; margin-right: 1em;\"><img loading=\"lazy\" decoding=\"async\" border=\"0\" data-original-height=\"1280\" data-original-width=\"1280\" height=\"400\" src=\"https:\/\/agora.xtec.cat\/col-alfageme-barcelona\/wp-content\/uploads\/usu2634\/2021\/06\/4-300x300.jpg\" width=\"400\" \/><\/a><\/div>\n<p><\/p>\n<div style=\"clear: both; text-align: center;\"><a href=\"https:\/\/agora.xtec.cat\/col-alfageme-barcelona\/wp-content\/uploads\/usu2634\/2021\/06\/5.jpg\" style=\"margin-left: 1em; margin-right: 1em;\"><img loading=\"lazy\" decoding=\"async\" border=\"0\" data-original-height=\"1280\" data-original-width=\"1280\" height=\"400\" src=\"https:\/\/agora.xtec.cat\/col-alfageme-barcelona\/wp-content\/uploads\/usu2634\/2021\/06\/5-300x300.jpg\" width=\"400\" \/><\/a><\/div>\n<p><\/p>\n<div style=\"clear: both; text-align: center;\"><a href=\"https:\/\/agora.xtec.cat\/col-alfageme-barcelona\/wp-content\/uploads\/usu2634\/2021\/06\/6.jpg\" style=\"margin-left: 1em; margin-right: 1em;\"><img loading=\"lazy\" decoding=\"async\" border=\"0\" data-original-height=\"1280\" data-original-width=\"1280\" height=\"400\" src=\"https:\/\/agora.xtec.cat\/col-alfageme-barcelona\/wp-content\/uploads\/usu2634\/2021\/06\/6-300x300.jpg\" width=\"400\" \/><\/a><\/div>\n<p><\/p>\n<div style=\"clear: both; text-align: center;\"><a href=\"https:\/\/agora.xtec.cat\/col-alfageme-barcelona\/wp-content\/uploads\/usu2634\/2021\/06\/7.jpg\" style=\"margin-left: 1em; margin-right: 1em;\"><img loading=\"lazy\" decoding=\"async\" border=\"0\" data-original-height=\"1280\" data-original-width=\"1280\" height=\"400\" src=\"https:\/\/agora.xtec.cat\/col-alfageme-barcelona\/wp-content\/uploads\/usu2634\/2021\/06\/7-300x300.jpg\" width=\"400\" \/><\/a><\/div>\n<p><\/div>\n<div style=\"text-align: center;\"><span style=\"font-family: arial;\">A cada sessi\u00f3 a l&#8217;aula d&#8217;inform\u00e0tica, els grups han anat fent el seu powerpoint.<\/span><\/div>\n<div style=\"text-align: center;\"><span style=\"font-family: arial;\">&nbsp;<\/span><\/div>\n<div style=\"text-align: center;\"><span style=\"font-family: arial;\"><\/p>\n<div style=\"clear: both; text-align: center;\"><a href=\"https:\/\/agora.xtec.cat\/col-alfageme-barcelona\/wp-content\/uploads\/usu2634\/2021\/06\/IMG_20210514_092651.jpg\" style=\"margin-left: 1em; margin-right: 1em;\"><img loading=\"lazy\" decoding=\"async\" border=\"0\" data-original-height=\"1156\" data-original-width=\"2048\" height=\"226\" src=\"https:\/\/agora.xtec.cat\/col-alfageme-barcelona\/wp-content\/uploads\/usu2634\/2021\/06\/IMG_20210514_092651-300x169.jpg\" width=\"400\" \/><\/a><\/div>\n<p><\/p>\n<div style=\"clear: both; text-align: center;\"><a href=\"https:\/\/agora.xtec.cat\/col-alfageme-barcelona\/wp-content\/uploads\/usu2634\/2021\/06\/IMG_20210514_092708.jpg\" style=\"margin-left: 1em; margin-right: 1em;\"><img loading=\"lazy\" decoding=\"async\" border=\"0\" data-original-height=\"1156\" data-original-width=\"2048\" height=\"226\" src=\"https:\/\/agora.xtec.cat\/col-alfageme-barcelona\/wp-content\/uploads\/usu2634\/2021\/06\/IMG_20210514_092708-300x169.jpg\" width=\"400\" \/><\/a><\/div>\n<p><\/p>\n<div style=\"clear: both; text-align: center;\"><a href=\"https:\/\/agora.xtec.cat\/col-alfageme-barcelona\/wp-content\/uploads\/usu2634\/2021\/06\/IMG_20210514_092807.jpg\" style=\"margin-left: 1em; margin-right: 1em;\"><img loading=\"lazy\" decoding=\"async\" border=\"0\" data-original-height=\"1156\" data-original-width=\"2048\" height=\"226\" src=\"https:\/\/agora.xtec.cat\/col-alfageme-barcelona\/wp-content\/uploads\/usu2634\/2021\/06\/IMG_20210514_092807-300x169.jpg\" width=\"400\" \/><\/a><\/div>\n<p><\/p>\n<div style=\"clear: both; text-align: center;\"><a href=\"https:\/\/agora.xtec.cat\/col-alfageme-barcelona\/wp-content\/uploads\/usu2634\/2021\/06\/IMG_20210514_092815.jpg\" style=\"margin-left: 1em; margin-right: 1em;\"><img loading=\"lazy\" decoding=\"async\" border=\"0\" data-original-height=\"1156\" data-original-width=\"2048\" height=\"226\" src=\"https:\/\/agora.xtec.cat\/col-alfageme-barcelona\/wp-content\/uploads\/usu2634\/2021\/06\/IMG_20210514_092815-300x169.jpg\" width=\"400\" \/><\/a><\/div>\n<p><\/p>\n<div style=\"clear: both; text-align: center;\"><a href=\"https:\/\/agora.xtec.cat\/col-alfageme-barcelona\/wp-content\/uploads\/usu2634\/2021\/06\/IMG_20210514_092950.jpg\" style=\"margin-left: 1em; margin-right: 1em;\"><img loading=\"lazy\" decoding=\"async\" border=\"0\" data-original-height=\"1156\" data-original-width=\"2048\" height=\"226\" src=\"https:\/\/agora.xtec.cat\/col-alfageme-barcelona\/wp-content\/uploads\/usu2634\/2021\/06\/IMG_20210514_092950-300x169.jpg\" width=\"400\" \/><\/a><\/div>\n<p><\/p>\n<div style=\"clear: both; text-align: center;\"><a href=\"https:\/\/agora.xtec.cat\/col-alfageme-barcelona\/wp-content\/uploads\/usu2634\/2021\/06\/IMG_20210514_092957.jpg\" style=\"margin-left: 1em; margin-right: 1em;\"><img loading=\"lazy\" decoding=\"async\" border=\"0\" data-original-height=\"1156\" data-original-width=\"2048\" height=\"226\" src=\"https:\/\/agora.xtec.cat\/col-alfageme-barcelona\/wp-content\/uploads\/usu2634\/2021\/06\/IMG_20210514_092957-300x169.jpg\" width=\"400\" \/><\/a><\/div>\n<p><\/p>\n<div style=\"clear: both; text-align: center;\"><a href=\"https:\/\/agora.xtec.cat\/col-alfageme-barcelona\/wp-content\/uploads\/usu2634\/2021\/06\/IMG_20210514_093219.jpg\" style=\"margin-left: 1em; margin-right: 1em;\"><img loading=\"lazy\" decoding=\"async\" border=\"0\" data-original-height=\"1156\" data-original-width=\"2048\" height=\"226\" src=\"https:\/\/agora.xtec.cat\/col-alfageme-barcelona\/wp-content\/uploads\/usu2634\/2021\/06\/IMG_20210514_093219-300x169.jpg\" width=\"400\" \/><\/a><\/div>\n<p><\/p>\n<div style=\"clear: both; text-align: center;\"><a href=\"https:\/\/agora.xtec.cat\/col-alfageme-barcelona\/wp-content\/uploads\/usu2634\/2021\/06\/IMG_20210514_093303.jpg\" style=\"margin-left: 1em; margin-right: 1em;\"><img loading=\"lazy\" decoding=\"async\" border=\"0\" data-original-height=\"2048\" data-original-width=\"1156\" height=\"400\" src=\"https:\/\/agora.xtec.cat\/col-alfageme-barcelona\/wp-content\/uploads\/usu2634\/2021\/06\/IMG_20210514_093303-169x300.jpg\" width=\"226\" \/><\/a><\/div>\n<p><\/p>\n<div style=\"clear: both; text-align: center;\"><a href=\"https:\/\/agora.xtec.cat\/col-alfageme-barcelona\/wp-content\/uploads\/usu2634\/2021\/06\/IMG_20210514_093320.jpg\" style=\"margin-left: 1em; margin-right: 1em;\"><img loading=\"lazy\" decoding=\"async\" border=\"0\" data-original-height=\"1156\" data-original-width=\"2048\" height=\"226\" src=\"https:\/\/agora.xtec.cat\/col-alfageme-barcelona\/wp-content\/uploads\/usu2634\/2021\/06\/IMG_20210514_093320-300x169.jpg\" width=\"400\" \/><\/a><\/div>\n<p><\/p>\n<div style=\"clear: both; text-align: center;\"><a href=\"https:\/\/agora.xtec.cat\/col-alfageme-barcelona\/wp-content\/uploads\/usu2634\/2021\/06\/IMG_20210514_093515.jpg\" style=\"margin-left: 1em; margin-right: 1em;\"><img loading=\"lazy\" decoding=\"async\" border=\"0\" data-original-height=\"2048\" data-original-width=\"1156\" height=\"400\" src=\"https:\/\/agora.xtec.cat\/col-alfageme-barcelona\/wp-content\/uploads\/usu2634\/2021\/06\/IMG_20210514_093515-169x300.jpg\" width=\"226\" \/><\/a><\/div>\n<p><\/span><\/div>\n<div style=\"text-align: center;\"><span style=\"font-family: arial;\"><\/span><\/div>\n<div style=\"text-align: center;\"><span style=\"font-family: arial;\">&nbsp;<\/span><\/div>\n<div style=\"text-align: center;\"><span style=\"font-family: arial;\">A m\u00e9s d&#8217;aprendre continguts de Medi Social, treballen en equip i n&#8217;aprenen.<\/span><\/div>\n<div style=\"text-align: center;\"><span style=\"font-family: arial;\"><\/p>\n<div style=\"clear: both; text-align: center;\"><a href=\"https:\/\/agora.xtec.cat\/col-alfageme-barcelona\/wp-content\/uploads\/usu2634\/2021\/06\/IMG_20210514_093553.jpg\" style=\"margin-left: 1em; margin-right: 1em;\"><img loading=\"lazy\" decoding=\"async\" border=\"0\" data-original-height=\"1156\" data-original-width=\"2048\" height=\"226\" src=\"https:\/\/agora.xtec.cat\/col-alfageme-barcelona\/wp-content\/uploads\/usu2634\/2021\/06\/IMG_20210514_093553-300x169.jpg\" width=\"400\" \/><\/a><\/div>\n<p>&nbsp;Un cop acabats tots els powerpoints, els revisen i preparen la presentaci\u00f3 davant de tota la classe.<\/span><\/div>\n<div style=\"text-align: center;\"><span style=\"font-family: arial;\"><br \/><\/span><\/div>\n<div style=\"text-align: center;\">\n<div style=\"clear: both; text-align: center;\"><a href=\"https:\/\/agora.xtec.cat\/col-alfageme-barcelona\/wp-content\/uploads\/usu2634\/2021\/06\/IMG_20210608_111106.jpg\" style=\"margin-left: 1em; margin-right: 1em;\"><img loading=\"lazy\" decoding=\"async\" border=\"0\" data-original-height=\"1156\" data-original-width=\"2048\" height=\"226\" src=\"https:\/\/agora.xtec.cat\/col-alfageme-barcelona\/wp-content\/uploads\/usu2634\/2021\/06\/IMG_20210608_111106-300x169.jpg\" width=\"400\" \/><\/a><\/div>\n<p><\/p>\n<div style=\"clear: both; text-align: center;\"><a href=\"https:\/\/agora.xtec.cat\/col-alfageme-barcelona\/wp-content\/uploads\/usu2634\/2021\/06\/IMG_20210608_111210.jpg\" style=\"margin-left: 1em; margin-right: 1em;\"><img loading=\"lazy\" decoding=\"async\" border=\"0\" data-original-height=\"1156\" data-original-width=\"2048\" height=\"226\" src=\"https:\/\/agora.xtec.cat\/col-alfageme-barcelona\/wp-content\/uploads\/usu2634\/2021\/06\/IMG_20210608_111210-300x169.jpg\" width=\"400\" \/><\/a><\/div>\n<p><\/p>\n<div style=\"clear: both; text-align: center;\"><a href=\"https:\/\/agora.xtec.cat\/col-alfageme-barcelona\/wp-content\/uploads\/usu2634\/2021\/06\/IMG_20210608_111414.jpg\" style=\"margin-left: 1em; margin-right: 1em;\"><img loading=\"lazy\" decoding=\"async\" border=\"0\" data-original-height=\"1156\" data-original-width=\"2048\" height=\"226\" src=\"https:\/\/agora.xtec.cat\/col-alfageme-barcelona\/wp-content\/uploads\/usu2634\/2021\/06\/IMG_20210608_111414-300x169.jpg\" width=\"400\" \/><\/a><\/div>\n<p><\/p>\n<div style=\"clear: both; text-align: center;\"><a href=\"https:\/\/agora.xtec.cat\/col-alfageme-barcelona\/wp-content\/uploads\/usu2634\/2021\/06\/IMG_20210608_112123.jpg\" style=\"margin-left: 1em; margin-right: 1em;\"><img loading=\"lazy\" decoding=\"async\" border=\"0\" data-original-height=\"2047\" data-original-width=\"2048\" height=\"400\" src=\"https:\/\/agora.xtec.cat\/col-alfageme-barcelona\/wp-content\/uploads\/usu2634\/2021\/06\/IMG_20210608_112123-300x300.jpg\" width=\"400\" \/><\/a><\/div>\n<\/div>\n<div style=\"text-align: center;\"><\/div>\n<div style=\"text-align: center;\"><\/div>\n<div style=\"text-align: center;\"><\/div>\n<div style=\"text-align: center;\"><\/div>\n<div style=\"text-align: center;\"><\/div>\n<div style=\"text-align: center;\">&nbsp;<\/div>\n<div style=\"text-align: center;\"><span style=\"font-family: arial;\">Un cop acabats i revisats els powerpoints, cada grup fa la seva exposici\u00f3.<\/span><\/div>\n<div style=\"text-align: center;\"><span style=\"font-family: arial;\">&nbsp;<\/span><\/div>\n<div style=\"text-align: center;\"><span style=\"font-family: arial;\">PORTUGAL<\/span><\/div>\n<div style=\"text-align: center;\"><span style=\"font-family: arial;\">&nbsp;<\/span><\/div>\n<div style=\"text-align: center;\"><span style=\"font-family: arial;\"><\/p>\n<div style=\"clear: both; text-align: center;\"><a href=\"https:\/\/agora.xtec.cat\/col-alfageme-barcelona\/wp-content\/uploads\/usu2634\/2021\/06\/IMG_20210611_093043.jpg\" style=\"margin-left: 1em; margin-right: 1em;\"><img loading=\"lazy\" decoding=\"async\" border=\"0\" data-original-height=\"1238\" data-original-width=\"2048\" height=\"241\" src=\"https:\/\/agora.xtec.cat\/col-alfageme-barcelona\/wp-content\/uploads\/usu2634\/2021\/06\/IMG_20210611_093043-300x181.jpg\" width=\"400\" \/><\/a><\/div>\n<p><\/p>\n<div style=\"clear: both; text-align: center;\"><a href=\"https:\/\/agora.xtec.cat\/col-alfageme-barcelona\/wp-content\/uploads\/usu2634\/2021\/06\/IMG_20210611_091155.jpg\" style=\"margin-left: 1em; margin-right: 1em;\"><img loading=\"lazy\" decoding=\"async\" border=\"0\" data-original-height=\"1156\" data-original-width=\"2048\" height=\"226\" src=\"https:\/\/agora.xtec.cat\/col-alfageme-barcelona\/wp-content\/uploads\/usu2634\/2021\/06\/IMG_20210611_091155-300x169.jpg\" width=\"400\" \/><\/a><\/div>\n<p><\/span><span style=\"font-family: arial;\">ALEMANYA<\/span><\/div>\n<div style=\"text-align: center;\"><span style=\"font-family: arial;\"><br \/><\/span><\/div>\n<div style=\"text-align: center;\">\n<div style=\"clear: both; text-align: center;\"><a href=\"https:\/\/agora.xtec.cat\/col-alfageme-barcelona\/wp-content\/uploads\/usu2634\/2021\/06\/IMG_20210614_091852.jpg\" style=\"margin-left: 1em; margin-right: 1em;\"><img loading=\"lazy\" decoding=\"async\" border=\"0\" data-original-height=\"1156\" data-original-width=\"2048\" height=\"226\" src=\"https:\/\/agora.xtec.cat\/col-alfageme-barcelona\/wp-content\/uploads\/usu2634\/2021\/06\/IMG_20210614_091852-300x169.jpg\" width=\"400\" \/><\/a><\/div>\n<\/div>\n<div style=\"text-align: center;\"><span style=\"font-family: arial;\"><br \/><\/span><\/div>\n<div style=\"text-align: center;\">\n<div style=\"clear: both; text-align: center;\"><a href=\"https:\/\/agora.xtec.cat\/col-alfageme-barcelona\/wp-content\/uploads\/usu2634\/2021\/06\/IMG_20210614_091902.jpg\" style=\"margin-left: 1em; margin-right: 1em;\"><img loading=\"lazy\" decoding=\"async\" border=\"0\" data-original-height=\"1156\" data-original-width=\"2048\" height=\"226\" src=\"https:\/\/agora.xtec.cat\/col-alfageme-barcelona\/wp-content\/uploads\/usu2634\/2021\/06\/IMG_20210614_091902-300x169.jpg\" width=\"400\" \/><\/a><\/div>\n<p><\/p>\n<div style=\"clear: both; text-align: center;\"><a href=\"https:\/\/agora.xtec.cat\/col-alfageme-barcelona\/wp-content\/uploads\/usu2634\/2021\/06\/IMG_20210614_092022.jpg\" style=\"margin-left: 1em; margin-right: 1em;\"><img loading=\"lazy\" decoding=\"async\" border=\"0\" data-original-height=\"1156\" data-original-width=\"2048\" height=\"226\" src=\"https:\/\/agora.xtec.cat\/col-alfageme-barcelona\/wp-content\/uploads\/usu2634\/2021\/06\/IMG_20210614_092022-300x169.jpg\" width=\"400\" \/><\/a><\/div>\n<p><span style=\"font-family: arial;\">FRAN\u00c7A<\/span><\/div>\n<div style=\"text-align: center;\"><span style=\"font-family: arial;\"><br \/><\/span><\/div>\n<div style=\"text-align: center;\">\n<div style=\"clear: both; text-align: center;\"><a href=\"https:\/\/agora.xtec.cat\/col-alfageme-barcelona\/wp-content\/uploads\/usu2634\/2021\/06\/IMG_20210614_130107.jpg\" style=\"margin-left: 1em; margin-right: 1em;\"><img loading=\"lazy\" decoding=\"async\" border=\"0\" data-original-height=\"1536\" data-original-width=\"2048\" height=\"300\" src=\"https:\/\/agora.xtec.cat\/col-alfageme-barcelona\/wp-content\/uploads\/usu2634\/2021\/06\/IMG_20210614_130107-300x225.jpg\" width=\"400\" \/><\/a><\/div>\n<\/div>\n<div style=\"text-align: center;\"><span style=\"font-family: arial;\"><br \/><\/span><\/div>\n<div style=\"text-align: center;\">\n<div style=\"clear: both; text-align: center;\"><a href=\"https:\/\/agora.xtec.cat\/col-alfageme-barcelona\/wp-content\/uploads\/usu2634\/2021\/06\/IMG_20210614_130052.jpg\" style=\"margin-left: 1em; margin-right: 1em;\"><img loading=\"lazy\" decoding=\"async\" border=\"0\" data-original-height=\"1410\" data-original-width=\"2048\" height=\"275\" src=\"https:\/\/agora.xtec.cat\/col-alfageme-barcelona\/wp-content\/uploads\/usu2634\/2021\/06\/IMG_20210614_130052-300x207.jpg\" width=\"400\" \/><\/a><\/div>\n<p><\/p>\n<div style=\"clear: both; text-align: center;\"><a href=\"https:\/\/agora.xtec.cat\/col-alfageme-barcelona\/wp-content\/uploads\/usu2634\/2021\/06\/IMG_20210614_130031.jpg\" style=\"margin-left: 1em; margin-right: 1em;\"><img loading=\"lazy\" decoding=\"async\" border=\"0\" data-original-height=\"2048\" data-original-width=\"2046\" height=\"400\" src=\"https:\/\/agora.xtec.cat\/col-alfageme-barcelona\/wp-content\/uploads\/usu2634\/2021\/06\/IMG_20210614_130031-300x300.jpg\" width=\"400\" \/><\/a><\/div>\n<\/div>\n<div style=\"text-align: center;\"><span style=\"font-family: arial;\"><br \/><\/span><\/div>\n<div style=\"text-align: center;\"><span style=\"font-family: arial;\">IT\u00c0LIA<\/span><\/div>\n<div style=\"text-align: center;\"><span style=\"font-family: arial;\"><br \/><\/span><\/div>\n<div style=\"text-align: center;\">\n<div style=\"clear: both; text-align: center;\"><a href=\"https:\/\/agora.xtec.cat\/col-alfageme-barcelona\/wp-content\/uploads\/usu2634\/2021\/06\/IMG_20210614_125945.jpg\" style=\"margin-left: 1em; margin-right: 1em;\"><img loading=\"lazy\" decoding=\"async\" border=\"0\" data-original-height=\"1536\" data-original-width=\"2048\" height=\"300\" src=\"https:\/\/agora.xtec.cat\/col-alfageme-barcelona\/wp-content\/uploads\/usu2634\/2021\/06\/IMG_20210614_125945-300x225.jpg\" width=\"400\" \/><\/a><\/div>\n<p><\/p>\n<div style=\"clear: both; text-align: center;\"><a href=\"https:\/\/agora.xtec.cat\/col-alfageme-barcelona\/wp-content\/uploads\/usu2634\/2021\/06\/IMG_20210614_125958.jpg\" style=\"margin-left: 1em; margin-right: 1em;\"><img loading=\"lazy\" decoding=\"async\" border=\"0\" data-original-height=\"1536\" data-original-width=\"2048\" height=\"300\" src=\"https:\/\/agora.xtec.cat\/col-alfageme-barcelona\/wp-content\/uploads\/usu2634\/2021\/06\/IMG_20210614_125958-300x225.jpg\" width=\"400\" \/><\/a><\/div>\n<p><span style=\"font-family: arial;\">LUXEMBURG<\/span><\/div>\n<div style=\"text-align: center;\"><span style=\"font-family: arial;\"><br \/><\/span><\/div>\n<div style=\"text-align: center;\">\n<div style=\"clear: both; text-align: center;\"><a href=\"https:\/\/agora.xtec.cat\/col-alfageme-barcelona\/wp-content\/uploads\/usu2634\/2021\/06\/IMG_20210614_125920.jpg\" style=\"margin-left: 1em; margin-right: 1em;\"><img loading=\"lazy\" decoding=\"async\" border=\"0\" data-original-height=\"2048\" data-original-width=\"2046\" height=\"400\" src=\"https:\/\/agora.xtec.cat\/col-alfageme-barcelona\/wp-content\/uploads\/usu2634\/2021\/06\/IMG_20210614_125920-300x300.jpg\" width=\"400\" \/><\/a><\/div>\n<p><span style=\"font-family: arial;\">Bona feina!&nbsp;<br \/><\/span><span style=\"font-family: arial;\"><br \/><\/span><\/div>\n<div>\n<\/div>\n","protected":false},"excerpt":{"rendered":"<p>&nbsp;L&#8217;alumnat de 6\u00e8 ha fet projectes sobre la Uni\u00f3 Europea aquest 3r trimestre. Aqu\u00ed podeu veure el proc\u00e9s des del principi fins al final.<br \/>\nLes primeres sessions van ser te\u00f2riques a l&#8217;aula, i es van deixar clars els aspectes principals de la UE: objectius, pa\u00efsos que&hellip;  <a href=\"https:\/\/agora.xtec.cat\/col-alfageme-barcelona\/general\/projecte-sobre-la-unio-europea-a-6e\/\" title=\"Read Projecte sobre la UNI\u00d3 EUROPEA a 6\u00e8.\">Llegeix m\u00e9s\u00bb<\/a><\/p>\n","protected":false},"author":3,"featured_media":1652,"comment_status":"closed","ping_status":"closed","sticky":false,"template":"","format":"standard","meta":{"_bbp_topic_count":0,"_bbp_reply_count":0,"_bbp_total_topic_count":0,"_bbp_total_reply_count":0,"_bbp_voice_count":0,"_bbp_anonymous_reply_count":0,"_bbp_topic_count_hidden":0,"_bbp_reply_count_hidden":0,"_bbp_forum_subforum_count":0,"footnotes":""},"categories":[60,1],"tags":[],"class_list":["post-647","post","type-post","status-publish","format-standard","has-post-thumbnail","hentry","category-educacio-primaria","category-general"],"post_mailing_queue_ids":[],"_links":{"self":[{"href":"https:\/\/agora.xtec.cat\/col-alfageme-barcelona\/wp-json\/wp\/v2\/posts\/647","targetHints":{"allow":["GET"]}}],"collection":[{"href":"https:\/\/agora.xtec.cat\/col-alfageme-barcelona\/wp-json\/wp\/v2\/posts"}],"about":[{"href":"https:\/\/agora.xtec.cat\/col-alfageme-barcelona\/wp-json\/wp\/v2\/types\/post"}],"author":[{"embeddable":true,"href":"https:\/\/agora.xtec.cat\/col-alfageme-barcelona\/wp-json\/wp\/v2\/users\/3"}],"replies":[{"embeddable":true,"href":"https:\/\/agora.xtec.cat\/col-alfageme-barcelona\/wp-json\/wp\/v2\/comments?post=647"}],"version-history":[{"count":2,"href":"https:\/\/agora.xtec.cat\/col-alfageme-barcelona\/wp-json\/wp\/v2\/posts\/647\/revisions"}],"predecessor-version":[{"id":2104,"href":"https:\/\/agora.xtec.cat\/col-alfageme-barcelona\/wp-json\/wp\/v2\/posts\/647\/revisions\/2104"}],"wp:featuredmedia":[{"embeddable":true,"href":"https:\/\/agora.xtec.cat\/col-alfageme-barcelona\/wp-json\/wp\/v2\/media\/1652"}],"wp:attachment":[{"href":"https:\/\/agora.xtec.cat\/col-alfageme-barcelona\/wp-json\/wp\/v2\/media?parent=647"}],"wp:term":[{"taxonomy":"category","embeddable":true,"href":"https:\/\/agora.xtec.cat\/col-alfageme-barcelona\/wp-json\/wp\/v2\/categories?post=647"},{"taxonomy":"post_tag","embeddable":true,"href":"https:\/\/agora.xtec.cat\/col-alfageme-barcelona\/wp-json\/wp\/v2\/tags?post=647"}],"curies":[{"name":"wp","href":"https:\/\/api.w.org\/{rel}","templated":true}]}}