{"id":6421,"date":"2022-11-23T20:56:09","date_gmt":"2022-11-23T19:56:09","guid":{"rendered":"https:\/\/agora.xtec.cat\/col-alfageme-barcelona\/?p=6421"},"modified":"2022-11-23T20:56:42","modified_gmt":"2022-11-23T19:56:42","slug":"reunio-es-amb-alumnes","status":"publish","type":"post","link":"https:\/\/agora.xtec.cat\/col-alfageme-barcelona\/general\/reunio-es-amb-alumnes\/","title":{"rendered":"Reuni\u00f3 E+S amb alumnes i mestres"},"content":{"rendered":"<p>Una representaci\u00f3 de nenes i nens de CM i CS s&#8217;han reunit avui, per primer cop, amb algunes mestres de l&#8217;escola per parlar de temes tan importants com el reciclatge, el programa APILO XII, la recollida de taps per a la Fundaci\u00f3 Catalana de Par\u00e0lisi Cerebral i el consum de fruita.<\/p>\n<p style=\"text-align: center;\"><a href=\"https:\/\/agora.xtec.cat\/col-alfageme-barcelona\/wp-content\/uploads\/usu2634\/2022\/11\/IMG_20221123_153428-2-scaled.jpg\"><img loading=\"lazy\" decoding=\"async\" class=\"alignnone size-large wp-image-6423\" src=\"https:\/\/agora.xtec.cat\/col-alfageme-barcelona\/wp-content\/uploads\/usu2634\/2022\/11\/IMG_20221123_153428-2-934x1024.jpg\" alt=\"\" width=\"934\" height=\"1024\" srcset=\"https:\/\/agora.xtec.cat\/col-alfageme-barcelona\/wp-content\/uploads\/usu2634\/2022\/11\/IMG_20221123_153428-2-934x1024.jpg 934w, https:\/\/agora.xtec.cat\/col-alfageme-barcelona\/wp-content\/uploads\/usu2634\/2022\/11\/IMG_20221123_153428-2-274x300.jpg 274w, https:\/\/agora.xtec.cat\/col-alfageme-barcelona\/wp-content\/uploads\/usu2634\/2022\/11\/IMG_20221123_153428-2-768x842.jpg 768w, https:\/\/agora.xtec.cat\/col-alfageme-barcelona\/wp-content\/uploads\/usu2634\/2022\/11\/IMG_20221123_153428-2-1401x1536.jpg 1401w, https:\/\/agora.xtec.cat\/col-alfageme-barcelona\/wp-content\/uploads\/usu2634\/2022\/11\/IMG_20221123_153428-2-1868x2048.jpg 1868w\" sizes=\"auto, (max-width: 934px) 100vw, 934px\" \/><\/a><\/p>\n<p style=\"text-align: center;\">Aquest grup d&#8217;alumnes i les mestres formen part de la comissi\u00f3 d&#8217;Escoles + Sostenibles d&#8217;aquest curs 2022-2023.<\/p>\n<p style=\"text-align: center;\">\u00a0<a href=\"https:\/\/agora.xtec.cat\/col-alfageme-barcelona\/wp-content\/uploads\/usu2634\/2022\/11\/IMG_20221123_154145-2-scaled.jpg\"><img loading=\"lazy\" decoding=\"async\" class=\"alignnone size-large wp-image-6425\" src=\"https:\/\/agora.xtec.cat\/col-alfageme-barcelona\/wp-content\/uploads\/usu2634\/2022\/11\/IMG_20221123_154145-2-1024x827.jpg\" alt=\"\" width=\"1024\" height=\"827\" srcset=\"https:\/\/agora.xtec.cat\/col-alfageme-barcelona\/wp-content\/uploads\/usu2634\/2022\/11\/IMG_20221123_154145-2-1024x827.jpg 1024w, https:\/\/agora.xtec.cat\/col-alfageme-barcelona\/wp-content\/uploads\/usu2634\/2022\/11\/IMG_20221123_154145-2-300x242.jpg 300w, https:\/\/agora.xtec.cat\/col-alfageme-barcelona\/wp-content\/uploads\/usu2634\/2022\/11\/IMG_20221123_154145-2-768x620.jpg 768w, https:\/\/agora.xtec.cat\/col-alfageme-barcelona\/wp-content\/uploads\/usu2634\/2022\/11\/IMG_20221123_154145-2-1536x1241.jpg 1536w, https:\/\/agora.xtec.cat\/col-alfageme-barcelona\/wp-content\/uploads\/usu2634\/2022\/11\/IMG_20221123_154145-2-2048x1655.jpg 2048w\" sizes=\"auto, (max-width: 1024px) 100vw, 1024px\" \/><\/a><\/p>\n<p style=\"text-align: center;\"><strong>La Nerea i el Guillermo, representants de 3r de Prim\u00e0ria.<\/strong><\/p>\n<p style=\"text-align: center;\"><a href=\"https:\/\/agora.xtec.cat\/col-alfageme-barcelona\/wp-content\/uploads\/usu2634\/2022\/11\/IMG_20221123_154124-2-scaled.jpg\"><img loading=\"lazy\" decoding=\"async\" class=\"alignnone size-large wp-image-6426\" src=\"https:\/\/agora.xtec.cat\/col-alfageme-barcelona\/wp-content\/uploads\/usu2634\/2022\/11\/IMG_20221123_154124-2-1024x858.jpg\" alt=\"\" width=\"1024\" height=\"858\" srcset=\"https:\/\/agora.xtec.cat\/col-alfageme-barcelona\/wp-content\/uploads\/usu2634\/2022\/11\/IMG_20221123_154124-2-1024x858.jpg 1024w, https:\/\/agora.xtec.cat\/col-alfageme-barcelona\/wp-content\/uploads\/usu2634\/2022\/11\/IMG_20221123_154124-2-300x250.jpg 300w, https:\/\/agora.xtec.cat\/col-alfageme-barcelona\/wp-content\/uploads\/usu2634\/2022\/11\/IMG_20221123_154124-2-768x643.jpg 768w, https:\/\/agora.xtec.cat\/col-alfageme-barcelona\/wp-content\/uploads\/usu2634\/2022\/11\/IMG_20221123_154124-2-1536x1287.jpg 1536w, https:\/\/agora.xtec.cat\/col-alfageme-barcelona\/wp-content\/uploads\/usu2634\/2022\/11\/IMG_20221123_154124-2-2048x1715.jpg 2048w\" sizes=\"auto, (max-width: 1024px) 100vw, 1024px\" \/><\/a><\/p>\n<p style=\"text-align: center;\"><strong>La Laia i el Felipe, representants de 4t de Prim\u00e0ria.<\/strong><\/p>\n<p style=\"text-align: center;\"><a href=\"https:\/\/agora.xtec.cat\/col-alfageme-barcelona\/wp-content\/uploads\/usu2634\/2022\/11\/IMG_20221123_154204-2-scaled.jpg\"><img loading=\"lazy\" decoding=\"async\" class=\"alignnone size-large wp-image-6422\" src=\"https:\/\/agora.xtec.cat\/col-alfageme-barcelona\/wp-content\/uploads\/usu2634\/2022\/11\/IMG_20221123_154204-2-1024x834.jpg\" alt=\"\" width=\"1024\" height=\"834\" srcset=\"https:\/\/agora.xtec.cat\/col-alfageme-barcelona\/wp-content\/uploads\/usu2634\/2022\/11\/IMG_20221123_154204-2-1024x834.jpg 1024w, https:\/\/agora.xtec.cat\/col-alfageme-barcelona\/wp-content\/uploads\/usu2634\/2022\/11\/IMG_20221123_154204-2-300x244.jpg 300w, https:\/\/agora.xtec.cat\/col-alfageme-barcelona\/wp-content\/uploads\/usu2634\/2022\/11\/IMG_20221123_154204-2-768x626.jpg 768w, https:\/\/agora.xtec.cat\/col-alfageme-barcelona\/wp-content\/uploads\/usu2634\/2022\/11\/IMG_20221123_154204-2-1536x1252.jpg 1536w, https:\/\/agora.xtec.cat\/col-alfageme-barcelona\/wp-content\/uploads\/usu2634\/2022\/11\/IMG_20221123_154204-2-2048x1669.jpg 2048w\" sizes=\"auto, (max-width: 1024px) 100vw, 1024px\" \/><\/a><\/p>\n<p style=\"text-align: center;\"><strong>La Maria i el Max, representants de 5\u00e8 de Prim\u00e0ria.<\/strong><\/p>\n<p style=\"text-align: center;\"><a href=\"https:\/\/agora.xtec.cat\/col-alfageme-barcelona\/wp-content\/uploads\/usu2634\/2022\/11\/IMG_20221123_154222-2-scaled.jpg\"><img loading=\"lazy\" decoding=\"async\" class=\"alignnone size-large wp-image-6424\" src=\"https:\/\/agora.xtec.cat\/col-alfageme-barcelona\/wp-content\/uploads\/usu2634\/2022\/11\/IMG_20221123_154222-2-979x1024.jpg\" alt=\"\" width=\"979\" height=\"1024\" srcset=\"https:\/\/agora.xtec.cat\/col-alfageme-barcelona\/wp-content\/uploads\/usu2634\/2022\/11\/IMG_20221123_154222-2-979x1024.jpg 979w, https:\/\/agora.xtec.cat\/col-alfageme-barcelona\/wp-content\/uploads\/usu2634\/2022\/11\/IMG_20221123_154222-2-287x300.jpg 287w, https:\/\/agora.xtec.cat\/col-alfageme-barcelona\/wp-content\/uploads\/usu2634\/2022\/11\/IMG_20221123_154222-2-768x803.jpg 768w, https:\/\/agora.xtec.cat\/col-alfageme-barcelona\/wp-content\/uploads\/usu2634\/2022\/11\/IMG_20221123_154222-2-1469x1536.jpg 1469w, https:\/\/agora.xtec.cat\/col-alfageme-barcelona\/wp-content\/uploads\/usu2634\/2022\/11\/IMG_20221123_154222-2-1959x2048.jpg 1959w\" sizes=\"auto, (max-width: 979px) 100vw, 979px\" \/><\/a><\/p>\n<p style=\"text-align: center;\"><strong>La Daniela i l&#8217;Ander, representants de 6\u00e8 d&#8217;EP<\/strong><\/p>\n<p>A m\u00e9s dels temes esmentats al principi, tamb\u00e9 se&#8217;ls ha explicat una <strong>Marat\u00f3 per a l&#8217;emerg\u00e8ncia clim\u00e0tica<\/strong> que farem durant el 2n trimestre. Elles i ells tamb\u00e9 han pogut opinar i triar algunes tasques que duran a terme els propers dies.<\/p>\n<p>Tot plegat, ha estat una trobada molt maca, interessant i profitosa.<\/p>\n<p style=\"text-align: center;\">\n","protected":false},"excerpt":{"rendered":"<p>Una representaci\u00f3 de nenes i nens de CM i CS s&#8217;han reunit avui, per primer cop, amb algunes mestres de l&#8217;escola per parlar de temes tan importants com el reciclatge, el programa APILO XII, la recollida de taps per a la Fundaci\u00f3 Catalana de Par\u00e0lisi&hellip;  <a href=\"https:\/\/agora.xtec.cat\/col-alfageme-barcelona\/general\/reunio-es-amb-alumnes\/\" title=\"Read Reuni\u00f3 E+S amb alumnes i mestres\">Llegeix m\u00e9s\u00bb<\/a><\/p>\n","protected":false},"author":1,"featured_media":6423,"comment_status":"closed","ping_status":"closed","sticky":false,"template":"","format":"standard","meta":{"_bbp_topic_count":0,"_bbp_reply_count":0,"_bbp_total_topic_count":0,"_bbp_total_reply_count":0,"_bbp_voice_count":0,"_bbp_anonymous_reply_count":0,"_bbp_topic_count_hidden":0,"_bbp_reply_count_hidden":0,"_bbp_forum_subforum_count":0,"footnotes":""},"categories":[60,1],"tags":[],"class_list":["post-6421","post","type-post","status-publish","format-standard","has-post-thumbnail","hentry","category-educacio-primaria","category-general"],"post_mailing_queue_ids":[],"_links":{"self":[{"href":"https:\/\/agora.xtec.cat\/col-alfageme-barcelona\/wp-json\/wp\/v2\/posts\/6421","targetHints":{"allow":["GET"]}}],"collection":[{"href":"https:\/\/agora.xtec.cat\/col-alfageme-barcelona\/wp-json\/wp\/v2\/posts"}],"about":[{"href":"https:\/\/agora.xtec.cat\/col-alfageme-barcelona\/wp-json\/wp\/v2\/types\/post"}],"author":[{"embeddable":true,"href":"https:\/\/agora.xtec.cat\/col-alfageme-barcelona\/wp-json\/wp\/v2\/users\/1"}],"replies":[{"embeddable":true,"href":"https:\/\/agora.xtec.cat\/col-alfageme-barcelona\/wp-json\/wp\/v2\/comments?post=6421"}],"version-history":[{"count":3,"href":"https:\/\/agora.xtec.cat\/col-alfageme-barcelona\/wp-json\/wp\/v2\/posts\/6421\/revisions"}],"predecessor-version":[{"id":6429,"href":"https:\/\/agora.xtec.cat\/col-alfageme-barcelona\/wp-json\/wp\/v2\/posts\/6421\/revisions\/6429"}],"wp:featuredmedia":[{"embeddable":true,"href":"https:\/\/agora.xtec.cat\/col-alfageme-barcelona\/wp-json\/wp\/v2\/media\/6423"}],"wp:attachment":[{"href":"https:\/\/agora.xtec.cat\/col-alfageme-barcelona\/wp-json\/wp\/v2\/media?parent=6421"}],"wp:term":[{"taxonomy":"category","embeddable":true,"href":"https:\/\/agora.xtec.cat\/col-alfageme-barcelona\/wp-json\/wp\/v2\/categories?post=6421"},{"taxonomy":"post_tag","embeddable":true,"href":"https:\/\/agora.xtec.cat\/col-alfageme-barcelona\/wp-json\/wp\/v2\/tags?post=6421"}],"curies":[{"name":"wp","href":"https:\/\/api.w.org\/{rel}","templated":true}]}}