{"id":6099,"date":"2022-11-02T08:45:58","date_gmt":"2022-11-02T07:45:58","guid":{"rendered":"https:\/\/agora.xtec.cat\/col-alfageme-barcelona\/?p=6099"},"modified":"2022-11-02T17:26:27","modified_gmt":"2022-11-02T16:26:27","slug":"sortida-primaria-vilanova-i-la-geltru-i-sitges","status":"publish","type":"post","link":"https:\/\/agora.xtec.cat\/col-alfageme-barcelona\/general\/sortida-primaria-vilanova-i-la-geltru-i-sitges\/","title":{"rendered":"Sortida Prim\u00e0ria: Vilanova i la Geltr\u00fa i Sitges"},"content":{"rendered":"<p class=\"p1\"><span class=\"s1\">El dimecres<span class=\"Apple-converted-space\">\u00a0 <\/span>passat, els nens i les nenes de 1r, 2n, 3r i 4t de Prim\u00e0ria de la nostra escola vam<span class=\"Apple-converted-space\">\u00a0 <\/span>anar a visitar el Port<span class=\"Apple-converted-space\">\u00a0 <\/span>de Vilanova i la Geltr\u00fa a fer l\u2019activitat \u201cPassegem pel Port\u201d.<\/span><\/p>\n<p class=\"p1\"><span class=\"s1\">Els i les alumnes de 5\u00e8 i 6\u00e8 vam anar<span class=\"Apple-converted-space\">\u00a0<\/span>a fer l\u2019activitat \u201cLa vida marina\u201d a Sitges.<\/span><\/p>\n<p class=\"p1\"><span class=\"s1\">Despr\u00e9s de la visita, vam anar<span class=\"Apple-converted-space\">\u00a0 <\/span>als jardins Terramar de Sitges i all\u00e0 vam gaudir d\u2019un fant\u00e0stic dinar acompanyats per tots els companys\/es i mestres. <\/span><\/p>\n<p class=\"p1\"><span class=\"s1\">Ens ho vam<span class=\"Apple-converted-space\">\u00a0 <\/span>passar molt i molt b\u00e9!<\/span><\/p>\n<p class=\"p1\"><strong><span class=\"s1\">Cicle Inicial <\/span><\/strong><\/p>\n<p class=\"p1\"><span class=\"s1\">Durant la sortida, vam fer un recorregut pel port i per la llotja i vam poder observar i parlar de les diferents metodologies de pesca que es porten a terme segons el tipus de peix que es vol pescar.<\/span><\/p>\n<p class=\"p1\"><span class=\"s1\">Vam poder veure els vaixells i, fins i tot, els materials i xarxes que es fan servir.<\/span><\/p>\n<p class=\"p1\"><span class=\"s1\">Despr\u00e9s vam anar a la platja<span class=\"Apple-converted-space\">\u00a0 <\/span>a buscar petxines i vam\u00a0jugar una estona amb la sorra.<\/span><\/p>\n<p>Activitat: &#8220;Passegem pel Port de Vilanova i la Geltr\u00fa&#8221;<\/p>\n<p><strong>1r<\/strong><\/p>\n<p><a href=\"https:\/\/agora.xtec.cat\/col-alfageme-barcelona\/wp-content\/uploads\/usu2634\/2022\/10\/V1.jpg\"><img loading=\"lazy\" decoding=\"async\" class=\"alignnone size-full wp-image-6117\" src=\"https:\/\/agora.xtec.cat\/col-alfageme-barcelona\/wp-content\/uploads\/usu2634\/2022\/10\/V1.jpg\" alt=\"\" width=\"640\" height=\"480\" srcset=\"https:\/\/agora.xtec.cat\/col-alfageme-barcelona\/wp-content\/uploads\/usu2634\/2022\/10\/V1.jpg 640w, https:\/\/agora.xtec.cat\/col-alfageme-barcelona\/wp-content\/uploads\/usu2634\/2022\/10\/V1-300x225.jpg 300w, https:\/\/agora.xtec.cat\/col-alfageme-barcelona\/wp-content\/uploads\/usu2634\/2022\/10\/V1-200x150.jpg 200w\" sizes=\"auto, (max-width: 640px) 100vw, 640px\" \/><\/a> <a href=\"https:\/\/agora.xtec.cat\/col-alfageme-barcelona\/wp-content\/uploads\/usu2634\/2022\/10\/V2.jpg\"><img loading=\"lazy\" decoding=\"async\" class=\"alignnone size-large wp-image-6118\" src=\"https:\/\/agora.xtec.cat\/col-alfageme-barcelona\/wp-content\/uploads\/usu2634\/2022\/10\/V2.jpg\" alt=\"\" width=\"640\" height=\"480\" srcset=\"https:\/\/agora.xtec.cat\/col-alfageme-barcelona\/wp-content\/uploads\/usu2634\/2022\/10\/V2.jpg 640w, https:\/\/agora.xtec.cat\/col-alfageme-barcelona\/wp-content\/uploads\/usu2634\/2022\/10\/V2-300x225.jpg 300w, https:\/\/agora.xtec.cat\/col-alfageme-barcelona\/wp-content\/uploads\/usu2634\/2022\/10\/V2-200x150.jpg 200w\" sizes=\"auto, (max-width: 640px) 100vw, 640px\" \/><\/a> <a href=\"https:\/\/agora.xtec.cat\/col-alfageme-barcelona\/wp-content\/uploads\/usu2634\/2022\/10\/V3.jpg\"><img loading=\"lazy\" decoding=\"async\" class=\"alignnone size-large wp-image-6119\" src=\"https:\/\/agora.xtec.cat\/col-alfageme-barcelona\/wp-content\/uploads\/usu2634\/2022\/10\/V3.jpg\" alt=\"\" width=\"640\" height=\"480\" srcset=\"https:\/\/agora.xtec.cat\/col-alfageme-barcelona\/wp-content\/uploads\/usu2634\/2022\/10\/V3.jpg 640w, https:\/\/agora.xtec.cat\/col-alfageme-barcelona\/wp-content\/uploads\/usu2634\/2022\/10\/V3-300x225.jpg 300w, https:\/\/agora.xtec.cat\/col-alfageme-barcelona\/wp-content\/uploads\/usu2634\/2022\/10\/V3-200x150.jpg 200w\" sizes=\"auto, (max-width: 640px) 100vw, 640px\" \/><\/a> <a href=\"https:\/\/agora.xtec.cat\/col-alfageme-barcelona\/wp-content\/uploads\/usu2634\/2022\/10\/V4.jpg\"><img loading=\"lazy\" decoding=\"async\" class=\"alignnone size-large wp-image-6120\" src=\"https:\/\/agora.xtec.cat\/col-alfageme-barcelona\/wp-content\/uploads\/usu2634\/2022\/10\/V4.jpg\" alt=\"\" width=\"640\" height=\"480\" srcset=\"https:\/\/agora.xtec.cat\/col-alfageme-barcelona\/wp-content\/uploads\/usu2634\/2022\/10\/V4.jpg 640w, https:\/\/agora.xtec.cat\/col-alfageme-barcelona\/wp-content\/uploads\/usu2634\/2022\/10\/V4-300x225.jpg 300w, https:\/\/agora.xtec.cat\/col-alfageme-barcelona\/wp-content\/uploads\/usu2634\/2022\/10\/V4-200x150.jpg 200w\" sizes=\"auto, (max-width: 640px) 100vw, 640px\" \/><\/a> <a href=\"https:\/\/agora.xtec.cat\/col-alfageme-barcelona\/wp-content\/uploads\/usu2634\/2022\/10\/V5a-rotated.jpg\"><img loading=\"lazy\" decoding=\"async\" class=\"alignnone size-large wp-image-6121\" src=\"https:\/\/agora.xtec.cat\/col-alfageme-barcelona\/wp-content\/uploads\/usu2634\/2022\/10\/V5a-rotated.jpg\" alt=\"\" width=\"480\" height=\"640\" srcset=\"https:\/\/agora.xtec.cat\/col-alfageme-barcelona\/wp-content\/uploads\/usu2634\/2022\/10\/V5a-rotated.jpg 480w, https:\/\/agora.xtec.cat\/col-alfageme-barcelona\/wp-content\/uploads\/usu2634\/2022\/10\/V5a-225x300.jpg 225w\" sizes=\"auto, (max-width: 480px) 100vw, 480px\" \/><\/a> <a href=\"https:\/\/agora.xtec.cat\/col-alfageme-barcelona\/wp-content\/uploads\/usu2634\/2022\/10\/V5b.jpg\"><img loading=\"lazy\" decoding=\"async\" class=\"alignnone size-large wp-image-6122\" src=\"https:\/\/agora.xtec.cat\/col-alfageme-barcelona\/wp-content\/uploads\/usu2634\/2022\/10\/V5b.jpg\" alt=\"\" width=\"640\" height=\"480\" srcset=\"https:\/\/agora.xtec.cat\/col-alfageme-barcelona\/wp-content\/uploads\/usu2634\/2022\/10\/V5b.jpg 640w, https:\/\/agora.xtec.cat\/col-alfageme-barcelona\/wp-content\/uploads\/usu2634\/2022\/10\/V5b-300x225.jpg 300w, https:\/\/agora.xtec.cat\/col-alfageme-barcelona\/wp-content\/uploads\/usu2634\/2022\/10\/V5b-200x150.jpg 200w\" sizes=\"auto, (max-width: 640px) 100vw, 640px\" \/><\/a><\/p>\n<p><a href=\"https:\/\/agora.xtec.cat\/col-alfageme-barcelona\/wp-content\/uploads\/usu2634\/2022\/10\/V7.jpg\"><img loading=\"lazy\" decoding=\"async\" class=\"alignnone size-large wp-image-6126\" src=\"https:\/\/agora.xtec.cat\/col-alfageme-barcelona\/wp-content\/uploads\/usu2634\/2022\/10\/V7-1024x1024.jpg\" alt=\"\" width=\"1024\" height=\"1024\" srcset=\"https:\/\/agora.xtec.cat\/col-alfageme-barcelona\/wp-content\/uploads\/usu2634\/2022\/10\/V7-1024x1024.jpg 1024w, https:\/\/agora.xtec.cat\/col-alfageme-barcelona\/wp-content\/uploads\/usu2634\/2022\/10\/V7-300x300.jpg 300w, https:\/\/agora.xtec.cat\/col-alfageme-barcelona\/wp-content\/uploads\/usu2634\/2022\/10\/V7-150x150.jpg 150w, https:\/\/agora.xtec.cat\/col-alfageme-barcelona\/wp-content\/uploads\/usu2634\/2022\/10\/V7-768x768.jpg 768w, https:\/\/agora.xtec.cat\/col-alfageme-barcelona\/wp-content\/uploads\/usu2634\/2022\/10\/V7-1536x1536.jpg 1536w, https:\/\/agora.xtec.cat\/col-alfageme-barcelona\/wp-content\/uploads\/usu2634\/2022\/10\/V7.jpg 1800w\" sizes=\"auto, (max-width: 1024px) 100vw, 1024px\" \/><\/a><\/p>\n<p><a href=\"https:\/\/agora.xtec.cat\/col-alfageme-barcelona\/wp-content\/uploads\/usu2634\/2022\/10\/V6.jpg\"><img loading=\"lazy\" decoding=\"async\" class=\"alignnone size-large wp-image-6123\" src=\"https:\/\/agora.xtec.cat\/col-alfageme-barcelona\/wp-content\/uploads\/usu2634\/2022\/10\/V6.jpg\" alt=\"\" width=\"640\" height=\"480\" srcset=\"https:\/\/agora.xtec.cat\/col-alfageme-barcelona\/wp-content\/uploads\/usu2634\/2022\/10\/V6.jpg 640w, https:\/\/agora.xtec.cat\/col-alfageme-barcelona\/wp-content\/uploads\/usu2634\/2022\/10\/V6-300x225.jpg 300w, https:\/\/agora.xtec.cat\/col-alfageme-barcelona\/wp-content\/uploads\/usu2634\/2022\/10\/V6-200x150.jpg 200w\" sizes=\"auto, (max-width: 640px) 100vw, 640px\" \/><\/a> <a href=\"https:\/\/agora.xtec.cat\/col-alfageme-barcelona\/wp-content\/uploads\/usu2634\/2022\/10\/V8.jpg\"><img loading=\"lazy\" decoding=\"async\" class=\"alignnone size-full wp-image-6124\" src=\"https:\/\/agora.xtec.cat\/col-alfageme-barcelona\/wp-content\/uploads\/usu2634\/2022\/10\/V8.jpg\" alt=\"\" width=\"640\" height=\"480\" srcset=\"https:\/\/agora.xtec.cat\/col-alfageme-barcelona\/wp-content\/uploads\/usu2634\/2022\/10\/V8.jpg 640w, https:\/\/agora.xtec.cat\/col-alfageme-barcelona\/wp-content\/uploads\/usu2634\/2022\/10\/V8-300x225.jpg 300w, https:\/\/agora.xtec.cat\/col-alfageme-barcelona\/wp-content\/uploads\/usu2634\/2022\/10\/V8-200x150.jpg 200w\" sizes=\"auto, (max-width: 640px) 100vw, 640px\" \/><\/a><\/p>\n<p><strong>2n<\/strong><\/p>\n<p><a href=\"https:\/\/agora.xtec.cat\/col-alfageme-barcelona\/wp-content\/uploads\/usu2634\/2022\/10\/IMG_5052.jpg\"><img loading=\"lazy\" decoding=\"async\" class=\"alignnone wp-image-6102\" src=\"https:\/\/agora.xtec.cat\/col-alfageme-barcelona\/wp-content\/uploads\/usu2634\/2022\/10\/IMG_5052-1024x768.jpg\" alt=\"\" width=\"630\" height=\"472\" srcset=\"https:\/\/agora.xtec.cat\/col-alfageme-barcelona\/wp-content\/uploads\/usu2634\/2022\/10\/IMG_5052-1024x768.jpg 1024w, https:\/\/agora.xtec.cat\/col-alfageme-barcelona\/wp-content\/uploads\/usu2634\/2022\/10\/IMG_5052-300x225.jpg 300w, https:\/\/agora.xtec.cat\/col-alfageme-barcelona\/wp-content\/uploads\/usu2634\/2022\/10\/IMG_5052-768x576.jpg 768w, https:\/\/agora.xtec.cat\/col-alfageme-barcelona\/wp-content\/uploads\/usu2634\/2022\/10\/IMG_5052-1536x1152.jpg 1536w, https:\/\/agora.xtec.cat\/col-alfageme-barcelona\/wp-content\/uploads\/usu2634\/2022\/10\/IMG_5052-200x150.jpg 200w, https:\/\/agora.xtec.cat\/col-alfageme-barcelona\/wp-content\/uploads\/usu2634\/2022\/10\/IMG_5052.jpg 2016w\" sizes=\"auto, (max-width: 630px) 100vw, 630px\" \/><\/a>\u00a0 \u00a0 \u00a0 \u00a0 \u00a0 <a href=\"https:\/\/agora.xtec.cat\/col-alfageme-barcelona\/wp-content\/uploads\/usu2634\/2022\/10\/IMG_5058.jpg\"><img loading=\"lazy\" decoding=\"async\" class=\"alignnone wp-image-6103\" src=\"https:\/\/agora.xtec.cat\/col-alfageme-barcelona\/wp-content\/uploads\/usu2634\/2022\/10\/IMG_5058-1024x768.jpg\" alt=\"\" width=\"640\" height=\"480\" srcset=\"https:\/\/agora.xtec.cat\/col-alfageme-barcelona\/wp-content\/uploads\/usu2634\/2022\/10\/IMG_5058-1024x768.jpg 1024w, https:\/\/agora.xtec.cat\/col-alfageme-barcelona\/wp-content\/uploads\/usu2634\/2022\/10\/IMG_5058-300x225.jpg 300w, https:\/\/agora.xtec.cat\/col-alfageme-barcelona\/wp-content\/uploads\/usu2634\/2022\/10\/IMG_5058-768x576.jpg 768w, https:\/\/agora.xtec.cat\/col-alfageme-barcelona\/wp-content\/uploads\/usu2634\/2022\/10\/IMG_5058-1536x1152.jpg 1536w, https:\/\/agora.xtec.cat\/col-alfageme-barcelona\/wp-content\/uploads\/usu2634\/2022\/10\/IMG_5058-200x150.jpg 200w, https:\/\/agora.xtec.cat\/col-alfageme-barcelona\/wp-content\/uploads\/usu2634\/2022\/10\/IMG_5058.jpg 2016w\" sizes=\"auto, (max-width: 640px) 100vw, 640px\" \/>\u00a0\u00a0<\/a><\/p>\n<p><a href=\"https:\/\/agora.xtec.cat\/col-alfageme-barcelona\/wp-content\/uploads\/usu2634\/2022\/10\/IMG_5064.jpg\"><img loading=\"lazy\" decoding=\"async\" class=\"wp-image-6105 alignleft\" src=\"https:\/\/agora.xtec.cat\/col-alfageme-barcelona\/wp-content\/uploads\/usu2634\/2022\/10\/IMG_5064-1024x768.jpg\" alt=\"\" width=\"640\" height=\"480\" srcset=\"https:\/\/agora.xtec.cat\/col-alfageme-barcelona\/wp-content\/uploads\/usu2634\/2022\/10\/IMG_5064-1024x768.jpg 1024w, https:\/\/agora.xtec.cat\/col-alfageme-barcelona\/wp-content\/uploads\/usu2634\/2022\/10\/IMG_5064-300x225.jpg 300w, https:\/\/agora.xtec.cat\/col-alfageme-barcelona\/wp-content\/uploads\/usu2634\/2022\/10\/IMG_5064-768x576.jpg 768w, https:\/\/agora.xtec.cat\/col-alfageme-barcelona\/wp-content\/uploads\/usu2634\/2022\/10\/IMG_5064-1536x1152.jpg 1536w, https:\/\/agora.xtec.cat\/col-alfageme-barcelona\/wp-content\/uploads\/usu2634\/2022\/10\/IMG_5064-200x150.jpg 200w, https:\/\/agora.xtec.cat\/col-alfageme-barcelona\/wp-content\/uploads\/usu2634\/2022\/10\/IMG_5064.jpg 2016w\" sizes=\"auto, (max-width: 640px) 100vw, 640px\" \/><\/a> \u00a0 \u00a0 \u00a0 \u00a0<a href=\"https:\/\/agora.xtec.cat\/col-alfageme-barcelona\/wp-content\/uploads\/usu2634\/2022\/10\/IMG_5060.jpg\"><img loading=\"lazy\" decoding=\"async\" class=\"wp-image-6104 alignleft\" src=\"https:\/\/agora.xtec.cat\/col-alfageme-barcelona\/wp-content\/uploads\/usu2634\/2022\/10\/IMG_5060-1024x768.jpg\" alt=\"\" width=\"642\" height=\"482\" srcset=\"https:\/\/agora.xtec.cat\/col-alfageme-barcelona\/wp-content\/uploads\/usu2634\/2022\/10\/IMG_5060-1024x768.jpg 1024w, https:\/\/agora.xtec.cat\/col-alfageme-barcelona\/wp-content\/uploads\/usu2634\/2022\/10\/IMG_5060-300x225.jpg 300w, https:\/\/agora.xtec.cat\/col-alfageme-barcelona\/wp-content\/uploads\/usu2634\/2022\/10\/IMG_5060-768x576.jpg 768w, https:\/\/agora.xtec.cat\/col-alfageme-barcelona\/wp-content\/uploads\/usu2634\/2022\/10\/IMG_5060-1536x1152.jpg 1536w, https:\/\/agora.xtec.cat\/col-alfageme-barcelona\/wp-content\/uploads\/usu2634\/2022\/10\/IMG_5060-200x150.jpg 200w, https:\/\/agora.xtec.cat\/col-alfageme-barcelona\/wp-content\/uploads\/usu2634\/2022\/10\/IMG_5060.jpg 2016w\" sizes=\"auto, (max-width: 642px) 100vw, 642px\" \/> \u00a0\u00a0\u00a0\u00a0\u00a0\u00a0\u00a0\u00a0\u00a0\u00a0\u00a0\u00a0\u00a0\u00a0\u00a0\u00a0\u00a0<\/a><\/p>\n<p><a href=\"https:\/\/agora.xtec.cat\/col-alfageme-barcelona\/wp-content\/uploads\/usu2634\/2022\/10\/IMG_5065.jpg\"><img loading=\"lazy\" decoding=\"async\" class=\"size-large wp-image-6108 aligncenter\" src=\"https:\/\/agora.xtec.cat\/col-alfageme-barcelona\/wp-content\/uploads\/usu2634\/2022\/10\/IMG_5065-1024x836.jpg\" alt=\"\" width=\"1024\" height=\"836\" srcset=\"https:\/\/agora.xtec.cat\/col-alfageme-barcelona\/wp-content\/uploads\/usu2634\/2022\/10\/IMG_5065-1024x836.jpg 1024w, https:\/\/agora.xtec.cat\/col-alfageme-barcelona\/wp-content\/uploads\/usu2634\/2022\/10\/IMG_5065-300x245.jpg 300w, https:\/\/agora.xtec.cat\/col-alfageme-barcelona\/wp-content\/uploads\/usu2634\/2022\/10\/IMG_5065-768x627.jpg 768w, https:\/\/agora.xtec.cat\/col-alfageme-barcelona\/wp-content\/uploads\/usu2634\/2022\/10\/IMG_5065.jpg 1511w\" sizes=\"auto, (max-width: 1024px) 100vw, 1024px\" \/><\/a><\/p>\n<p><a href=\"https:\/\/agora.xtec.cat\/col-alfageme-barcelona\/wp-content\/uploads\/usu2634\/2022\/10\/IMG_5067.jpg\"><img loading=\"lazy\" decoding=\"async\" class=\"size-large wp-image-6109 aligncenter\" src=\"https:\/\/agora.xtec.cat\/col-alfageme-barcelona\/wp-content\/uploads\/usu2634\/2022\/10\/IMG_5067-1024x768.jpg\" alt=\"\" width=\"1024\" height=\"768\" srcset=\"https:\/\/agora.xtec.cat\/col-alfageme-barcelona\/wp-content\/uploads\/usu2634\/2022\/10\/IMG_5067-1024x768.jpg 1024w, https:\/\/agora.xtec.cat\/col-alfageme-barcelona\/wp-content\/uploads\/usu2634\/2022\/10\/IMG_5067-300x225.jpg 300w, https:\/\/agora.xtec.cat\/col-alfageme-barcelona\/wp-content\/uploads\/usu2634\/2022\/10\/IMG_5067-768x576.jpg 768w, https:\/\/agora.xtec.cat\/col-alfageme-barcelona\/wp-content\/uploads\/usu2634\/2022\/10\/IMG_5067-1536x1152.jpg 1536w, https:\/\/agora.xtec.cat\/col-alfageme-barcelona\/wp-content\/uploads\/usu2634\/2022\/10\/IMG_5067-200x150.jpg 200w, https:\/\/agora.xtec.cat\/col-alfageme-barcelona\/wp-content\/uploads\/usu2634\/2022\/10\/IMG_5067.jpg 2016w\" sizes=\"auto, (max-width: 1024px) 100vw, 1024px\" \/><\/a><\/p>\n<p><a href=\"https:\/\/agora.xtec.cat\/col-alfageme-barcelona\/wp-content\/uploads\/usu2634\/2022\/10\/IMG_5078.jpg\"><img loading=\"lazy\" decoding=\"async\" class=\"size-large wp-image-6110 aligncenter\" src=\"https:\/\/agora.xtec.cat\/col-alfageme-barcelona\/wp-content\/uploads\/usu2634\/2022\/10\/IMG_5078-1024x768.jpg\" alt=\"\" width=\"1024\" height=\"768\" srcset=\"https:\/\/agora.xtec.cat\/col-alfageme-barcelona\/wp-content\/uploads\/usu2634\/2022\/10\/IMG_5078-1024x768.jpg 1024w, https:\/\/agora.xtec.cat\/col-alfageme-barcelona\/wp-content\/uploads\/usu2634\/2022\/10\/IMG_5078-300x225.jpg 300w, https:\/\/agora.xtec.cat\/col-alfageme-barcelona\/wp-content\/uploads\/usu2634\/2022\/10\/IMG_5078-768x576.jpg 768w, https:\/\/agora.xtec.cat\/col-alfageme-barcelona\/wp-content\/uploads\/usu2634\/2022\/10\/IMG_5078-1536x1152.jpg 1536w, https:\/\/agora.xtec.cat\/col-alfageme-barcelona\/wp-content\/uploads\/usu2634\/2022\/10\/IMG_5078-200x150.jpg 200w, https:\/\/agora.xtec.cat\/col-alfageme-barcelona\/wp-content\/uploads\/usu2634\/2022\/10\/IMG_5078.jpg 2016w\" sizes=\"auto, (max-width: 1024px) 100vw, 1024px\" \/><\/a><\/p>\n<p><strong>Cicle Mitj\u00e0<\/strong><\/p>\n<p><strong>3r<\/strong><\/p>\n<p>A la sortida vam aprendre molt amb en Ricard, un guia excepcional i molt expert en el camp de la pesca. Despr\u00e9s, vam con\u00e8ixer a alguns pescadors que ens van explicar petits detalls que ens van deixar bocabadats. Finalment, vam gaudir de la platja buscant petxines, i del Parc de Terramar de Sitges on vam acabar un dia genial:)<\/p>\n<p><a href=\"https:\/\/agora.xtec.cat\/col-alfageme-barcelona\/wp-content\/uploads\/usu2634\/2022\/10\/IMG_20221026_112326.jpg\"><img loading=\"lazy\" decoding=\"async\" class=\"alignnone size-large wp-image-6164\" src=\"https:\/\/agora.xtec.cat\/col-alfageme-barcelona\/wp-content\/uploads\/usu2634\/2022\/10\/IMG_20221026_112326-1024x768.jpg\" alt=\"\" width=\"1024\" height=\"768\" srcset=\"https:\/\/agora.xtec.cat\/col-alfageme-barcelona\/wp-content\/uploads\/usu2634\/2022\/10\/IMG_20221026_112326-1024x768.jpg 1024w, https:\/\/agora.xtec.cat\/col-alfageme-barcelona\/wp-content\/uploads\/usu2634\/2022\/10\/IMG_20221026_112326-300x225.jpg 300w, https:\/\/agora.xtec.cat\/col-alfageme-barcelona\/wp-content\/uploads\/usu2634\/2022\/10\/IMG_20221026_112326-768x576.jpg 768w, https:\/\/agora.xtec.cat\/col-alfageme-barcelona\/wp-content\/uploads\/usu2634\/2022\/10\/IMG_20221026_112326-1536x1152.jpg 1536w, https:\/\/agora.xtec.cat\/col-alfageme-barcelona\/wp-content\/uploads\/usu2634\/2022\/10\/IMG_20221026_112326-200x150.jpg 200w, https:\/\/agora.xtec.cat\/col-alfageme-barcelona\/wp-content\/uploads\/usu2634\/2022\/10\/IMG_20221026_112326.jpg 2000w\" sizes=\"auto, (max-width: 1024px) 100vw, 1024px\" \/><\/a> <a href=\"https:\/\/agora.xtec.cat\/col-alfageme-barcelona\/wp-content\/uploads\/usu2634\/2022\/10\/IMG_20221026_114946.jpg\"><img loading=\"lazy\" decoding=\"async\" class=\"alignnone size-large wp-image-6165\" src=\"https:\/\/agora.xtec.cat\/col-alfageme-barcelona\/wp-content\/uploads\/usu2634\/2022\/10\/IMG_20221026_114946-1024x768.jpg\" alt=\"\" width=\"1024\" height=\"768\" srcset=\"https:\/\/agora.xtec.cat\/col-alfageme-barcelona\/wp-content\/uploads\/usu2634\/2022\/10\/IMG_20221026_114946-1024x768.jpg 1024w, https:\/\/agora.xtec.cat\/col-alfageme-barcelona\/wp-content\/uploads\/usu2634\/2022\/10\/IMG_20221026_114946-300x225.jpg 300w, https:\/\/agora.xtec.cat\/col-alfageme-barcelona\/wp-content\/uploads\/usu2634\/2022\/10\/IMG_20221026_114946-768x576.jpg 768w, https:\/\/agora.xtec.cat\/col-alfageme-barcelona\/wp-content\/uploads\/usu2634\/2022\/10\/IMG_20221026_114946-1536x1152.jpg 1536w, https:\/\/agora.xtec.cat\/col-alfageme-barcelona\/wp-content\/uploads\/usu2634\/2022\/10\/IMG_20221026_114946-200x150.jpg 200w, https:\/\/agora.xtec.cat\/col-alfageme-barcelona\/wp-content\/uploads\/usu2634\/2022\/10\/IMG_20221026_114946.jpg 2000w\" sizes=\"auto, (max-width: 1024px) 100vw, 1024px\" \/><\/a> <a href=\"https:\/\/agora.xtec.cat\/col-alfageme-barcelona\/wp-content\/uploads\/usu2634\/2022\/10\/IMG_20221026_115505.jpg\"><img loading=\"lazy\" decoding=\"async\" class=\"alignnone size-large wp-image-6166\" src=\"https:\/\/agora.xtec.cat\/col-alfageme-barcelona\/wp-content\/uploads\/usu2634\/2022\/10\/IMG_20221026_115505-1024x768.jpg\" alt=\"\" width=\"1024\" height=\"768\" srcset=\"https:\/\/agora.xtec.cat\/col-alfageme-barcelona\/wp-content\/uploads\/usu2634\/2022\/10\/IMG_20221026_115505-1024x768.jpg 1024w, https:\/\/agora.xtec.cat\/col-alfageme-barcelona\/wp-content\/uploads\/usu2634\/2022\/10\/IMG_20221026_115505-300x225.jpg 300w, https:\/\/agora.xtec.cat\/col-alfageme-barcelona\/wp-content\/uploads\/usu2634\/2022\/10\/IMG_20221026_115505-768x576.jpg 768w, https:\/\/agora.xtec.cat\/col-alfageme-barcelona\/wp-content\/uploads\/usu2634\/2022\/10\/IMG_20221026_115505-1536x1152.jpg 1536w, https:\/\/agora.xtec.cat\/col-alfageme-barcelona\/wp-content\/uploads\/usu2634\/2022\/10\/IMG_20221026_115505-200x150.jpg 200w, https:\/\/agora.xtec.cat\/col-alfageme-barcelona\/wp-content\/uploads\/usu2634\/2022\/10\/IMG_20221026_115505.jpg 2000w\" sizes=\"auto, (max-width: 1024px) 100vw, 1024px\" \/><\/a> <a href=\"https:\/\/agora.xtec.cat\/col-alfageme-barcelona\/wp-content\/uploads\/usu2634\/2022\/10\/IMG_20221026_115736.jpg\"><img loading=\"lazy\" decoding=\"async\" class=\"alignnone size-large wp-image-6167\" src=\"https:\/\/agora.xtec.cat\/col-alfageme-barcelona\/wp-content\/uploads\/usu2634\/2022\/10\/IMG_20221026_115736-1024x768.jpg\" alt=\"\" width=\"1024\" height=\"768\" srcset=\"https:\/\/agora.xtec.cat\/col-alfageme-barcelona\/wp-content\/uploads\/usu2634\/2022\/10\/IMG_20221026_115736-1024x768.jpg 1024w, https:\/\/agora.xtec.cat\/col-alfageme-barcelona\/wp-content\/uploads\/usu2634\/2022\/10\/IMG_20221026_115736-300x225.jpg 300w, https:\/\/agora.xtec.cat\/col-alfageme-barcelona\/wp-content\/uploads\/usu2634\/2022\/10\/IMG_20221026_115736-768x576.jpg 768w, https:\/\/agora.xtec.cat\/col-alfageme-barcelona\/wp-content\/uploads\/usu2634\/2022\/10\/IMG_20221026_115736-1536x1152.jpg 1536w, https:\/\/agora.xtec.cat\/col-alfageme-barcelona\/wp-content\/uploads\/usu2634\/2022\/10\/IMG_20221026_115736-200x150.jpg 200w, https:\/\/agora.xtec.cat\/col-alfageme-barcelona\/wp-content\/uploads\/usu2634\/2022\/10\/IMG_20221026_115736.jpg 2000w\" sizes=\"auto, (max-width: 1024px) 100vw, 1024px\" \/><\/a> <a href=\"https:\/\/agora.xtec.cat\/col-alfageme-barcelona\/wp-content\/uploads\/usu2634\/2022\/10\/IMG_20221026_122024.jpg\"><img loading=\"lazy\" decoding=\"async\" class=\"alignnone size-large wp-image-6168\" src=\"https:\/\/agora.xtec.cat\/col-alfageme-barcelona\/wp-content\/uploads\/usu2634\/2022\/10\/IMG_20221026_122024-1024x768.jpg\" alt=\"\" width=\"1024\" height=\"768\" srcset=\"https:\/\/agora.xtec.cat\/col-alfageme-barcelona\/wp-content\/uploads\/usu2634\/2022\/10\/IMG_20221026_122024-1024x768.jpg 1024w, https:\/\/agora.xtec.cat\/col-alfageme-barcelona\/wp-content\/uploads\/usu2634\/2022\/10\/IMG_20221026_122024-300x225.jpg 300w, https:\/\/agora.xtec.cat\/col-alfageme-barcelona\/wp-content\/uploads\/usu2634\/2022\/10\/IMG_20221026_122024-768x576.jpg 768w, https:\/\/agora.xtec.cat\/col-alfageme-barcelona\/wp-content\/uploads\/usu2634\/2022\/10\/IMG_20221026_122024-1536x1152.jpg 1536w, https:\/\/agora.xtec.cat\/col-alfageme-barcelona\/wp-content\/uploads\/usu2634\/2022\/10\/IMG_20221026_122024-200x150.jpg 200w, https:\/\/agora.xtec.cat\/col-alfageme-barcelona\/wp-content\/uploads\/usu2634\/2022\/10\/IMG_20221026_122024.jpg 2000w\" sizes=\"auto, (max-width: 1024px) 100vw, 1024px\" \/><\/a> <a href=\"https:\/\/agora.xtec.cat\/col-alfageme-barcelona\/wp-content\/uploads\/usu2634\/2022\/10\/IMG_20221026_124122.jpg\"><img loading=\"lazy\" decoding=\"async\" class=\"alignnone size-large wp-image-6169\" src=\"https:\/\/agora.xtec.cat\/col-alfageme-barcelona\/wp-content\/uploads\/usu2634\/2022\/10\/IMG_20221026_124122-1024x768.jpg\" alt=\"\" width=\"1024\" height=\"768\" srcset=\"https:\/\/agora.xtec.cat\/col-alfageme-barcelona\/wp-content\/uploads\/usu2634\/2022\/10\/IMG_20221026_124122-1024x768.jpg 1024w, https:\/\/agora.xtec.cat\/col-alfageme-barcelona\/wp-content\/uploads\/usu2634\/2022\/10\/IMG_20221026_124122-300x225.jpg 300w, https:\/\/agora.xtec.cat\/col-alfageme-barcelona\/wp-content\/uploads\/usu2634\/2022\/10\/IMG_20221026_124122-768x576.jpg 768w, https:\/\/agora.xtec.cat\/col-alfageme-barcelona\/wp-content\/uploads\/usu2634\/2022\/10\/IMG_20221026_124122-1536x1152.jpg 1536w, https:\/\/agora.xtec.cat\/col-alfageme-barcelona\/wp-content\/uploads\/usu2634\/2022\/10\/IMG_20221026_124122-200x150.jpg 200w, https:\/\/agora.xtec.cat\/col-alfageme-barcelona\/wp-content\/uploads\/usu2634\/2022\/10\/IMG_20221026_124122.jpg 2000w\" sizes=\"auto, (max-width: 1024px) 100vw, 1024px\" \/><\/a> <a href=\"https:\/\/agora.xtec.cat\/col-alfageme-barcelona\/wp-content\/uploads\/usu2634\/2022\/10\/IMG_20221026_141358.jpg\"><img loading=\"lazy\" decoding=\"async\" class=\"alignnone size-large wp-image-6170\" src=\"https:\/\/agora.xtec.cat\/col-alfageme-barcelona\/wp-content\/uploads\/usu2634\/2022\/10\/IMG_20221026_141358-1024x768.jpg\" alt=\"\" width=\"1024\" height=\"768\" srcset=\"https:\/\/agora.xtec.cat\/col-alfageme-barcelona\/wp-content\/uploads\/usu2634\/2022\/10\/IMG_20221026_141358-1024x768.jpg 1024w, https:\/\/agora.xtec.cat\/col-alfageme-barcelona\/wp-content\/uploads\/usu2634\/2022\/10\/IMG_20221026_141358-300x225.jpg 300w, https:\/\/agora.xtec.cat\/col-alfageme-barcelona\/wp-content\/uploads\/usu2634\/2022\/10\/IMG_20221026_141358-768x576.jpg 768w, https:\/\/agora.xtec.cat\/col-alfageme-barcelona\/wp-content\/uploads\/usu2634\/2022\/10\/IMG_20221026_141358-1536x1152.jpg 1536w, https:\/\/agora.xtec.cat\/col-alfageme-barcelona\/wp-content\/uploads\/usu2634\/2022\/10\/IMG_20221026_141358-200x150.jpg 200w, https:\/\/agora.xtec.cat\/col-alfageme-barcelona\/wp-content\/uploads\/usu2634\/2022\/10\/IMG_20221026_141358.jpg 2000w\" sizes=\"auto, (max-width: 1024px) 100vw, 1024px\" \/><\/a> <a href=\"https:\/\/agora.xtec.cat\/col-alfageme-barcelona\/wp-content\/uploads\/usu2634\/2022\/10\/IMG_20221026_142842.jpg\"><img loading=\"lazy\" decoding=\"async\" class=\"alignnone size-large wp-image-6171\" src=\"https:\/\/agora.xtec.cat\/col-alfageme-barcelona\/wp-content\/uploads\/usu2634\/2022\/10\/IMG_20221026_142842-1024x768.jpg\" alt=\"\" width=\"1024\" height=\"768\" srcset=\"https:\/\/agora.xtec.cat\/col-alfageme-barcelona\/wp-content\/uploads\/usu2634\/2022\/10\/IMG_20221026_142842-1024x768.jpg 1024w, https:\/\/agora.xtec.cat\/col-alfageme-barcelona\/wp-content\/uploads\/usu2634\/2022\/10\/IMG_20221026_142842-300x225.jpg 300w, https:\/\/agora.xtec.cat\/col-alfageme-barcelona\/wp-content\/uploads\/usu2634\/2022\/10\/IMG_20221026_142842-768x576.jpg 768w, https:\/\/agora.xtec.cat\/col-alfageme-barcelona\/wp-content\/uploads\/usu2634\/2022\/10\/IMG_20221026_142842-1536x1152.jpg 1536w, https:\/\/agora.xtec.cat\/col-alfageme-barcelona\/wp-content\/uploads\/usu2634\/2022\/10\/IMG_20221026_142842-200x150.jpg 200w, https:\/\/agora.xtec.cat\/col-alfageme-barcelona\/wp-content\/uploads\/usu2634\/2022\/10\/IMG_20221026_142842.jpg 2000w\" sizes=\"auto, (max-width: 1024px) 100vw, 1024px\" \/><\/a><\/p>\n<p><strong>4t<\/strong><\/p>\n<p>Vam arribar a Vilanova i, despr\u00e9s d&#8217;esmorzar, ens va rebre en Ricard i ens va portar a passejar pel port. Ens va explicar el funcionament de les xarxes de pesca i de la Llotja.<\/p>\n<p><a href=\"https:\/\/agora.xtec.cat\/col-alfageme-barcelona\/wp-content\/uploads\/usu2634\/2022\/11\/WhatsApp-Image-2022-10-29-at-17.17.37.jpeg\"><img loading=\"lazy\" decoding=\"async\" class=\"alignnone size-large wp-image-6192\" src=\"https:\/\/agora.xtec.cat\/col-alfageme-barcelona\/wp-content\/uploads\/usu2634\/2022\/11\/WhatsApp-Image-2022-10-29-at-17.17.37-1024x1024.jpeg\" alt=\"\" width=\"1024\" height=\"1024\" srcset=\"https:\/\/agora.xtec.cat\/col-alfageme-barcelona\/wp-content\/uploads\/usu2634\/2022\/11\/WhatsApp-Image-2022-10-29-at-17.17.37-1024x1024.jpeg 1024w, https:\/\/agora.xtec.cat\/col-alfageme-barcelona\/wp-content\/uploads\/usu2634\/2022\/11\/WhatsApp-Image-2022-10-29-at-17.17.37-300x300.jpeg 300w, https:\/\/agora.xtec.cat\/col-alfageme-barcelona\/wp-content\/uploads\/usu2634\/2022\/11\/WhatsApp-Image-2022-10-29-at-17.17.37-150x150.jpeg 150w, https:\/\/agora.xtec.cat\/col-alfageme-barcelona\/wp-content\/uploads\/usu2634\/2022\/11\/WhatsApp-Image-2022-10-29-at-17.17.37-768x768.jpeg 768w, https:\/\/agora.xtec.cat\/col-alfageme-barcelona\/wp-content\/uploads\/usu2634\/2022\/11\/WhatsApp-Image-2022-10-29-at-17.17.37-1536x1536.jpeg 1536w, https:\/\/agora.xtec.cat\/col-alfageme-barcelona\/wp-content\/uploads\/usu2634\/2022\/11\/WhatsApp-Image-2022-10-29-at-17.17.37.jpeg 2048w\" sizes=\"auto, (max-width: 1024px) 100vw, 1024px\" \/><\/a><\/p>\n<p><a href=\"https:\/\/agora.xtec.cat\/col-alfageme-barcelona\/wp-content\/uploads\/usu2634\/2022\/11\/WhatsApp-Image-2022-10-29-at-17.17.38.jpeg\"><img loading=\"lazy\" decoding=\"async\" class=\"alignnone size-large wp-image-6194\" src=\"https:\/\/agora.xtec.cat\/col-alfageme-barcelona\/wp-content\/uploads\/usu2634\/2022\/11\/WhatsApp-Image-2022-10-29-at-17.17.38-1024x1024.jpeg\" alt=\"\" width=\"1024\" height=\"1024\" srcset=\"https:\/\/agora.xtec.cat\/col-alfageme-barcelona\/wp-content\/uploads\/usu2634\/2022\/11\/WhatsApp-Image-2022-10-29-at-17.17.38-1024x1024.jpeg 1024w, https:\/\/agora.xtec.cat\/col-alfageme-barcelona\/wp-content\/uploads\/usu2634\/2022\/11\/WhatsApp-Image-2022-10-29-at-17.17.38-300x300.jpeg 300w, https:\/\/agora.xtec.cat\/col-alfageme-barcelona\/wp-content\/uploads\/usu2634\/2022\/11\/WhatsApp-Image-2022-10-29-at-17.17.38-150x150.jpeg 150w, https:\/\/agora.xtec.cat\/col-alfageme-barcelona\/wp-content\/uploads\/usu2634\/2022\/11\/WhatsApp-Image-2022-10-29-at-17.17.38-768x768.jpeg 768w, https:\/\/agora.xtec.cat\/col-alfageme-barcelona\/wp-content\/uploads\/usu2634\/2022\/11\/WhatsApp-Image-2022-10-29-at-17.17.38-1536x1536.jpeg 1536w, https:\/\/agora.xtec.cat\/col-alfageme-barcelona\/wp-content\/uploads\/usu2634\/2022\/11\/WhatsApp-Image-2022-10-29-at-17.17.38.jpeg 2048w\" sizes=\"auto, (max-width: 1024px) 100vw, 1024px\" \/><\/a> <a href=\"https:\/\/agora.xtec.cat\/col-alfageme-barcelona\/wp-content\/uploads\/usu2634\/2022\/11\/WhatsApp-Image-2022-10-29-at-17.17.39-2.jpeg\"><img loading=\"lazy\" decoding=\"async\" class=\"alignnone size-large wp-image-6196\" src=\"https:\/\/agora.xtec.cat\/col-alfageme-barcelona\/wp-content\/uploads\/usu2634\/2022\/11\/WhatsApp-Image-2022-10-29-at-17.17.39-2-1024x1024.jpeg\" alt=\"\" width=\"1024\" height=\"1024\" srcset=\"https:\/\/agora.xtec.cat\/col-alfageme-barcelona\/wp-content\/uploads\/usu2634\/2022\/11\/WhatsApp-Image-2022-10-29-at-17.17.39-2-1024x1024.jpeg 1024w, https:\/\/agora.xtec.cat\/col-alfageme-barcelona\/wp-content\/uploads\/usu2634\/2022\/11\/WhatsApp-Image-2022-10-29-at-17.17.39-2-300x300.jpeg 300w, https:\/\/agora.xtec.cat\/col-alfageme-barcelona\/wp-content\/uploads\/usu2634\/2022\/11\/WhatsApp-Image-2022-10-29-at-17.17.39-2-150x150.jpeg 150w, https:\/\/agora.xtec.cat\/col-alfageme-barcelona\/wp-content\/uploads\/usu2634\/2022\/11\/WhatsApp-Image-2022-10-29-at-17.17.39-2-768x768.jpeg 768w, https:\/\/agora.xtec.cat\/col-alfageme-barcelona\/wp-content\/uploads\/usu2634\/2022\/11\/WhatsApp-Image-2022-10-29-at-17.17.39-2-1536x1536.jpeg 1536w, https:\/\/agora.xtec.cat\/col-alfageme-barcelona\/wp-content\/uploads\/usu2634\/2022\/11\/WhatsApp-Image-2022-10-29-at-17.17.39-2.jpeg 2048w\" sizes=\"auto, (max-width: 1024px) 100vw, 1024px\" \/><\/a><\/p>\n<p>Despr\u00e9s vam anar a la platja on vam fer castells, vam buscar petxines i pedres i ens vam mullar els peus.<\/p>\n<p><a href=\"https:\/\/agora.xtec.cat\/col-alfageme-barcelona\/wp-content\/uploads\/usu2634\/2022\/11\/WhatsApp-Image-2022-10-29-at-17.17.39.jpeg\"><img loading=\"lazy\" decoding=\"async\" class=\"alignnone size-large wp-image-6193\" src=\"https:\/\/agora.xtec.cat\/col-alfageme-barcelona\/wp-content\/uploads\/usu2634\/2022\/11\/WhatsApp-Image-2022-10-29-at-17.17.39-1024x1024.jpeg\" alt=\"\" width=\"1024\" height=\"1024\" srcset=\"https:\/\/agora.xtec.cat\/col-alfageme-barcelona\/wp-content\/uploads\/usu2634\/2022\/11\/WhatsApp-Image-2022-10-29-at-17.17.39-1024x1024.jpeg 1024w, https:\/\/agora.xtec.cat\/col-alfageme-barcelona\/wp-content\/uploads\/usu2634\/2022\/11\/WhatsApp-Image-2022-10-29-at-17.17.39-300x300.jpeg 300w, https:\/\/agora.xtec.cat\/col-alfageme-barcelona\/wp-content\/uploads\/usu2634\/2022\/11\/WhatsApp-Image-2022-10-29-at-17.17.39-150x150.jpeg 150w, https:\/\/agora.xtec.cat\/col-alfageme-barcelona\/wp-content\/uploads\/usu2634\/2022\/11\/WhatsApp-Image-2022-10-29-at-17.17.39-768x768.jpeg 768w, https:\/\/agora.xtec.cat\/col-alfageme-barcelona\/wp-content\/uploads\/usu2634\/2022\/11\/WhatsApp-Image-2022-10-29-at-17.17.39-1536x1536.jpeg 1536w, https:\/\/agora.xtec.cat\/col-alfageme-barcelona\/wp-content\/uploads\/usu2634\/2022\/11\/WhatsApp-Image-2022-10-29-at-17.17.39.jpeg 2048w\" sizes=\"auto, (max-width: 1024px) 100vw, 1024px\" \/><\/a> <a href=\"https:\/\/agora.xtec.cat\/col-alfageme-barcelona\/wp-content\/uploads\/usu2634\/2022\/11\/WhatsApp-Image-2022-10-29-at-17.17.39-1.jpeg\"><img loading=\"lazy\" decoding=\"async\" class=\"alignnone size-large wp-image-6195\" src=\"https:\/\/agora.xtec.cat\/col-alfageme-barcelona\/wp-content\/uploads\/usu2634\/2022\/11\/WhatsApp-Image-2022-10-29-at-17.17.39-1-1024x1024.jpeg\" alt=\"\" width=\"1024\" height=\"1024\" srcset=\"https:\/\/agora.xtec.cat\/col-alfageme-barcelona\/wp-content\/uploads\/usu2634\/2022\/11\/WhatsApp-Image-2022-10-29-at-17.17.39-1-1024x1024.jpeg 1024w, https:\/\/agora.xtec.cat\/col-alfageme-barcelona\/wp-content\/uploads\/usu2634\/2022\/11\/WhatsApp-Image-2022-10-29-at-17.17.39-1-300x300.jpeg 300w, https:\/\/agora.xtec.cat\/col-alfageme-barcelona\/wp-content\/uploads\/usu2634\/2022\/11\/WhatsApp-Image-2022-10-29-at-17.17.39-1-150x150.jpeg 150w, https:\/\/agora.xtec.cat\/col-alfageme-barcelona\/wp-content\/uploads\/usu2634\/2022\/11\/WhatsApp-Image-2022-10-29-at-17.17.39-1-768x768.jpeg 768w, https:\/\/agora.xtec.cat\/col-alfageme-barcelona\/wp-content\/uploads\/usu2634\/2022\/11\/WhatsApp-Image-2022-10-29-at-17.17.39-1-1536x1536.jpeg 1536w, https:\/\/agora.xtec.cat\/col-alfageme-barcelona\/wp-content\/uploads\/usu2634\/2022\/11\/WhatsApp-Image-2022-10-29-at-17.17.39-1.jpeg 2048w\" sizes=\"auto, (max-width: 1024px) 100vw, 1024px\" \/><\/a><\/p>\n<p>Finalment, vam anar al parc Terramar de Sitges on vam dinar i vam passar una estona genial.<\/p>\n<p><a href=\"https:\/\/agora.xtec.cat\/col-alfageme-barcelona\/wp-content\/uploads\/usu2634\/2022\/11\/parc.jpg\"><img loading=\"lazy\" decoding=\"async\" class=\"alignnone size-full wp-image-6198\" src=\"https:\/\/agora.xtec.cat\/col-alfageme-barcelona\/wp-content\/uploads\/usu2634\/2022\/11\/parc.jpg\" alt=\"\" width=\"699\" height=\"945\" srcset=\"https:\/\/agora.xtec.cat\/col-alfageme-barcelona\/wp-content\/uploads\/usu2634\/2022\/11\/parc.jpg 699w, https:\/\/agora.xtec.cat\/col-alfageme-barcelona\/wp-content\/uploads\/usu2634\/2022\/11\/parc-222x300.jpg 222w\" sizes=\"auto, (max-width: 699px) 100vw, 699px\" \/><\/a><\/p>\n<p><strong>Cicle Superior<\/strong><\/p>\n<p><strong>5\u00e8<\/strong><\/p>\n<p>Els i les alumnes de 5\u00e8 vam anar a Sitges on vam aprendre un munt de coses de la vida marina. Primer vam anar a la platja on vam buscar i recollir tota mena de restes animals i vegetals que el mar havia deixat per nosaltres.<\/p>\n<p><a href=\"https:\/\/agora.xtec.cat\/col-alfageme-barcelona\/wp-content\/uploads\/usu2634\/2022\/11\/1e860c73-ec1f-4f6d-bc29-da8607170e4b.jpg\"><img loading=\"lazy\" decoding=\"async\" class=\"alignnone wp-image-6208\" src=\"https:\/\/agora.xtec.cat\/col-alfageme-barcelona\/wp-content\/uploads\/usu2634\/2022\/11\/1e860c73-ec1f-4f6d-bc29-da8607170e4b.jpg\" alt=\"\" width=\"449\" height=\"342\" srcset=\"https:\/\/agora.xtec.cat\/col-alfageme-barcelona\/wp-content\/uploads\/usu2634\/2022\/11\/1e860c73-ec1f-4f6d-bc29-da8607170e4b.jpg 966w, https:\/\/agora.xtec.cat\/col-alfageme-barcelona\/wp-content\/uploads\/usu2634\/2022\/11\/1e860c73-ec1f-4f6d-bc29-da8607170e4b-300x229.jpg 300w, https:\/\/agora.xtec.cat\/col-alfageme-barcelona\/wp-content\/uploads\/usu2634\/2022\/11\/1e860c73-ec1f-4f6d-bc29-da8607170e4b-768x585.jpg 768w\" sizes=\"auto, (max-width: 449px) 100vw, 449px\" \/><\/a> <a href=\"https:\/\/agora.xtec.cat\/col-alfageme-barcelona\/wp-content\/uploads\/usu2634\/2022\/11\/7b7fea8d-c589-41f2-9aa2-893ec390770b.jpg\"><img loading=\"lazy\" decoding=\"async\" class=\"alignnone wp-image-6209\" src=\"https:\/\/agora.xtec.cat\/col-alfageme-barcelona\/wp-content\/uploads\/usu2634\/2022\/11\/7b7fea8d-c589-41f2-9aa2-893ec390770b.jpg\" alt=\"\" width=\"445\" height=\"340\" srcset=\"https:\/\/agora.xtec.cat\/col-alfageme-barcelona\/wp-content\/uploads\/usu2634\/2022\/11\/7b7fea8d-c589-41f2-9aa2-893ec390770b.jpg 966w, https:\/\/agora.xtec.cat\/col-alfageme-barcelona\/wp-content\/uploads\/usu2634\/2022\/11\/7b7fea8d-c589-41f2-9aa2-893ec390770b-300x230.jpg 300w, https:\/\/agora.xtec.cat\/col-alfageme-barcelona\/wp-content\/uploads\/usu2634\/2022\/11\/7b7fea8d-c589-41f2-9aa2-893ec390770b-768x588.jpg 768w\" sizes=\"auto, (max-width: 445px) 100vw, 445px\" \/><\/a><\/p>\n<p>Depr\u00e9s vam anar dins del Centre d&#8217;estudis del mar de Sitges on ens van ensenyar moltes esp\u00e8cies animals i vegetals del mar i ens van explicar com viuen dins l&#8217;aigua.<\/p>\n<p><a href=\"https:\/\/agora.xtec.cat\/col-alfageme-barcelona\/wp-content\/uploads\/usu2634\/2022\/11\/66fbd9fd-3a3c-4638-b339-6a3e505e0889.jpg\"><img loading=\"lazy\" decoding=\"async\" class=\"alignnone wp-image-6210\" src=\"https:\/\/agora.xtec.cat\/col-alfageme-barcelona\/wp-content\/uploads\/usu2634\/2022\/11\/66fbd9fd-3a3c-4638-b339-6a3e505e0889.jpg\" alt=\"\" width=\"458\" height=\"346\" srcset=\"https:\/\/agora.xtec.cat\/col-alfageme-barcelona\/wp-content\/uploads\/usu2634\/2022\/11\/66fbd9fd-3a3c-4638-b339-6a3e505e0889.jpg 975w, https:\/\/agora.xtec.cat\/col-alfageme-barcelona\/wp-content\/uploads\/usu2634\/2022\/11\/66fbd9fd-3a3c-4638-b339-6a3e505e0889-300x227.jpg 300w, https:\/\/agora.xtec.cat\/col-alfageme-barcelona\/wp-content\/uploads\/usu2634\/2022\/11\/66fbd9fd-3a3c-4638-b339-6a3e505e0889-768x581.jpg 768w, https:\/\/agora.xtec.cat\/col-alfageme-barcelona\/wp-content\/uploads\/usu2634\/2022\/11\/66fbd9fd-3a3c-4638-b339-6a3e505e0889-200x150.jpg 200w\" sizes=\"auto, (max-width: 458px) 100vw, 458px\" \/><\/a> <a href=\"https:\/\/agora.xtec.cat\/col-alfageme-barcelona\/wp-content\/uploads\/usu2634\/2022\/11\/99663531-f6c7-4c53-b40d-8f1f2b90cc3b.jpg\"><img loading=\"lazy\" decoding=\"async\" class=\"alignnone wp-image-6211\" src=\"https:\/\/agora.xtec.cat\/col-alfageme-barcelona\/wp-content\/uploads\/usu2634\/2022\/11\/99663531-f6c7-4c53-b40d-8f1f2b90cc3b.jpg\" alt=\"\" width=\"450\" height=\"346\" srcset=\"https:\/\/agora.xtec.cat\/col-alfageme-barcelona\/wp-content\/uploads\/usu2634\/2022\/11\/99663531-f6c7-4c53-b40d-8f1f2b90cc3b.jpg 962w, https:\/\/agora.xtec.cat\/col-alfageme-barcelona\/wp-content\/uploads\/usu2634\/2022\/11\/99663531-f6c7-4c53-b40d-8f1f2b90cc3b-300x230.jpg 300w, https:\/\/agora.xtec.cat\/col-alfageme-barcelona\/wp-content\/uploads\/usu2634\/2022\/11\/99663531-f6c7-4c53-b40d-8f1f2b90cc3b-768x590.jpg 768w\" sizes=\"auto, (max-width: 450px) 100vw, 450px\" \/><\/a><\/p>\n<p><a href=\"https:\/\/agora.xtec.cat\/col-alfageme-barcelona\/wp-content\/uploads\/usu2634\/2022\/11\/f56abb1c-5008-4892-9535-6a09d97f382e.jpg\"><img loading=\"lazy\" decoding=\"async\" class=\"wp-image-6212 aligncenter\" src=\"https:\/\/agora.xtec.cat\/col-alfageme-barcelona\/wp-content\/uploads\/usu2634\/2022\/11\/f56abb1c-5008-4892-9535-6a09d97f382e.jpg\" alt=\"\" width=\"519\" height=\"389\" srcset=\"https:\/\/agora.xtec.cat\/col-alfageme-barcelona\/wp-content\/uploads\/usu2634\/2022\/11\/f56abb1c-5008-4892-9535-6a09d97f382e.jpg 985w, https:\/\/agora.xtec.cat\/col-alfageme-barcelona\/wp-content\/uploads\/usu2634\/2022\/11\/f56abb1c-5008-4892-9535-6a09d97f382e-300x225.jpg 300w, https:\/\/agora.xtec.cat\/col-alfageme-barcelona\/wp-content\/uploads\/usu2634\/2022\/11\/f56abb1c-5008-4892-9535-6a09d97f382e-768x576.jpg 768w, https:\/\/agora.xtec.cat\/col-alfageme-barcelona\/wp-content\/uploads\/usu2634\/2022\/11\/f56abb1c-5008-4892-9535-6a09d97f382e-200x150.jpg 200w\" sizes=\"auto, (max-width: 519px) 100vw, 519px\" \/><\/a><\/p>\n<p>Finalment vam anar als Jardins Terramar on vam poder dinar i gaudir de la natura. Vam jugar a futbol, vam anar al parc i vam voltar per tots els jardins. Amb tot, va ser un dia genial del qual vam gaudir molt tots plegats!<\/p>\n<p><a href=\"https:\/\/agora.xtec.cat\/col-alfageme-barcelona\/wp-content\/uploads\/usu2634\/2022\/11\/8d3008d1-a70d-4d3b-90d8-4bc1bc8d794f.jpg\"><img loading=\"lazy\" decoding=\"async\" class=\"alignnone size-full wp-image-6213\" src=\"https:\/\/agora.xtec.cat\/col-alfageme-barcelona\/wp-content\/uploads\/usu2634\/2022\/11\/8d3008d1-a70d-4d3b-90d8-4bc1bc8d794f.jpg\" alt=\"\" width=\"988\" height=\"739\" srcset=\"https:\/\/agora.xtec.cat\/col-alfageme-barcelona\/wp-content\/uploads\/usu2634\/2022\/11\/8d3008d1-a70d-4d3b-90d8-4bc1bc8d794f.jpg 988w, https:\/\/agora.xtec.cat\/col-alfageme-barcelona\/wp-content\/uploads\/usu2634\/2022\/11\/8d3008d1-a70d-4d3b-90d8-4bc1bc8d794f-300x224.jpg 300w, https:\/\/agora.xtec.cat\/col-alfageme-barcelona\/wp-content\/uploads\/usu2634\/2022\/11\/8d3008d1-a70d-4d3b-90d8-4bc1bc8d794f-768x574.jpg 768w, https:\/\/agora.xtec.cat\/col-alfageme-barcelona\/wp-content\/uploads\/usu2634\/2022\/11\/8d3008d1-a70d-4d3b-90d8-4bc1bc8d794f-200x150.jpg 200w\" sizes=\"auto, (max-width: 988px) 100vw, 988px\" \/><\/a><\/p>\n<p><strong>6\u00e8<\/strong><\/p>\n<p>Les grans de l&#8217;escola vam anar a la platja de Sitges amb l&#8217;Andrea, amb qui vam aprendre molt de la vida marina i de tota la gran quantitat de vida tant animal com vegetal que podem trobar a qualsevol simple platja. Va ser molt interessant i vam aprendre molt\u00edssim! Primer vam poder gaudir d&#8217;un esmorzar ab vistes. Despr\u00e9s, vam buscar diferents formes de vida per la platja, classificant-les i examinant-les. Tot seguit vam veure un v\u00eddeo sobre la import\u00e0ncia de la Posid\u00f2nia dins un submar\u00ed simulat, i finalment vam poder veure de mans de l&#8217;Andrea alguns animals preservats en formol, com una cria de tintorera i un taur\u00f3 gat. Per acabar la jornada vam anar a dinar amb la resta de l&#8217;escola al parc de <span class=\"hiddenSpellError\">Terramar<\/span>, on vam poder gaudir d&#8217;una llarga estona\u00a0a l&#8217;aire\u00a0lliure i vam jugar un partit de futbol contra els nens i nenes de 5\u00e8. No vam guanyar, per\u00f2 ens ho vam passar la mar de b\u00e9!<\/p>\n<p><a href=\"https:\/\/agora.xtec.cat\/col-alfageme-barcelona\/wp-content\/uploads\/usu2634\/2022\/10\/photo-output-2.jpg\"><img loading=\"lazy\" decoding=\"async\" class=\"alignnone size-large wp-image-6179\" src=\"https:\/\/agora.xtec.cat\/col-alfageme-barcelona\/wp-content\/uploads\/usu2634\/2022\/10\/photo-output-2-1024x1024.jpg\" alt=\"\" width=\"1024\" height=\"1024\" srcset=\"https:\/\/agora.xtec.cat\/col-alfageme-barcelona\/wp-content\/uploads\/usu2634\/2022\/10\/photo-output-2-1024x1024.jpg 1024w, https:\/\/agora.xtec.cat\/col-alfageme-barcelona\/wp-content\/uploads\/usu2634\/2022\/10\/photo-output-2-300x300.jpg 300w, https:\/\/agora.xtec.cat\/col-alfageme-barcelona\/wp-content\/uploads\/usu2634\/2022\/10\/photo-output-2-150x150.jpg 150w, https:\/\/agora.xtec.cat\/col-alfageme-barcelona\/wp-content\/uploads\/usu2634\/2022\/10\/photo-output-2-768x768.jpg 768w, https:\/\/agora.xtec.cat\/col-alfageme-barcelona\/wp-content\/uploads\/usu2634\/2022\/10\/photo-output-2-1536x1536.jpg 1536w, https:\/\/agora.xtec.cat\/col-alfageme-barcelona\/wp-content\/uploads\/usu2634\/2022\/10\/photo-output-2.jpg 2048w\" sizes=\"auto, (max-width: 1024px) 100vw, 1024px\" \/><\/a><\/p>\n","protected":false},"excerpt":{"rendered":"<p>El dimecres\u00a0 passat, els nens i les nenes de 1r, 2n, 3r i 4t de Prim\u00e0ria de la nostra escola vam\u00a0 anar a visitar el Port\u00a0 de Vilanova i la Geltr\u00fa a fer l\u2019activitat \u201cPassegem pel Port\u201d.<br \/>\nEls i les alumnes de 5\u00e8 i 6\u00e8 vam&hellip;  <a href=\"https:\/\/agora.xtec.cat\/col-alfageme-barcelona\/general\/sortida-primaria-vilanova-i-la-geltru-i-sitges\/\" title=\"Read Sortida Prim\u00e0ria: Vilanova i la Geltr\u00fa i Sitges\">Llegeix m\u00e9s\u00bb<\/a><\/p>\n","protected":false},"author":1,"featured_media":6165,"comment_status":"closed","ping_status":"closed","sticky":false,"template":"","format":"standard","meta":{"_bbp_topic_count":0,"_bbp_reply_count":0,"_bbp_total_topic_count":0,"_bbp_total_reply_count":0,"_bbp_voice_count":0,"_bbp_anonymous_reply_count":0,"_bbp_topic_count_hidden":0,"_bbp_reply_count_hidden":0,"_bbp_forum_subforum_count":0,"footnotes":""},"categories":[10,11,12,13,14,15,60,1],"tags":[],"class_list":["post-6099","post","type-post","status-publish","format-standard","has-post-thumbnail","hentry","category-1r","category-2n","category-3r","category-4t","category-5e","category-6e","category-educacio-primaria","category-general"],"post_mailing_queue_ids":[],"_links":{"self":[{"href":"https:\/\/agora.xtec.cat\/col-alfageme-barcelona\/wp-json\/wp\/v2\/posts\/6099","targetHints":{"allow":["GET"]}}],"collection":[{"href":"https:\/\/agora.xtec.cat\/col-alfageme-barcelona\/wp-json\/wp\/v2\/posts"}],"about":[{"href":"https:\/\/agora.xtec.cat\/col-alfageme-barcelona\/wp-json\/wp\/v2\/types\/post"}],"author":[{"embeddable":true,"href":"https:\/\/agora.xtec.cat\/col-alfageme-barcelona\/wp-json\/wp\/v2\/users\/1"}],"replies":[{"embeddable":true,"href":"https:\/\/agora.xtec.cat\/col-alfageme-barcelona\/wp-json\/wp\/v2\/comments?post=6099"}],"version-history":[{"count":3,"href":"https:\/\/agora.xtec.cat\/col-alfageme-barcelona\/wp-json\/wp\/v2\/posts\/6099\/revisions"}],"predecessor-version":[{"id":6222,"href":"https:\/\/agora.xtec.cat\/col-alfageme-barcelona\/wp-json\/wp\/v2\/posts\/6099\/revisions\/6222"}],"wp:featuredmedia":[{"embeddable":true,"href":"https:\/\/agora.xtec.cat\/col-alfageme-barcelona\/wp-json\/wp\/v2\/media\/6165"}],"wp:attachment":[{"href":"https:\/\/agora.xtec.cat\/col-alfageme-barcelona\/wp-json\/wp\/v2\/media?parent=6099"}],"wp:term":[{"taxonomy":"category","embeddable":true,"href":"https:\/\/agora.xtec.cat\/col-alfageme-barcelona\/wp-json\/wp\/v2\/categories?post=6099"},{"taxonomy":"post_tag","embeddable":true,"href":"https:\/\/agora.xtec.cat\/col-alfageme-barcelona\/wp-json\/wp\/v2\/tags?post=6099"}],"curies":[{"name":"wp","href":"https:\/\/api.w.org\/{rel}","templated":true}]}}