{"id":5721,"date":"2022-09-27T15:32:48","date_gmt":"2022-09-27T13:32:48","guid":{"rendered":"https:\/\/agora.xtec.cat\/col-alfageme-barcelona\/?p=5721"},"modified":"2022-09-27T16:10:41","modified_gmt":"2022-09-27T14:10:41","slug":"1r-ep-hem-iniciat-la-primaria","status":"publish","type":"post","link":"https:\/\/agora.xtec.cat\/col-alfageme-barcelona\/general\/1r-ep-hem-iniciat-la-primaria\/","title":{"rendered":"1r EP &#8211; Hem iniciat la Prim\u00e0ria!"},"content":{"rendered":"<p>Aquestes primeres setmanes ens hem retrobat amb molta alegria i hem compartit\u00a0 moltes estones amb diferents activitats de les diferents \u00e0rees i ens ho hem passat molt b\u00e9. Tamb\u00e9 hem iniciat el treball de les \u201cEmocions\u201d, hem realitzat jocs matem\u00e0tics entre moltes altres coses.<\/p>\n<p><a href=\"https:\/\/agora.xtec.cat\/col-alfageme-barcelona\/wp-content\/uploads\/usu2634\/2022\/09\/1-1.jpg\"><img loading=\"lazy\" decoding=\"async\" class=\"alignnone size-large wp-image-5726\" src=\"https:\/\/agora.xtec.cat\/col-alfageme-barcelona\/wp-content\/uploads\/usu2634\/2022\/09\/1-1-1024x768.jpg\" alt=\"\" width=\"1024\" height=\"768\" srcset=\"https:\/\/agora.xtec.cat\/col-alfageme-barcelona\/wp-content\/uploads\/usu2634\/2022\/09\/1-1-1024x768.jpg 1024w, https:\/\/agora.xtec.cat\/col-alfageme-barcelona\/wp-content\/uploads\/usu2634\/2022\/09\/1-1-300x225.jpg 300w, https:\/\/agora.xtec.cat\/col-alfageme-barcelona\/wp-content\/uploads\/usu2634\/2022\/09\/1-1-768x576.jpg 768w, https:\/\/agora.xtec.cat\/col-alfageme-barcelona\/wp-content\/uploads\/usu2634\/2022\/09\/1-1-1536x1152.jpg 1536w, https:\/\/agora.xtec.cat\/col-alfageme-barcelona\/wp-content\/uploads\/usu2634\/2022\/09\/1-1-200x150.jpg 200w, https:\/\/agora.xtec.cat\/col-alfageme-barcelona\/wp-content\/uploads\/usu2634\/2022\/09\/1-1.jpg 1800w\" sizes=\"auto, (max-width: 1024px) 100vw, 1024px\" \/><\/a><a href=\"https:\/\/agora.xtec.cat\/col-alfageme-barcelona\/wp-content\/uploads\/usu2634\/2022\/09\/2.jpg\"><img loading=\"lazy\" decoding=\"async\" class=\"alignnone size-large wp-image-5723\" src=\"https:\/\/agora.xtec.cat\/col-alfageme-barcelona\/wp-content\/uploads\/usu2634\/2022\/09\/2-1024x768.jpg\" alt=\"\" width=\"1024\" height=\"768\" srcset=\"https:\/\/agora.xtec.cat\/col-alfageme-barcelona\/wp-content\/uploads\/usu2634\/2022\/09\/2-1024x768.jpg 1024w, https:\/\/agora.xtec.cat\/col-alfageme-barcelona\/wp-content\/uploads\/usu2634\/2022\/09\/2-300x225.jpg 300w, https:\/\/agora.xtec.cat\/col-alfageme-barcelona\/wp-content\/uploads\/usu2634\/2022\/09\/2-768x576.jpg 768w, https:\/\/agora.xtec.cat\/col-alfageme-barcelona\/wp-content\/uploads\/usu2634\/2022\/09\/2-1536x1152.jpg 1536w, https:\/\/agora.xtec.cat\/col-alfageme-barcelona\/wp-content\/uploads\/usu2634\/2022\/09\/2-200x150.jpg 200w, https:\/\/agora.xtec.cat\/col-alfageme-barcelona\/wp-content\/uploads\/usu2634\/2022\/09\/2.jpg 1800w\" sizes=\"auto, (max-width: 1024px) 100vw, 1024px\" \/><\/a><a href=\"https:\/\/agora.xtec.cat\/col-alfageme-barcelona\/wp-content\/uploads\/usu2634\/2022\/09\/3.jpg\"><img loading=\"lazy\" decoding=\"async\" class=\"alignnone size-large wp-image-5724\" src=\"https:\/\/agora.xtec.cat\/col-alfageme-barcelona\/wp-content\/uploads\/usu2634\/2022\/09\/3-1024x768.jpg\" alt=\"\" width=\"1024\" height=\"768\" srcset=\"https:\/\/agora.xtec.cat\/col-alfageme-barcelona\/wp-content\/uploads\/usu2634\/2022\/09\/3-1024x768.jpg 1024w, https:\/\/agora.xtec.cat\/col-alfageme-barcelona\/wp-content\/uploads\/usu2634\/2022\/09\/3-300x225.jpg 300w, https:\/\/agora.xtec.cat\/col-alfageme-barcelona\/wp-content\/uploads\/usu2634\/2022\/09\/3-768x576.jpg 768w, https:\/\/agora.xtec.cat\/col-alfageme-barcelona\/wp-content\/uploads\/usu2634\/2022\/09\/3-1536x1152.jpg 1536w, https:\/\/agora.xtec.cat\/col-alfageme-barcelona\/wp-content\/uploads\/usu2634\/2022\/09\/3-200x150.jpg 200w, https:\/\/agora.xtec.cat\/col-alfageme-barcelona\/wp-content\/uploads\/usu2634\/2022\/09\/3.jpg 1800w\" sizes=\"auto, (max-width: 1024px) 100vw, 1024px\" \/><\/a><a href=\"https:\/\/agora.xtec.cat\/col-alfageme-barcelona\/wp-content\/uploads\/usu2634\/2022\/09\/IMG_2776-1-scaled.jpg\"><img loading=\"lazy\" decoding=\"async\" class=\"alignnone size-large wp-image-5728\" src=\"https:\/\/agora.xtec.cat\/col-alfageme-barcelona\/wp-content\/uploads\/usu2634\/2022\/09\/IMG_2776-1-1024x1024.jpg\" alt=\"\" width=\"1024\" height=\"1024\" srcset=\"https:\/\/agora.xtec.cat\/col-alfageme-barcelona\/wp-content\/uploads\/usu2634\/2022\/09\/IMG_2776-1-1024x1024.jpg 1024w, https:\/\/agora.xtec.cat\/col-alfageme-barcelona\/wp-content\/uploads\/usu2634\/2022\/09\/IMG_2776-1-300x300.jpg 300w, https:\/\/agora.xtec.cat\/col-alfageme-barcelona\/wp-content\/uploads\/usu2634\/2022\/09\/IMG_2776-1-150x150.jpg 150w, https:\/\/agora.xtec.cat\/col-alfageme-barcelona\/wp-content\/uploads\/usu2634\/2022\/09\/IMG_2776-1-768x768.jpg 768w, https:\/\/agora.xtec.cat\/col-alfageme-barcelona\/wp-content\/uploads\/usu2634\/2022\/09\/IMG_2776-1-1536x1536.jpg 1536w, https:\/\/agora.xtec.cat\/col-alfageme-barcelona\/wp-content\/uploads\/usu2634\/2022\/09\/IMG_2776-1-2048x2048.jpg 2048w\" sizes=\"auto, (max-width: 1024px) 100vw, 1024px\" \/><\/a> <a href=\"https:\/\/agora.xtec.cat\/col-alfageme-barcelona\/wp-content\/uploads\/usu2634\/2022\/09\/IMG_2775-2-scaled.jpg\"><img loading=\"lazy\" decoding=\"async\" class=\"alignnone size-large wp-image-5727\" src=\"https:\/\/agora.xtec.cat\/col-alfageme-barcelona\/wp-content\/uploads\/usu2634\/2022\/09\/IMG_2775-2-1024x1024.jpg\" alt=\"\" width=\"1024\" height=\"1024\" srcset=\"https:\/\/agora.xtec.cat\/col-alfageme-barcelona\/wp-content\/uploads\/usu2634\/2022\/09\/IMG_2775-2-1024x1024.jpg 1024w, https:\/\/agora.xtec.cat\/col-alfageme-barcelona\/wp-content\/uploads\/usu2634\/2022\/09\/IMG_2775-2-300x300.jpg 300w, https:\/\/agora.xtec.cat\/col-alfageme-barcelona\/wp-content\/uploads\/usu2634\/2022\/09\/IMG_2775-2-150x150.jpg 150w, https:\/\/agora.xtec.cat\/col-alfageme-barcelona\/wp-content\/uploads\/usu2634\/2022\/09\/IMG_2775-2-768x768.jpg 768w, https:\/\/agora.xtec.cat\/col-alfageme-barcelona\/wp-content\/uploads\/usu2634\/2022\/09\/IMG_2775-2-1536x1536.jpg 1536w, https:\/\/agora.xtec.cat\/col-alfageme-barcelona\/wp-content\/uploads\/usu2634\/2022\/09\/IMG_2775-2-2048x2048.jpg 2048w\" sizes=\"auto, (max-width: 1024px) 100vw, 1024px\" \/><\/a><\/p>\n<p>Al pati esmorzem i despr\u00e9s juguem i ens ho passem molt b\u00e9.<\/p>\n<p><a href=\"https:\/\/agora.xtec.cat\/col-alfageme-barcelona\/wp-content\/uploads\/usu2634\/2022\/09\/IMG_2778.jpg\"><img loading=\"lazy\" decoding=\"async\" class=\"alignnone size-large wp-image-5732\" src=\"https:\/\/agora.xtec.cat\/col-alfageme-barcelona\/wp-content\/uploads\/usu2634\/2022\/09\/IMG_2778-1024x1024.jpg\" alt=\"\" width=\"1024\" height=\"1024\" srcset=\"https:\/\/agora.xtec.cat\/col-alfageme-barcelona\/wp-content\/uploads\/usu2634\/2022\/09\/IMG_2778-1024x1024.jpg 1024w, https:\/\/agora.xtec.cat\/col-alfageme-barcelona\/wp-content\/uploads\/usu2634\/2022\/09\/IMG_2778-300x300.jpg 300w, https:\/\/agora.xtec.cat\/col-alfageme-barcelona\/wp-content\/uploads\/usu2634\/2022\/09\/IMG_2778-150x150.jpg 150w, https:\/\/agora.xtec.cat\/col-alfageme-barcelona\/wp-content\/uploads\/usu2634\/2022\/09\/IMG_2778-768x768.jpg 768w, https:\/\/agora.xtec.cat\/col-alfageme-barcelona\/wp-content\/uploads\/usu2634\/2022\/09\/IMG_2778.jpg 1280w\" sizes=\"auto, (max-width: 1024px) 100vw, 1024px\" \/><\/a><a href=\"https:\/\/agora.xtec.cat\/col-alfageme-barcelona\/wp-content\/uploads\/usu2634\/2022\/09\/IMG_2704-1.jpg\"><img loading=\"lazy\" decoding=\"async\" class=\"alignnone wp-image-5731\" src=\"https:\/\/agora.xtec.cat\/col-alfageme-barcelona\/wp-content\/uploads\/usu2634\/2022\/09\/IMG_2704-1.jpg\" alt=\"\" width=\"970\" height=\"988\" srcset=\"https:\/\/agora.xtec.cat\/col-alfageme-barcelona\/wp-content\/uploads\/usu2634\/2022\/09\/IMG_2704-1.jpg 628w, https:\/\/agora.xtec.cat\/col-alfageme-barcelona\/wp-content\/uploads\/usu2634\/2022\/09\/IMG_2704-1-294x300.jpg 294w\" sizes=\"auto, (max-width: 970px) 100vw, 970px\" \/><\/a><\/p>\n<p>&nbsp;<\/p>\n<p>I hem realitzat un v\u00eddeo de benvolguda als nostres pares pel dia que van venir a la reuni\u00f3 a la nostra classe.<\/p>\n<p><iframe loading=\"lazy\" title=\"V\u00eddeo presentaci\u00f3 1 EP 2022 23\" width=\"500\" height=\"281\" src=\"https:\/\/www.youtube.com\/embed\/QeOR9NhIi8c?feature=oembed\" frameborder=\"0\" allow=\"accelerometer; autoplay; clipboard-write; encrypted-media; gyroscope; picture-in-picture; web-share\" referrerpolicy=\"strict-origin-when-cross-origin\" allowfullscreen><\/iframe><\/p>\n","protected":false},"excerpt":{"rendered":"<p>Aquestes primeres setmanes ens hem retrobat amb molta alegria i hem compartit\u00a0 moltes estones amb diferents activitats de les diferents \u00e0rees i ens ho hem passat molt b\u00e9. Tamb\u00e9 hem iniciat el treball de les \u201cEmocions\u201d, hem realitzat jocs matem\u00e0tics entre moltes altres coses.<br \/>\n<a href=\"https:\/\/agora.xtec.cat\/col-alfageme-barcelona\/wp-content\/uploads\/usu2634\/2022\/09\/1-1.jpg\"><\/a><a&hellip;  <a href=\"https:\/\/agora.xtec.cat\/col-alfageme-barcelona\/general\/1r-ep-hem-iniciat-la-primaria\/\" title=\"Read 1r EP &#8211; Hem iniciat la Prim\u00e0ria!\">Llegeix m\u00e9s\u00bb<\/a><\/p>\n","protected":false},"author":1,"featured_media":5726,"comment_status":"closed","ping_status":"closed","sticky":false,"template":"","format":"standard","meta":{"_bbp_topic_count":0,"_bbp_reply_count":0,"_bbp_total_topic_count":0,"_bbp_total_reply_count":0,"_bbp_voice_count":0,"_bbp_anonymous_reply_count":0,"_bbp_topic_count_hidden":0,"_bbp_reply_count_hidden":0,"_bbp_forum_subforum_count":0,"footnotes":""},"categories":[1],"tags":[],"class_list":["post-5721","post","type-post","status-publish","format-standard","has-post-thumbnail","hentry","category-general"],"post_mailing_queue_ids":[],"_links":{"self":[{"href":"https:\/\/agora.xtec.cat\/col-alfageme-barcelona\/wp-json\/wp\/v2\/posts\/5721","targetHints":{"allow":["GET"]}}],"collection":[{"href":"https:\/\/agora.xtec.cat\/col-alfageme-barcelona\/wp-json\/wp\/v2\/posts"}],"about":[{"href":"https:\/\/agora.xtec.cat\/col-alfageme-barcelona\/wp-json\/wp\/v2\/types\/post"}],"author":[{"embeddable":true,"href":"https:\/\/agora.xtec.cat\/col-alfageme-barcelona\/wp-json\/wp\/v2\/users\/1"}],"replies":[{"embeddable":true,"href":"https:\/\/agora.xtec.cat\/col-alfageme-barcelona\/wp-json\/wp\/v2\/comments?post=5721"}],"version-history":[{"count":1,"href":"https:\/\/agora.xtec.cat\/col-alfageme-barcelona\/wp-json\/wp\/v2\/posts\/5721\/revisions"}],"predecessor-version":[{"id":5733,"href":"https:\/\/agora.xtec.cat\/col-alfageme-barcelona\/wp-json\/wp\/v2\/posts\/5721\/revisions\/5733"}],"wp:featuredmedia":[{"embeddable":true,"href":"https:\/\/agora.xtec.cat\/col-alfageme-barcelona\/wp-json\/wp\/v2\/media\/5726"}],"wp:attachment":[{"href":"https:\/\/agora.xtec.cat\/col-alfageme-barcelona\/wp-json\/wp\/v2\/media?parent=5721"}],"wp:term":[{"taxonomy":"category","embeddable":true,"href":"https:\/\/agora.xtec.cat\/col-alfageme-barcelona\/wp-json\/wp\/v2\/categories?post=5721"},{"taxonomy":"post_tag","embeddable":true,"href":"https:\/\/agora.xtec.cat\/col-alfageme-barcelona\/wp-json\/wp\/v2\/tags?post=5721"}],"curies":[{"name":"wp","href":"https:\/\/api.w.org\/{rel}","templated":true}]}}