{"id":4524,"date":"2022-03-27T20:55:05","date_gmt":"2022-03-27T18:55:05","guid":{"rendered":"https:\/\/agora.xtec.cat\/col-alfageme-barcelona\/?p=4524"},"modified":"2022-03-27T21:17:46","modified_gmt":"2022-03-27T19:17:46","slug":"projecte-cicle-mitja-la-mar-esta-la-mar-de-be","status":"publish","type":"post","link":"https:\/\/agora.xtec.cat\/col-alfageme-barcelona\/general\/projecte-cicle-mitja-la-mar-esta-la-mar-de-be\/","title":{"rendered":"Projecte Cicle Mitj\u00e0 &#8220;La Mar est\u00e0 la mar de b\u00e9?&#8221;"},"content":{"rendered":"<p style=\"text-align: center;\"><strong>LA MAR EST\u00c0 LA MAR DE B\u00c9?<\/strong><\/p>\n<p style=\"text-align: center;\">Durant aquest trimestre, l&#8217;alumnat de Cicle Mitj\u00e0 ha fet el projecte: &#8220;La mar est\u00e0 mar de b\u00e9?&#8221;.<\/p>\n<p style=\"text-align: center;\">Els alumnes de Cicle Mitj\u00e0 havien de\u00a0 descobrir la tem\u00e0tica del seu projecte a trav\u00e9s de diferents pistes amb imatges que se&#8217;ls havia presentat en un petit power point.<\/p>\n<p style=\"text-align: center;\">Els nens i nenes de 3r i 4t tenien molta feina per endavant per\u00f2 tots coincid\u00edem en\u00a0 el fet que el tema era prou interessant ( salut, mar, oceans, contaminaci\u00f3&#8230;) , que tots i totes aprendr\u00edem moltes coses i aconseguir\u00edem donar resposta al que ens hav\u00edem plantejat.<\/p>\n<p>&nbsp;<\/p>\n<p><a href=\"https:\/\/agora.xtec.cat\/col-alfageme-barcelona\/wp-content\/uploads\/usu2634\/2022\/03\/Captura-de-pantalla-2022-03-25-a-las-17.56.02.png\"><img loading=\"lazy\" decoding=\"async\" class=\"wp-image-4582 aligncenter\" src=\"https:\/\/agora.xtec.cat\/col-alfageme-barcelona\/wp-content\/uploads\/usu2634\/2022\/03\/Captura-de-pantalla-2022-03-25-a-las-17.56.02.png\" alt=\"\" width=\"867\" height=\"643\" srcset=\"https:\/\/agora.xtec.cat\/col-alfageme-barcelona\/wp-content\/uploads\/usu2634\/2022\/03\/Captura-de-pantalla-2022-03-25-a-las-17.56.02.png 916w, https:\/\/agora.xtec.cat\/col-alfageme-barcelona\/wp-content\/uploads\/usu2634\/2022\/03\/Captura-de-pantalla-2022-03-25-a-las-17.56.02-300x223.png 300w, https:\/\/agora.xtec.cat\/col-alfageme-barcelona\/wp-content\/uploads\/usu2634\/2022\/03\/Captura-de-pantalla-2022-03-25-a-las-17.56.02-768x570.png 768w\" sizes=\"auto, (max-width: 867px) 100vw, 867px\" \/><\/a><\/p>\n<p>&nbsp;<\/p>\n<p>&nbsp;<\/p>\n<p><a href=\"https:\/\/agora.xtec.cat\/col-alfageme-barcelona\/wp-content\/uploads\/usu2634\/2022\/03\/Captura-de-pantalla-2022-03-25-a-las-17.59.01.png\"><img loading=\"lazy\" decoding=\"async\" class=\"wp-image-4585 aligncenter\" src=\"https:\/\/agora.xtec.cat\/col-alfageme-barcelona\/wp-content\/uploads\/usu2634\/2022\/03\/Captura-de-pantalla-2022-03-25-a-las-17.59.01.png\" alt=\"\" width=\"814\" height=\"609\" srcset=\"https:\/\/agora.xtec.cat\/col-alfageme-barcelona\/wp-content\/uploads\/usu2634\/2022\/03\/Captura-de-pantalla-2022-03-25-a-las-17.59.01.png 798w, https:\/\/agora.xtec.cat\/col-alfageme-barcelona\/wp-content\/uploads\/usu2634\/2022\/03\/Captura-de-pantalla-2022-03-25-a-las-17.59.01-300x224.png 300w, https:\/\/agora.xtec.cat\/col-alfageme-barcelona\/wp-content\/uploads\/usu2634\/2022\/03\/Captura-de-pantalla-2022-03-25-a-las-17.59.01-768x575.png 768w, https:\/\/agora.xtec.cat\/col-alfageme-barcelona\/wp-content\/uploads\/usu2634\/2022\/03\/Captura-de-pantalla-2022-03-25-a-las-17.59.01-200x150.png 200w\" sizes=\"auto, (max-width: 814px) 100vw, 814px\" \/><\/a><\/p>\n<p><a href=\"https:\/\/agora.xtec.cat\/col-alfageme-barcelona\/wp-content\/uploads\/usu2634\/2022\/03\/IMG_2897.jpg\"><img loading=\"lazy\" decoding=\"async\" class=\"size-full wp-image-4541 aligncenter\" src=\"https:\/\/agora.xtec.cat\/col-alfageme-barcelona\/wp-content\/uploads\/usu2634\/2022\/03\/IMG_2897.jpg\" alt=\"\" width=\"640\" height=\"640\" srcset=\"https:\/\/agora.xtec.cat\/col-alfageme-barcelona\/wp-content\/uploads\/usu2634\/2022\/03\/IMG_2897.jpg 640w, https:\/\/agora.xtec.cat\/col-alfageme-barcelona\/wp-content\/uploads\/usu2634\/2022\/03\/IMG_2897-300x300.jpg 300w, https:\/\/agora.xtec.cat\/col-alfageme-barcelona\/wp-content\/uploads\/usu2634\/2022\/03\/IMG_2897-150x150.jpg 150w\" sizes=\"auto, (max-width: 640px) 100vw, 640px\" \/><\/a><\/p>\n<p><a href=\"https:\/\/agora.xtec.cat\/col-alfageme-barcelona\/wp-content\/uploads\/usu2634\/2022\/03\/IMG_2897.jpg\"><img loading=\"lazy\" decoding=\"async\" class=\"wp-image-4584 aligncenter\" src=\"https:\/\/agora.xtec.cat\/col-alfageme-barcelona\/wp-content\/uploads\/usu2634\/2022\/03\/Captura-de-pantalla-2022-03-25-a-las-17.57.32.png\" alt=\"\" width=\"866\" height=\"616\" srcset=\"https:\/\/agora.xtec.cat\/col-alfageme-barcelona\/wp-content\/uploads\/usu2634\/2022\/03\/Captura-de-pantalla-2022-03-25-a-las-17.57.32.png 876w, https:\/\/agora.xtec.cat\/col-alfageme-barcelona\/wp-content\/uploads\/usu2634\/2022\/03\/Captura-de-pantalla-2022-03-25-a-las-17.57.32-300x213.png 300w, https:\/\/agora.xtec.cat\/col-alfageme-barcelona\/wp-content\/uploads\/usu2634\/2022\/03\/Captura-de-pantalla-2022-03-25-a-las-17.57.32-768x546.png 768w\" sizes=\"auto, (max-width: 866px) 100vw, 866px\" \/><\/a><\/p>\n<p>&nbsp;<\/p>\n<p style=\"text-align: center;\">Un cop es va donar el punt de partida del projecte, es van repartir\u00a0 les preguntes reptes que estaven dins d&#8217;una capsa\u00a0 blava per tal que fos m\u00e9s misteri\u00f3s . Cada cartolina blava tenia dues opcions entre les quals els\u00a0 grups cooperatius podrien triar lliurement: &#8220;Com \u00e9s que la mar de l&#8217;aigua \u00e9s salada?&#8221;, &#8220;L&#8217;aigua ens pot fer mar? (tsunamis, marees&#8230;)&#8221;, &#8220;Hi ha animals que viuen a l&#8217;aigua?&#8221;, &#8220;Com \u00e9s que els n\u00favols es veuen de color blanc?&#8221;,\u00a0 &#8220;L&#8217;aigua del mar \u00e9s sempre la mateixa?&#8221;, &#8220;On podem trobar aigua en el m\u00f3n?&#8221;, &#8220;L&#8217;aigua sempre \u00e9s igual? (estats de l&#8217;aigua), &#8220;Tots els animals necessiten aigua per viure? (h\u00e0bitat animals aqu\u00e0tics), &#8220;Qu\u00e8 hi ha sota l&#8217;aigua del mar?&#8221;, &#8220;El mar est\u00e0 prou net?&#8221;, &#8220;Llegendes marines, veritat o ficci\u00f3?, &#8220;Qu\u00e8 passaria si augment\u00e9s la temperatura de l&#8217;aigua del mar?&#8221;<\/p>\n<p>&nbsp;<\/p>\n<p><a href=\"https:\/\/agora.xtec.cat\/col-alfageme-barcelona\/wp-content\/uploads\/usu2634\/2022\/03\/IMG_2899.jpg\"><img loading=\"lazy\" decoding=\"async\" class=\"wp-image-4543 aligncenter\" src=\"https:\/\/agora.xtec.cat\/col-alfageme-barcelona\/wp-content\/uploads\/usu2634\/2022\/03\/IMG_2899.jpg\" alt=\"\" width=\"665\" height=\"665\" srcset=\"https:\/\/agora.xtec.cat\/col-alfageme-barcelona\/wp-content\/uploads\/usu2634\/2022\/03\/IMG_2899.jpg 640w, https:\/\/agora.xtec.cat\/col-alfageme-barcelona\/wp-content\/uploads\/usu2634\/2022\/03\/IMG_2899-300x300.jpg 300w, https:\/\/agora.xtec.cat\/col-alfageme-barcelona\/wp-content\/uploads\/usu2634\/2022\/03\/IMG_2899-150x150.jpg 150w\" sizes=\"auto, (max-width: 665px) 100vw, 665px\" \/><\/a><\/p>\n<p>&nbsp;<\/p>\n<p><img loading=\"lazy\" decoding=\"async\" class=\"size-full wp-image-4537 aligncenter\" src=\"https:\/\/agora.xtec.cat\/col-alfageme-barcelona\/wp-content\/uploads\/usu2634\/2022\/03\/0-1.jpg\" alt=\"\" width=\"640\" height=\"640\" srcset=\"https:\/\/agora.xtec.cat\/col-alfageme-barcelona\/wp-content\/uploads\/usu2634\/2022\/03\/0-1.jpg 640w, https:\/\/agora.xtec.cat\/col-alfageme-barcelona\/wp-content\/uploads\/usu2634\/2022\/03\/0-1-300x300.jpg 300w, https:\/\/agora.xtec.cat\/col-alfageme-barcelona\/wp-content\/uploads\/usu2634\/2022\/03\/0-1-150x150.jpg 150w\" sizes=\"auto, (max-width: 640px) 100vw, 640px\" \/><\/p>\n<p>&nbsp;<\/p>\n<p><a href=\"https:\/\/agora.xtec.cat\/col-alfageme-barcelona\/wp-content\/uploads\/usu2634\/2022\/03\/IMG_2898.jpg\"><img loading=\"lazy\" decoding=\"async\" class=\"size-full wp-image-4542 aligncenter\" src=\"https:\/\/agora.xtec.cat\/col-alfageme-barcelona\/wp-content\/uploads\/usu2634\/2022\/03\/IMG_2898.jpg\" alt=\"\" width=\"640\" height=\"640\" srcset=\"https:\/\/agora.xtec.cat\/col-alfageme-barcelona\/wp-content\/uploads\/usu2634\/2022\/03\/IMG_2898.jpg 640w, https:\/\/agora.xtec.cat\/col-alfageme-barcelona\/wp-content\/uploads\/usu2634\/2022\/03\/IMG_2898-300x300.jpg 300w, https:\/\/agora.xtec.cat\/col-alfageme-barcelona\/wp-content\/uploads\/usu2634\/2022\/03\/IMG_2898-150x150.jpg 150w\" sizes=\"auto, (max-width: 640px) 100vw, 640px\" \/><\/a><\/p>\n<p>&nbsp;<\/p>\n<p>&nbsp;<\/p>\n<p style=\"text-align: center;\">A continuaci\u00f3 us mostrem com els alumnes fan recerca d&#8217;informaci\u00f3 un cop triada la pregunta repte\u00a0 per cada grup cooperatiu en una de les seves sessions a l&#8217;aula d&#8217;inform\u00e0tica. Despr\u00e9s de setmanes de recerca, els nens i nenes de cada equip comen\u00e7aven a ser experts en el tema que havien investigat. Van fer anotacions en els seus quaderns: idees, enlla\u00e7os, definicions, imatges, v\u00eddeos.. Poc a poc anaven decidint quin producte final farien per tal de mostrar els seus coneixements.<\/p>\n<p><a href=\"https:\/\/agora.xtec.cat\/col-alfageme-barcelona\/wp-content\/uploads\/usu2634\/2022\/03\/IMG_4203.jpg\"><img loading=\"lazy\" decoding=\"async\" class=\"size-full wp-image-4563 aligncenter\" src=\"https:\/\/agora.xtec.cat\/col-alfageme-barcelona\/wp-content\/uploads\/usu2634\/2022\/03\/IMG_4203.jpg\" alt=\"\" width=\"640\" height=\"640\" srcset=\"https:\/\/agora.xtec.cat\/col-alfageme-barcelona\/wp-content\/uploads\/usu2634\/2022\/03\/IMG_4203.jpg 640w, https:\/\/agora.xtec.cat\/col-alfageme-barcelona\/wp-content\/uploads\/usu2634\/2022\/03\/IMG_4203-300x300.jpg 300w, https:\/\/agora.xtec.cat\/col-alfageme-barcelona\/wp-content\/uploads\/usu2634\/2022\/03\/IMG_4203-150x150.jpg 150w\" sizes=\"auto, (max-width: 640px) 100vw, 640px\" \/><\/a><\/p>\n<p><a href=\"https:\/\/agora.xtec.cat\/col-alfageme-barcelona\/wp-content\/uploads\/usu2634\/2022\/03\/IMG_4204.jpg\"><img loading=\"lazy\" decoding=\"async\" class=\"size-large wp-image-4564 aligncenter\" src=\"https:\/\/agora.xtec.cat\/col-alfageme-barcelona\/wp-content\/uploads\/usu2634\/2022\/03\/IMG_4204.jpg\" alt=\"\" width=\"640\" height=\"640\" srcset=\"https:\/\/agora.xtec.cat\/col-alfageme-barcelona\/wp-content\/uploads\/usu2634\/2022\/03\/IMG_4204.jpg 640w, https:\/\/agora.xtec.cat\/col-alfageme-barcelona\/wp-content\/uploads\/usu2634\/2022\/03\/IMG_4204-300x300.jpg 300w, https:\/\/agora.xtec.cat\/col-alfageme-barcelona\/wp-content\/uploads\/usu2634\/2022\/03\/IMG_4204-150x150.jpg 150w\" sizes=\"auto, (max-width: 640px) 100vw, 640px\" \/><\/a><\/p>\n<p style=\"text-align: center;\">Els i les alumnes de Cicle Mitj\u00e0 es mostren molt motivats\u00a0 fent d&#8217;investigadors:\u00a0 &#8221; La\u00a0 Mar\u00a0 est\u00e0\u00a0 la\u00a0 mar\u00a0 de\u00a0 b\u00e9?&#8221;<\/p>\n<p>&nbsp;<\/p>\n<p><a href=\"https:\/\/agora.xtec.cat\/col-alfageme-barcelona\/wp-content\/uploads\/usu2634\/2022\/03\/caaeb983-9eeb-45e3-8762-8fbec40c427a.jpg\"><img loading=\"lazy\" decoding=\"async\" class=\"size-large wp-image-4529 aligncenter\" src=\"https:\/\/agora.xtec.cat\/col-alfageme-barcelona\/wp-content\/uploads\/usu2634\/2022\/03\/caaeb983-9eeb-45e3-8762-8fbec40c427a-1024x1024.jpg\" alt=\"\" width=\"1024\" height=\"1024\" srcset=\"https:\/\/agora.xtec.cat\/col-alfageme-barcelona\/wp-content\/uploads\/usu2634\/2022\/03\/caaeb983-9eeb-45e3-8762-8fbec40c427a-1024x1024.jpg 1024w, https:\/\/agora.xtec.cat\/col-alfageme-barcelona\/wp-content\/uploads\/usu2634\/2022\/03\/caaeb983-9eeb-45e3-8762-8fbec40c427a-300x300.jpg 300w, https:\/\/agora.xtec.cat\/col-alfageme-barcelona\/wp-content\/uploads\/usu2634\/2022\/03\/caaeb983-9eeb-45e3-8762-8fbec40c427a-150x150.jpg 150w, https:\/\/agora.xtec.cat\/col-alfageme-barcelona\/wp-content\/uploads\/usu2634\/2022\/03\/caaeb983-9eeb-45e3-8762-8fbec40c427a-768x768.jpg 768w, https:\/\/agora.xtec.cat\/col-alfageme-barcelona\/wp-content\/uploads\/usu2634\/2022\/03\/caaeb983-9eeb-45e3-8762-8fbec40c427a-1536x1536.jpg 1536w, https:\/\/agora.xtec.cat\/col-alfageme-barcelona\/wp-content\/uploads\/usu2634\/2022\/03\/caaeb983-9eeb-45e3-8762-8fbec40c427a.jpg 1920w\" sizes=\"auto, (max-width: 1024px) 100vw, 1024px\" \/><\/a><\/p>\n<p>&nbsp;<\/p>\n<p><a href=\"https:\/\/agora.xtec.cat\/col-alfageme-barcelona\/wp-content\/uploads\/usu2634\/2022\/03\/5B266806-BAA9-4D1C-B3B9-812158AE38B8.jpg\"><img loading=\"lazy\" decoding=\"async\" class=\"wp-image-4545 aligncenter\" src=\"https:\/\/agora.xtec.cat\/col-alfageme-barcelona\/wp-content\/uploads\/usu2634\/2022\/03\/5B266806-BAA9-4D1C-B3B9-812158AE38B8.jpg\" alt=\"\" width=\"634\" height=\"634\" srcset=\"https:\/\/agora.xtec.cat\/col-alfageme-barcelona\/wp-content\/uploads\/usu2634\/2022\/03\/5B266806-BAA9-4D1C-B3B9-812158AE38B8.jpg 640w, https:\/\/agora.xtec.cat\/col-alfageme-barcelona\/wp-content\/uploads\/usu2634\/2022\/03\/5B266806-BAA9-4D1C-B3B9-812158AE38B8-300x300.jpg 300w, https:\/\/agora.xtec.cat\/col-alfageme-barcelona\/wp-content\/uploads\/usu2634\/2022\/03\/5B266806-BAA9-4D1C-B3B9-812158AE38B8-150x150.jpg 150w\" sizes=\"auto, (max-width: 634px) 100vw, 634px\" \/><\/a><\/p>\n<p>&nbsp;<\/p>\n<p><a href=\"https:\/\/agora.xtec.cat\/col-alfageme-barcelona\/wp-content\/uploads\/usu2634\/2022\/03\/B4258D32-A3D0-43BB-83C5-CD5C01900955.jpg\"><img loading=\"lazy\" decoding=\"async\" class=\"wp-image-4546 aligncenter\" src=\"https:\/\/agora.xtec.cat\/col-alfageme-barcelona\/wp-content\/uploads\/usu2634\/2022\/03\/B4258D32-A3D0-43BB-83C5-CD5C01900955.jpg\" alt=\"\" width=\"643\" height=\"643\" srcset=\"https:\/\/agora.xtec.cat\/col-alfageme-barcelona\/wp-content\/uploads\/usu2634\/2022\/03\/B4258D32-A3D0-43BB-83C5-CD5C01900955.jpg 640w, https:\/\/agora.xtec.cat\/col-alfageme-barcelona\/wp-content\/uploads\/usu2634\/2022\/03\/B4258D32-A3D0-43BB-83C5-CD5C01900955-300x300.jpg 300w, https:\/\/agora.xtec.cat\/col-alfageme-barcelona\/wp-content\/uploads\/usu2634\/2022\/03\/B4258D32-A3D0-43BB-83C5-CD5C01900955-150x150.jpg 150w\" sizes=\"auto, (max-width: 643px) 100vw, 643px\" \/><\/a><\/p>\n<p><a href=\"https:\/\/agora.xtec.cat\/col-alfageme-barcelona\/wp-content\/uploads\/usu2634\/2022\/03\/IMG_3374.jpg\"><img loading=\"lazy\" decoding=\"async\" class=\"size-full wp-image-4547 aligncenter\" src=\"https:\/\/agora.xtec.cat\/col-alfageme-barcelona\/wp-content\/uploads\/usu2634\/2022\/03\/IMG_3374.jpg\" alt=\"\" width=\"640\" height=\"640\" srcset=\"https:\/\/agora.xtec.cat\/col-alfageme-barcelona\/wp-content\/uploads\/usu2634\/2022\/03\/IMG_3374.jpg 640w, https:\/\/agora.xtec.cat\/col-alfageme-barcelona\/wp-content\/uploads\/usu2634\/2022\/03\/IMG_3374-300x300.jpg 300w, https:\/\/agora.xtec.cat\/col-alfageme-barcelona\/wp-content\/uploads\/usu2634\/2022\/03\/IMG_3374-150x150.jpg 150w\" sizes=\"auto, (max-width: 640px) 100vw, 640px\" \/><\/a><\/p>\n<p><a href=\"https:\/\/agora.xtec.cat\/col-alfageme-barcelona\/wp-content\/uploads\/usu2634\/2022\/03\/IMG_3376.jpg\"><img loading=\"lazy\" decoding=\"async\" class=\"wp-image-4548 aligncenter\" src=\"https:\/\/agora.xtec.cat\/col-alfageme-barcelona\/wp-content\/uploads\/usu2634\/2022\/03\/IMG_3376.jpg\" alt=\"\" width=\"638\" height=\"638\" srcset=\"https:\/\/agora.xtec.cat\/col-alfageme-barcelona\/wp-content\/uploads\/usu2634\/2022\/03\/IMG_3376.jpg 640w, https:\/\/agora.xtec.cat\/col-alfageme-barcelona\/wp-content\/uploads\/usu2634\/2022\/03\/IMG_3376-300x300.jpg 300w, https:\/\/agora.xtec.cat\/col-alfageme-barcelona\/wp-content\/uploads\/usu2634\/2022\/03\/IMG_3376-150x150.jpg 150w\" sizes=\"auto, (max-width: 638px) 100vw, 638px\" \/><\/a><\/p>\n<p>&nbsp;<\/p>\n<p style=\"text-align: center;\">Els nens i nenes de 3r han triat construir maquetes per representar les diferents preguntes repte que havien d&#8217;investigar.<\/p>\n<p style=\"text-align: center;\"><a href=\"https:\/\/agora.xtec.cat\/col-alfageme-barcelona\/wp-content\/uploads\/usu2634\/2022\/03\/IMG_4206.jpg\"><img loading=\"lazy\" decoding=\"async\" class=\"wp-image-4568 aligncenter\" src=\"https:\/\/agora.xtec.cat\/col-alfageme-barcelona\/wp-content\/uploads\/usu2634\/2022\/03\/IMG_4206.jpg\" alt=\"\" width=\"782\" height=\"782\" srcset=\"https:\/\/agora.xtec.cat\/col-alfageme-barcelona\/wp-content\/uploads\/usu2634\/2022\/03\/IMG_4206.jpg 640w, https:\/\/agora.xtec.cat\/col-alfageme-barcelona\/wp-content\/uploads\/usu2634\/2022\/03\/IMG_4206-300x300.jpg 300w, https:\/\/agora.xtec.cat\/col-alfageme-barcelona\/wp-content\/uploads\/usu2634\/2022\/03\/IMG_4206-150x150.jpg 150w\" sizes=\"auto, (max-width: 782px) 100vw, 782px\" \/><\/a><\/p>\n<p>&nbsp;<\/p>\n<p><img loading=\"lazy\" decoding=\"async\" class=\" wp-image-4569 aligncenter\" src=\"https:\/\/agora.xtec.cat\/col-alfageme-barcelona\/wp-content\/uploads\/usu2634\/2022\/03\/IMG_4207.jpg\" alt=\"\" width=\"667\" height=\"667\" srcset=\"https:\/\/agora.xtec.cat\/col-alfageme-barcelona\/wp-content\/uploads\/usu2634\/2022\/03\/IMG_4207.jpg 640w, https:\/\/agora.xtec.cat\/col-alfageme-barcelona\/wp-content\/uploads\/usu2634\/2022\/03\/IMG_4207-300x300.jpg 300w, https:\/\/agora.xtec.cat\/col-alfageme-barcelona\/wp-content\/uploads\/usu2634\/2022\/03\/IMG_4207-150x150.jpg 150w\" sizes=\"auto, (max-width: 667px) 100vw, 667px\" \/>\u00a0<a href=\"https:\/\/agora.xtec.cat\/col-alfageme-barcelona\/wp-content\/uploads\/usu2634\/2022\/03\/IMG_4205.jpg\"><img loading=\"lazy\" decoding=\"async\" class=\"wp-image-4567 aligncenter\" src=\"https:\/\/agora.xtec.cat\/col-alfageme-barcelona\/wp-content\/uploads\/usu2634\/2022\/03\/IMG_4205.jpg\" alt=\"\" width=\"781\" height=\"781\" srcset=\"https:\/\/agora.xtec.cat\/col-alfageme-barcelona\/wp-content\/uploads\/usu2634\/2022\/03\/IMG_4205.jpg 640w, https:\/\/agora.xtec.cat\/col-alfageme-barcelona\/wp-content\/uploads\/usu2634\/2022\/03\/IMG_4205-300x300.jpg 300w, https:\/\/agora.xtec.cat\/col-alfageme-barcelona\/wp-content\/uploads\/usu2634\/2022\/03\/IMG_4205-150x150.jpg 150w\" sizes=\"auto, (max-width: 781px) 100vw, 781px\" \/><\/a><\/p>\n<p>&nbsp;<\/p>\n<p style=\"text-align: center;\">&#8220;El mar est\u00e0 prou net?&#8221;<\/p>\n<p><img loading=\"lazy\" decoding=\"async\" class=\"size-full wp-image-4572 aligncenter\" src=\"https:\/\/agora.xtec.cat\/col-alfageme-barcelona\/wp-content\/uploads\/usu2634\/2022\/03\/IMG_3169.jpg\" alt=\"\" width=\"640\" height=\"480\" srcset=\"https:\/\/agora.xtec.cat\/col-alfageme-barcelona\/wp-content\/uploads\/usu2634\/2022\/03\/IMG_3169.jpg 640w, https:\/\/agora.xtec.cat\/col-alfageme-barcelona\/wp-content\/uploads\/usu2634\/2022\/03\/IMG_3169-300x225.jpg 300w, https:\/\/agora.xtec.cat\/col-alfageme-barcelona\/wp-content\/uploads\/usu2634\/2022\/03\/IMG_3169-200x150.jpg 200w\" sizes=\"auto, (max-width: 640px) 100vw, 640px\" \/><\/p>\n<p>&nbsp;<\/p>\n<p style=\"text-align: center;\">&#8220;L&#8217;aigua del mar sempre \u00e9s la mateixa?&#8221; (Cicle de l&#8217;aigua)<\/p>\n<p><a href=\"https:\/\/agora.xtec.cat\/col-alfageme-barcelona\/wp-content\/uploads\/usu2634\/2022\/03\/IMG_3171.jpg\"><br \/>\n<img loading=\"lazy\" decoding=\"async\" class=\"size-large wp-image-4574 aligncenter\" src=\"https:\/\/agora.xtec.cat\/col-alfageme-barcelona\/wp-content\/uploads\/usu2634\/2022\/03\/IMG_3171.jpg\" alt=\"\" width=\"640\" height=\"480\" srcset=\"https:\/\/agora.xtec.cat\/col-alfageme-barcelona\/wp-content\/uploads\/usu2634\/2022\/03\/IMG_3171.jpg 640w, https:\/\/agora.xtec.cat\/col-alfageme-barcelona\/wp-content\/uploads\/usu2634\/2022\/03\/IMG_3171-300x225.jpg 300w, https:\/\/agora.xtec.cat\/col-alfageme-barcelona\/wp-content\/uploads\/usu2634\/2022\/03\/IMG_3171-200x150.jpg 200w\" sizes=\"auto, (max-width: 640px) 100vw, 640px\" \/><\/a><\/p>\n<p>&nbsp;<\/p>\n<p style=\"text-align: center;\">&#8220;Tots els animals necessiten aigua per viure?&#8221; (Medi aqu\u00e0tic)<\/p>\n<p><a href=\"https:\/\/agora.xtec.cat\/col-alfageme-barcelona\/wp-content\/uploads\/usu2634\/2022\/03\/IMG_3172.jpg\"><img loading=\"lazy\" decoding=\"async\" class=\"size-large wp-image-4575 aligncenter\" src=\"https:\/\/agora.xtec.cat\/col-alfageme-barcelona\/wp-content\/uploads\/usu2634\/2022\/03\/IMG_3172.jpg\" alt=\"\" width=\"640\" height=\"480\" srcset=\"https:\/\/agora.xtec.cat\/col-alfageme-barcelona\/wp-content\/uploads\/usu2634\/2022\/03\/IMG_3172.jpg 640w, https:\/\/agora.xtec.cat\/col-alfageme-barcelona\/wp-content\/uploads\/usu2634\/2022\/03\/IMG_3172-300x225.jpg 300w, https:\/\/agora.xtec.cat\/col-alfageme-barcelona\/wp-content\/uploads\/usu2634\/2022\/03\/IMG_3172-200x150.jpg 200w\" sizes=\"auto, (max-width: 640px) 100vw, 640px\" \/><\/a><\/p>\n<p>&nbsp;<\/p>\n<p style=\"text-align: center;\">&#8220;Qu\u00e8 hi ha sota l&#8217;aigua del mar?&#8221; (El fons mar\u00ed)<\/p>\n<p><img loading=\"lazy\" decoding=\"async\" class=\"wp-image-4573 aligncenter\" src=\"https:\/\/agora.xtec.cat\/col-alfageme-barcelona\/wp-content\/uploads\/usu2634\/2022\/03\/IMG_3170.jpg\" alt=\"\" width=\"643\" height=\"482\" srcset=\"https:\/\/agora.xtec.cat\/col-alfageme-barcelona\/wp-content\/uploads\/usu2634\/2022\/03\/IMG_3170.jpg 640w, https:\/\/agora.xtec.cat\/col-alfageme-barcelona\/wp-content\/uploads\/usu2634\/2022\/03\/IMG_3170-300x225.jpg 300w, https:\/\/agora.xtec.cat\/col-alfageme-barcelona\/wp-content\/uploads\/usu2634\/2022\/03\/IMG_3170-200x150.jpg 200w\" sizes=\"auto, (max-width: 643px) 100vw, 643px\" \/><\/p>\n<p>&nbsp;<\/p>\n<p>&nbsp;<\/p>\n<p style=\"text-align: center;\">Els i les alumnes de 4t\u00a0 van optar per representar en uns murals\u00a0 tota la informaci\u00f3 que van anar investigant durant totes les sessions per despr\u00e9s poder fer la seva exposici\u00f3 per grups cooperatius.<\/p>\n<p><a href=\"https:\/\/agora.xtec.cat\/col-alfageme-barcelona\/wp-content\/uploads\/usu2634\/2022\/03\/8bd591fd-0edf-484f-922e-75e853a4b812-1.jpg\"><img loading=\"lazy\" decoding=\"async\" class=\"size-full wp-image-4532 aligncenter\" src=\"https:\/\/agora.xtec.cat\/col-alfageme-barcelona\/wp-content\/uploads\/usu2634\/2022\/03\/8bd591fd-0edf-484f-922e-75e853a4b812-1.jpg\" alt=\"\" width=\"640\" height=\"640\" srcset=\"https:\/\/agora.xtec.cat\/col-alfageme-barcelona\/wp-content\/uploads\/usu2634\/2022\/03\/8bd591fd-0edf-484f-922e-75e853a4b812-1.jpg 640w, https:\/\/agora.xtec.cat\/col-alfageme-barcelona\/wp-content\/uploads\/usu2634\/2022\/03\/8bd591fd-0edf-484f-922e-75e853a4b812-1-300x300.jpg 300w, https:\/\/agora.xtec.cat\/col-alfageme-barcelona\/wp-content\/uploads\/usu2634\/2022\/03\/8bd591fd-0edf-484f-922e-75e853a4b812-1-150x150.jpg 150w\" sizes=\"auto, (max-width: 640px) 100vw, 640px\" \/><\/a><\/p>\n<p>&nbsp;<\/p>\n<p style=\"text-align: center;\">Finalment, va arribar el dia de l&#8217;exposici\u00f3 oral de tot aquest proc\u00e9s, calia explicar tot el que havien descobert i presentar el que havien elaborat i com ho havien fet.<\/p>\n<p style=\"text-align: center;\">Havien estat setmanes de redactar textos, repartir la part que havia de dir cadasc\u00fa i practicar molt!<\/p>\n<p style=\"text-align: center;\"><a href=\"https:\/\/agora.xtec.cat\/col-alfageme-barcelona\/wp-content\/uploads\/usu2634\/2022\/03\/IMG_4283.jpg\"><img loading=\"lazy\" decoding=\"async\" class=\"alignnone size-large wp-image-4577\" src=\"https:\/\/agora.xtec.cat\/col-alfageme-barcelona\/wp-content\/uploads\/usu2634\/2022\/03\/IMG_4283-1024x568.jpg\" alt=\"\" width=\"1024\" height=\"568\" srcset=\"https:\/\/agora.xtec.cat\/col-alfageme-barcelona\/wp-content\/uploads\/usu2634\/2022\/03\/IMG_4283-1024x568.jpg 1024w, https:\/\/agora.xtec.cat\/col-alfageme-barcelona\/wp-content\/uploads\/usu2634\/2022\/03\/IMG_4283-300x166.jpg 300w, https:\/\/agora.xtec.cat\/col-alfageme-barcelona\/wp-content\/uploads\/usu2634\/2022\/03\/IMG_4283-768x426.jpg 768w, https:\/\/agora.xtec.cat\/col-alfageme-barcelona\/wp-content\/uploads\/usu2634\/2022\/03\/IMG_4283.jpg 1281w\" sizes=\"auto, (max-width: 1024px) 100vw, 1024px\" \/><\/a><\/p>\n<p>&nbsp;<\/p>\n<p><a href=\"https:\/\/agora.xtec.cat\/col-alfageme-barcelona\/wp-content\/uploads\/usu2634\/2022\/03\/IMG_4284.jpg\"><img loading=\"lazy\" decoding=\"async\" class=\"size-large wp-image-4578 aligncenter\" src=\"https:\/\/agora.xtec.cat\/col-alfageme-barcelona\/wp-content\/uploads\/usu2634\/2022\/03\/IMG_4284-1024x636.jpg\" alt=\"\" width=\"1024\" height=\"636\" srcset=\"https:\/\/agora.xtec.cat\/col-alfageme-barcelona\/wp-content\/uploads\/usu2634\/2022\/03\/IMG_4284-1024x636.jpg 1024w, https:\/\/agora.xtec.cat\/col-alfageme-barcelona\/wp-content\/uploads\/usu2634\/2022\/03\/IMG_4284-300x186.jpg 300w, https:\/\/agora.xtec.cat\/col-alfageme-barcelona\/wp-content\/uploads\/usu2634\/2022\/03\/IMG_4284-768x477.jpg 768w, https:\/\/agora.xtec.cat\/col-alfageme-barcelona\/wp-content\/uploads\/usu2634\/2022\/03\/IMG_4284.jpg 1160w\" sizes=\"auto, (max-width: 1024px) 100vw, 1024px\" \/><\/a><\/p>\n<p>&nbsp;<\/p>\n<p><a href=\"https:\/\/agora.xtec.cat\/col-alfageme-barcelona\/wp-content\/uploads\/usu2634\/2022\/03\/IMG_4285.jpg\"><img loading=\"lazy\" decoding=\"async\" class=\"size-large wp-image-4579 aligncenter\" src=\"https:\/\/agora.xtec.cat\/col-alfageme-barcelona\/wp-content\/uploads\/usu2634\/2022\/03\/IMG_4285-1024x561.jpg\" alt=\"\" width=\"1024\" height=\"561\" srcset=\"https:\/\/agora.xtec.cat\/col-alfageme-barcelona\/wp-content\/uploads\/usu2634\/2022\/03\/IMG_4285-1024x561.jpg 1024w, https:\/\/agora.xtec.cat\/col-alfageme-barcelona\/wp-content\/uploads\/usu2634\/2022\/03\/IMG_4285-300x164.jpg 300w, https:\/\/agora.xtec.cat\/col-alfageme-barcelona\/wp-content\/uploads\/usu2634\/2022\/03\/IMG_4285-768x421.jpg 768w, https:\/\/agora.xtec.cat\/col-alfageme-barcelona\/wp-content\/uploads\/usu2634\/2022\/03\/IMG_4285.jpg 1284w\" sizes=\"auto, (max-width: 1024px) 100vw, 1024px\" \/><\/a><\/p>\n<p>&nbsp;<\/p>\n<p><a href=\"https:\/\/agora.xtec.cat\/col-alfageme-barcelona\/wp-content\/uploads\/usu2634\/2022\/03\/IMG_4286.jpg\"><img loading=\"lazy\" decoding=\"async\" class=\"size-large wp-image-4580 aligncenter\" src=\"https:\/\/agora.xtec.cat\/col-alfageme-barcelona\/wp-content\/uploads\/usu2634\/2022\/03\/IMG_4286-1024x630.jpg\" alt=\"\" width=\"1024\" height=\"630\" srcset=\"https:\/\/agora.xtec.cat\/col-alfageme-barcelona\/wp-content\/uploads\/usu2634\/2022\/03\/IMG_4286-1024x630.jpg 1024w, https:\/\/agora.xtec.cat\/col-alfageme-barcelona\/wp-content\/uploads\/usu2634\/2022\/03\/IMG_4286-300x184.jpg 300w, https:\/\/agora.xtec.cat\/col-alfageme-barcelona\/wp-content\/uploads\/usu2634\/2022\/03\/IMG_4286-768x472.jpg 768w, https:\/\/agora.xtec.cat\/col-alfageme-barcelona\/wp-content\/uploads\/usu2634\/2022\/03\/IMG_4286.jpg 1171w\" sizes=\"auto, (max-width: 1024px) 100vw, 1024px\" \/><\/a><\/p>\n<p>&nbsp;<\/p>\n<p><a href=\"https:\/\/agora.xtec.cat\/col-alfageme-barcelona\/wp-content\/uploads\/usu2634\/2022\/03\/3bff7b49-f65c-446b-aa71-1424eb4d4163.jpg\"><img loading=\"lazy\" decoding=\"async\" class=\"size-large wp-image-4527 aligncenter\" src=\"https:\/\/agora.xtec.cat\/col-alfageme-barcelona\/wp-content\/uploads\/usu2634\/2022\/03\/3bff7b49-f65c-446b-aa71-1424eb4d4163-1024x1024.jpg\" alt=\"\" width=\"1024\" height=\"1024\" srcset=\"https:\/\/agora.xtec.cat\/col-alfageme-barcelona\/wp-content\/uploads\/usu2634\/2022\/03\/3bff7b49-f65c-446b-aa71-1424eb4d4163-1024x1024.jpg 1024w, https:\/\/agora.xtec.cat\/col-alfageme-barcelona\/wp-content\/uploads\/usu2634\/2022\/03\/3bff7b49-f65c-446b-aa71-1424eb4d4163-300x300.jpg 300w, https:\/\/agora.xtec.cat\/col-alfageme-barcelona\/wp-content\/uploads\/usu2634\/2022\/03\/3bff7b49-f65c-446b-aa71-1424eb4d4163-150x150.jpg 150w, https:\/\/agora.xtec.cat\/col-alfageme-barcelona\/wp-content\/uploads\/usu2634\/2022\/03\/3bff7b49-f65c-446b-aa71-1424eb4d4163-768x768.jpg 768w, https:\/\/agora.xtec.cat\/col-alfageme-barcelona\/wp-content\/uploads\/usu2634\/2022\/03\/3bff7b49-f65c-446b-aa71-1424eb4d4163.jpg 1080w\" sizes=\"auto, (max-width: 1024px) 100vw, 1024px\" \/><\/a><\/p>\n<p><a href=\"https:\/\/agora.xtec.cat\/col-alfageme-barcelona\/wp-content\/uploads\/usu2634\/2022\/03\/c3641079-f544-44fb-b843-e7afffd673b7.jpg\"><img loading=\"lazy\" decoding=\"async\" class=\"size-large wp-image-4528 aligncenter\" src=\"https:\/\/agora.xtec.cat\/col-alfageme-barcelona\/wp-content\/uploads\/usu2634\/2022\/03\/c3641079-f544-44fb-b843-e7afffd673b7-1024x1024.jpg\" alt=\"\" width=\"1024\" height=\"1024\" srcset=\"https:\/\/agora.xtec.cat\/col-alfageme-barcelona\/wp-content\/uploads\/usu2634\/2022\/03\/c3641079-f544-44fb-b843-e7afffd673b7-1024x1024.jpg 1024w, https:\/\/agora.xtec.cat\/col-alfageme-barcelona\/wp-content\/uploads\/usu2634\/2022\/03\/c3641079-f544-44fb-b843-e7afffd673b7-300x300.jpg 300w, https:\/\/agora.xtec.cat\/col-alfageme-barcelona\/wp-content\/uploads\/usu2634\/2022\/03\/c3641079-f544-44fb-b843-e7afffd673b7-150x150.jpg 150w, https:\/\/agora.xtec.cat\/col-alfageme-barcelona\/wp-content\/uploads\/usu2634\/2022\/03\/c3641079-f544-44fb-b843-e7afffd673b7-768x768.jpg 768w, https:\/\/agora.xtec.cat\/col-alfageme-barcelona\/wp-content\/uploads\/usu2634\/2022\/03\/c3641079-f544-44fb-b843-e7afffd673b7.jpg 1080w\" sizes=\"auto, (max-width: 1024px) 100vw, 1024px\" \/><\/a><\/p>\n<p><a href=\"https:\/\/agora.xtec.cat\/col-alfageme-barcelona\/wp-content\/uploads\/usu2634\/2022\/03\/90a163f6-4391-482d-9338-9f07b258402b.jpg\"><img loading=\"lazy\" decoding=\"async\" class=\"size-large wp-image-4531 aligncenter\" src=\"https:\/\/agora.xtec.cat\/col-alfageme-barcelona\/wp-content\/uploads\/usu2634\/2022\/03\/90a163f6-4391-482d-9338-9f07b258402b-1024x1024.jpg\" alt=\"\" width=\"1024\" height=\"1024\" srcset=\"https:\/\/agora.xtec.cat\/col-alfageme-barcelona\/wp-content\/uploads\/usu2634\/2022\/03\/90a163f6-4391-482d-9338-9f07b258402b-1024x1024.jpg 1024w, https:\/\/agora.xtec.cat\/col-alfageme-barcelona\/wp-content\/uploads\/usu2634\/2022\/03\/90a163f6-4391-482d-9338-9f07b258402b-300x300.jpg 300w, https:\/\/agora.xtec.cat\/col-alfageme-barcelona\/wp-content\/uploads\/usu2634\/2022\/03\/90a163f6-4391-482d-9338-9f07b258402b-150x150.jpg 150w, https:\/\/agora.xtec.cat\/col-alfageme-barcelona\/wp-content\/uploads\/usu2634\/2022\/03\/90a163f6-4391-482d-9338-9f07b258402b-768x768.jpg 768w, https:\/\/agora.xtec.cat\/col-alfageme-barcelona\/wp-content\/uploads\/usu2634\/2022\/03\/90a163f6-4391-482d-9338-9f07b258402b.jpg 1080w\" sizes=\"auto, (max-width: 1024px) 100vw, 1024px\" \/><\/a><\/p>\n<p>&nbsp;<\/p>\n<p><a href=\"https:\/\/agora.xtec.cat\/col-alfageme-barcelona\/wp-content\/uploads\/usu2634\/2022\/03\/fc72e73b-cf45-4555-8931-e9b0c19a6a7c.jpg\"><img loading=\"lazy\" decoding=\"async\" class=\"size-large wp-image-4534 aligncenter\" src=\"https:\/\/agora.xtec.cat\/col-alfageme-barcelona\/wp-content\/uploads\/usu2634\/2022\/03\/fc72e73b-cf45-4555-8931-e9b0c19a6a7c-1024x1024.jpg\" alt=\"\" width=\"1024\" height=\"1024\" srcset=\"https:\/\/agora.xtec.cat\/col-alfageme-barcelona\/wp-content\/uploads\/usu2634\/2022\/03\/fc72e73b-cf45-4555-8931-e9b0c19a6a7c-1024x1024.jpg 1024w, https:\/\/agora.xtec.cat\/col-alfageme-barcelona\/wp-content\/uploads\/usu2634\/2022\/03\/fc72e73b-cf45-4555-8931-e9b0c19a6a7c-300x300.jpg 300w, https:\/\/agora.xtec.cat\/col-alfageme-barcelona\/wp-content\/uploads\/usu2634\/2022\/03\/fc72e73b-cf45-4555-8931-e9b0c19a6a7c-150x150.jpg 150w, https:\/\/agora.xtec.cat\/col-alfageme-barcelona\/wp-content\/uploads\/usu2634\/2022\/03\/fc72e73b-cf45-4555-8931-e9b0c19a6a7c-768x768.jpg 768w, https:\/\/agora.xtec.cat\/col-alfageme-barcelona\/wp-content\/uploads\/usu2634\/2022\/03\/fc72e73b-cf45-4555-8931-e9b0c19a6a7c.jpg 1080w\" sizes=\"auto, (max-width: 1024px) 100vw, 1024px\" \/><\/a><\/p>\n<p style=\"text-align: center;\">La motivaci\u00f3, l&#8217;emoci\u00f3, el treball cooperatiu, els alumnes com a protagonistes de l&#8217;aprenentatge, l&#8217;esfor\u00e7 i sobretot les ganes d&#8217;aprendre de cada alumne ha estat la part m\u00e9s positiva d&#8217;aquest projecte .<\/p>\n<p>&nbsp;<\/p>\n<p>&nbsp;<\/p>\n","protected":false},"excerpt":{"rendered":"<p>LA MAR EST\u00c0 LA MAR DE B\u00c9?<br \/>\nDurant aquest trimestre, l&#8217;alumnat de Cicle Mitj\u00e0 ha fet el projecte: &#8220;La mar est\u00e0 mar de b\u00e9?&#8221;.<br \/>\nEls alumnes de Cicle Mitj\u00e0 havien de\u00a0 descobrir la tem\u00e0tica del seu projecte a trav\u00e9s de diferents pistes amb imatges que se&#8217;ls havia&hellip;  <a href=\"https:\/\/agora.xtec.cat\/col-alfageme-barcelona\/general\/projecte-cicle-mitja-la-mar-esta-la-mar-de-be\/\" title=\"Read Projecte Cicle Mitj\u00e0 &#8220;La Mar est\u00e0 la mar de b\u00e9?&#8221;\">Llegeix m\u00e9s\u00bb<\/a><\/p>\n","protected":false},"author":1,"featured_media":4545,"comment_status":"closed","ping_status":"closed","sticky":false,"template":"","format":"standard","meta":{"_bbp_topic_count":0,"_bbp_reply_count":0,"_bbp_total_topic_count":0,"_bbp_total_reply_count":0,"_bbp_voice_count":0,"_bbp_anonymous_reply_count":0,"_bbp_topic_count_hidden":0,"_bbp_reply_count_hidden":0,"_bbp_forum_subforum_count":0,"footnotes":""},"categories":[1],"tags":[66,65],"class_list":["post-4524","post","type-post","status-publish","format-standard","has-post-thumbnail","hentry","category-general","tag-cicle-mitja","tag-educacio-primaria"],"post_mailing_queue_ids":[],"_links":{"self":[{"href":"https:\/\/agora.xtec.cat\/col-alfageme-barcelona\/wp-json\/wp\/v2\/posts\/4524","targetHints":{"allow":["GET"]}}],"collection":[{"href":"https:\/\/agora.xtec.cat\/col-alfageme-barcelona\/wp-json\/wp\/v2\/posts"}],"about":[{"href":"https:\/\/agora.xtec.cat\/col-alfageme-barcelona\/wp-json\/wp\/v2\/types\/post"}],"author":[{"embeddable":true,"href":"https:\/\/agora.xtec.cat\/col-alfageme-barcelona\/wp-json\/wp\/v2\/users\/1"}],"replies":[{"embeddable":true,"href":"https:\/\/agora.xtec.cat\/col-alfageme-barcelona\/wp-json\/wp\/v2\/comments?post=4524"}],"version-history":[{"count":4,"href":"https:\/\/agora.xtec.cat\/col-alfageme-barcelona\/wp-json\/wp\/v2\/posts\/4524\/revisions"}],"predecessor-version":[{"id":4652,"href":"https:\/\/agora.xtec.cat\/col-alfageme-barcelona\/wp-json\/wp\/v2\/posts\/4524\/revisions\/4652"}],"wp:featuredmedia":[{"embeddable":true,"href":"https:\/\/agora.xtec.cat\/col-alfageme-barcelona\/wp-json\/wp\/v2\/media\/4545"}],"wp:attachment":[{"href":"https:\/\/agora.xtec.cat\/col-alfageme-barcelona\/wp-json\/wp\/v2\/media?parent=4524"}],"wp:term":[{"taxonomy":"category","embeddable":true,"href":"https:\/\/agora.xtec.cat\/col-alfageme-barcelona\/wp-json\/wp\/v2\/categories?post=4524"},{"taxonomy":"post_tag","embeddable":true,"href":"https:\/\/agora.xtec.cat\/col-alfageme-barcelona\/wp-json\/wp\/v2\/tags?post=4524"}],"curies":[{"name":"wp","href":"https:\/\/api.w.org\/{rel}","templated":true}]}}