{"id":4079,"date":"2022-03-04T20:52:37","date_gmt":"2022-03-04T19:52:37","guid":{"rendered":"https:\/\/agora.xtec.cat\/col-alfageme-barcelona\/?p=4079"},"modified":"2022-03-04T20:52:37","modified_gmt":"2022-03-04T19:52:37","slug":"parlem-sobre-el-titanic-a-5e","status":"publish","type":"post","link":"https:\/\/agora.xtec.cat\/col-alfageme-barcelona\/general\/parlem-sobre-el-titanic-a-5e\/","title":{"rendered":"Parlem sobre el Tit\u00e0nic a 5\u00e8"},"content":{"rendered":"<p>Les nenes i els nens de 5\u00e8 han apr\u00e8s moltes coses sobre el Titanic gr\u00e0cies al Rafael, el pare de l&#8217;Aitor.<\/p>\n<p><a href=\"https:\/\/agora.xtec.cat\/col-alfageme-barcelona\/wp-content\/uploads\/usu2634\/2022\/03\/WhatsApp-Image-2022-03-04-at-20.05.273.jpeg\"><img loading=\"lazy\" decoding=\"async\" class=\"alignnone size-large wp-image-4080\" src=\"https:\/\/agora.xtec.cat\/col-alfageme-barcelona\/wp-content\/uploads\/usu2634\/2022\/03\/WhatsApp-Image-2022-03-04-at-20.05.273-1024x1024.jpeg\" alt=\"\" width=\"1024\" height=\"1024\" srcset=\"https:\/\/agora.xtec.cat\/col-alfageme-barcelona\/wp-content\/uploads\/usu2634\/2022\/03\/WhatsApp-Image-2022-03-04-at-20.05.273-1024x1024.jpeg 1024w, https:\/\/agora.xtec.cat\/col-alfageme-barcelona\/wp-content\/uploads\/usu2634\/2022\/03\/WhatsApp-Image-2022-03-04-at-20.05.273-300x300.jpeg 300w, https:\/\/agora.xtec.cat\/col-alfageme-barcelona\/wp-content\/uploads\/usu2634\/2022\/03\/WhatsApp-Image-2022-03-04-at-20.05.273-150x150.jpeg 150w, https:\/\/agora.xtec.cat\/col-alfageme-barcelona\/wp-content\/uploads\/usu2634\/2022\/03\/WhatsApp-Image-2022-03-04-at-20.05.273-768x768.jpeg 768w, https:\/\/agora.xtec.cat\/col-alfageme-barcelona\/wp-content\/uploads\/usu2634\/2022\/03\/WhatsApp-Image-2022-03-04-at-20.05.273.jpeg 1080w\" sizes=\"auto, (max-width: 1024px) 100vw, 1024px\" \/><\/a><\/p>\n<p>Ha explicat tot el que t\u00e9 relaci\u00f3 amb el Titanic: quan es va construir, qui el va construir, des d&#8217;on va salpar per primer cop, quant media, quants passatgers hi havia, quantes xemeneies tenia, quant pesava, com va ser la topada amb l&#8217;iceberg&#8230;i moooltes coses m\u00e9s.<\/p>\n<p><a href=\"https:\/\/agora.xtec.cat\/col-alfageme-barcelona\/wp-content\/uploads\/usu2634\/2022\/03\/WhatsApp-Image-2022-03-04-at-20.05.275.jpeg\"><img loading=\"lazy\" decoding=\"async\" class=\"alignnone size-large wp-image-4081\" src=\"https:\/\/agora.xtec.cat\/col-alfageme-barcelona\/wp-content\/uploads\/usu2634\/2022\/03\/WhatsApp-Image-2022-03-04-at-20.05.275-1024x1024.jpeg\" alt=\"\" width=\"1024\" height=\"1024\" srcset=\"https:\/\/agora.xtec.cat\/col-alfageme-barcelona\/wp-content\/uploads\/usu2634\/2022\/03\/WhatsApp-Image-2022-03-04-at-20.05.275-1024x1024.jpeg 1024w, https:\/\/agora.xtec.cat\/col-alfageme-barcelona\/wp-content\/uploads\/usu2634\/2022\/03\/WhatsApp-Image-2022-03-04-at-20.05.275-300x300.jpeg 300w, https:\/\/agora.xtec.cat\/col-alfageme-barcelona\/wp-content\/uploads\/usu2634\/2022\/03\/WhatsApp-Image-2022-03-04-at-20.05.275-150x150.jpeg 150w, https:\/\/agora.xtec.cat\/col-alfageme-barcelona\/wp-content\/uploads\/usu2634\/2022\/03\/WhatsApp-Image-2022-03-04-at-20.05.275-768x768.jpeg 768w, https:\/\/agora.xtec.cat\/col-alfageme-barcelona\/wp-content\/uploads\/usu2634\/2022\/03\/WhatsApp-Image-2022-03-04-at-20.05.275.jpeg 1080w\" sizes=\"auto, (max-width: 1024px) 100vw, 1024px\" \/><\/a><\/p>\n<p>Tothom l&#8217;ha escoltat amb molta atenci\u00f3, no s&#8217;han perdut res del que anava dient el Rafael.<\/p>\n<p><a href=\"https:\/\/agora.xtec.cat\/col-alfageme-barcelona\/wp-content\/uploads\/usu2634\/2022\/03\/WhatsApp-Image-2022-03-04-at-20.05.278.jpeg\"><img loading=\"lazy\" decoding=\"async\" class=\"alignnone size-large wp-image-4082\" src=\"https:\/\/agora.xtec.cat\/col-alfageme-barcelona\/wp-content\/uploads\/usu2634\/2022\/03\/WhatsApp-Image-2022-03-04-at-20.05.278-1024x1024.jpeg\" alt=\"\" width=\"1024\" height=\"1024\" srcset=\"https:\/\/agora.xtec.cat\/col-alfageme-barcelona\/wp-content\/uploads\/usu2634\/2022\/03\/WhatsApp-Image-2022-03-04-at-20.05.278-1024x1024.jpeg 1024w, https:\/\/agora.xtec.cat\/col-alfageme-barcelona\/wp-content\/uploads\/usu2634\/2022\/03\/WhatsApp-Image-2022-03-04-at-20.05.278-300x300.jpeg 300w, https:\/\/agora.xtec.cat\/col-alfageme-barcelona\/wp-content\/uploads\/usu2634\/2022\/03\/WhatsApp-Image-2022-03-04-at-20.05.278-150x150.jpeg 150w, https:\/\/agora.xtec.cat\/col-alfageme-barcelona\/wp-content\/uploads\/usu2634\/2022\/03\/WhatsApp-Image-2022-03-04-at-20.05.278-768x768.jpeg 768w, https:\/\/agora.xtec.cat\/col-alfageme-barcelona\/wp-content\/uploads\/usu2634\/2022\/03\/WhatsApp-Image-2022-03-04-at-20.05.278.jpeg 1080w\" sizes=\"auto, (max-width: 1024px) 100vw, 1024px\" \/><\/a> <a href=\"https:\/\/agora.xtec.cat\/col-alfageme-barcelona\/wp-content\/uploads\/usu2634\/2022\/03\/WhatsApp-Image-2022-03-04-at-20.05.277.jpeg\"><img loading=\"lazy\" decoding=\"async\" class=\"alignnone size-large wp-image-4083\" src=\"https:\/\/agora.xtec.cat\/col-alfageme-barcelona\/wp-content\/uploads\/usu2634\/2022\/03\/WhatsApp-Image-2022-03-04-at-20.05.277-1024x1024.jpeg\" alt=\"\" width=\"1024\" height=\"1024\" srcset=\"https:\/\/agora.xtec.cat\/col-alfageme-barcelona\/wp-content\/uploads\/usu2634\/2022\/03\/WhatsApp-Image-2022-03-04-at-20.05.277-1024x1024.jpeg 1024w, https:\/\/agora.xtec.cat\/col-alfageme-barcelona\/wp-content\/uploads\/usu2634\/2022\/03\/WhatsApp-Image-2022-03-04-at-20.05.277-300x300.jpeg 300w, https:\/\/agora.xtec.cat\/col-alfageme-barcelona\/wp-content\/uploads\/usu2634\/2022\/03\/WhatsApp-Image-2022-03-04-at-20.05.277-150x150.jpeg 150w, https:\/\/agora.xtec.cat\/col-alfageme-barcelona\/wp-content\/uploads\/usu2634\/2022\/03\/WhatsApp-Image-2022-03-04-at-20.05.277-768x768.jpeg 768w, https:\/\/agora.xtec.cat\/col-alfageme-barcelona\/wp-content\/uploads\/usu2634\/2022\/03\/WhatsApp-Image-2022-03-04-at-20.05.277.jpeg 1080w\" sizes=\"auto, (max-width: 1024px) 100vw, 1024px\" \/><\/a> <a href=\"https:\/\/agora.xtec.cat\/col-alfageme-barcelona\/wp-content\/uploads\/usu2634\/2022\/03\/WhatsApp-Image-2022-03-04-at-20.05.274.jpeg\"><img loading=\"lazy\" decoding=\"async\" class=\"alignnone size-large wp-image-4084\" src=\"https:\/\/agora.xtec.cat\/col-alfageme-barcelona\/wp-content\/uploads\/usu2634\/2022\/03\/WhatsApp-Image-2022-03-04-at-20.05.274-1024x1024.jpeg\" alt=\"\" width=\"1024\" height=\"1024\" srcset=\"https:\/\/agora.xtec.cat\/col-alfageme-barcelona\/wp-content\/uploads\/usu2634\/2022\/03\/WhatsApp-Image-2022-03-04-at-20.05.274-1024x1024.jpeg 1024w, https:\/\/agora.xtec.cat\/col-alfageme-barcelona\/wp-content\/uploads\/usu2634\/2022\/03\/WhatsApp-Image-2022-03-04-at-20.05.274-300x300.jpeg 300w, https:\/\/agora.xtec.cat\/col-alfageme-barcelona\/wp-content\/uploads\/usu2634\/2022\/03\/WhatsApp-Image-2022-03-04-at-20.05.274-150x150.jpeg 150w, https:\/\/agora.xtec.cat\/col-alfageme-barcelona\/wp-content\/uploads\/usu2634\/2022\/03\/WhatsApp-Image-2022-03-04-at-20.05.274-768x768.jpeg 768w, https:\/\/agora.xtec.cat\/col-alfageme-barcelona\/wp-content\/uploads\/usu2634\/2022\/03\/WhatsApp-Image-2022-03-04-at-20.05.274.jpeg 1080w\" sizes=\"auto, (max-width: 1024px) 100vw, 1024px\" \/><\/a> <a href=\"https:\/\/agora.xtec.cat\/col-alfageme-barcelona\/wp-content\/uploads\/usu2634\/2022\/03\/WhatsApp-Image-2022-03-04-at-20.05.271.jpeg\"><img loading=\"lazy\" decoding=\"async\" class=\"alignnone size-large wp-image-4085\" src=\"https:\/\/agora.xtec.cat\/col-alfageme-barcelona\/wp-content\/uploads\/usu2634\/2022\/03\/WhatsApp-Image-2022-03-04-at-20.05.271-1024x1024.jpeg\" alt=\"\" width=\"1024\" height=\"1024\" srcset=\"https:\/\/agora.xtec.cat\/col-alfageme-barcelona\/wp-content\/uploads\/usu2634\/2022\/03\/WhatsApp-Image-2022-03-04-at-20.05.271-1024x1024.jpeg 1024w, https:\/\/agora.xtec.cat\/col-alfageme-barcelona\/wp-content\/uploads\/usu2634\/2022\/03\/WhatsApp-Image-2022-03-04-at-20.05.271-300x300.jpeg 300w, https:\/\/agora.xtec.cat\/col-alfageme-barcelona\/wp-content\/uploads\/usu2634\/2022\/03\/WhatsApp-Image-2022-03-04-at-20.05.271-150x150.jpeg 150w, https:\/\/agora.xtec.cat\/col-alfageme-barcelona\/wp-content\/uploads\/usu2634\/2022\/03\/WhatsApp-Image-2022-03-04-at-20.05.271-768x768.jpeg 768w, https:\/\/agora.xtec.cat\/col-alfageme-barcelona\/wp-content\/uploads\/usu2634\/2022\/03\/WhatsApp-Image-2022-03-04-at-20.05.271.jpeg 1080w\" sizes=\"auto, (max-width: 1024px) 100vw, 1024px\" \/><\/a> <a href=\"https:\/\/agora.xtec.cat\/col-alfageme-barcelona\/wp-content\/uploads\/usu2634\/2022\/03\/WhatsApp-Image-2022-03-04-at-20.05.27.jpeg\"><img loading=\"lazy\" decoding=\"async\" class=\"alignnone size-large wp-image-4086\" src=\"https:\/\/agora.xtec.cat\/col-alfageme-barcelona\/wp-content\/uploads\/usu2634\/2022\/03\/WhatsApp-Image-2022-03-04-at-20.05.27-1024x1024.jpeg\" alt=\"\" width=\"1024\" height=\"1024\" srcset=\"https:\/\/agora.xtec.cat\/col-alfageme-barcelona\/wp-content\/uploads\/usu2634\/2022\/03\/WhatsApp-Image-2022-03-04-at-20.05.27-1024x1024.jpeg 1024w, https:\/\/agora.xtec.cat\/col-alfageme-barcelona\/wp-content\/uploads\/usu2634\/2022\/03\/WhatsApp-Image-2022-03-04-at-20.05.27-300x300.jpeg 300w, https:\/\/agora.xtec.cat\/col-alfageme-barcelona\/wp-content\/uploads\/usu2634\/2022\/03\/WhatsApp-Image-2022-03-04-at-20.05.27-150x150.jpeg 150w, https:\/\/agora.xtec.cat\/col-alfageme-barcelona\/wp-content\/uploads\/usu2634\/2022\/03\/WhatsApp-Image-2022-03-04-at-20.05.27-768x768.jpeg 768w, https:\/\/agora.xtec.cat\/col-alfageme-barcelona\/wp-content\/uploads\/usu2634\/2022\/03\/WhatsApp-Image-2022-03-04-at-20.05.27.jpeg 1080w\" sizes=\"auto, (max-width: 1024px) 100vw, 1024px\" \/><\/a><\/p>\n<p>Han pogut preguntar tot el que han volgut i comentar curiositats que elles i ells sabien sobre el Titanic. A m\u00e9s, el Rafael tamb\u00e9 ha explicat altres coses relacionades amb els vaixells i amb l&#8217;\u00e8poca en la qual es va construir el Titanic.<\/p>\n<p>Tot plegat, ha estat una tarda ben diferent, molt interessant i entretinguda. Ens agrada molt que les fam\u00edlies de 5\u00e8 vinguin a classe i comparteixin amb nosaltres tot all\u00f2 que saben que ens pot interessar.<\/p>\n<p><a href=\"https:\/\/agora.xtec.cat\/col-alfageme-barcelona\/wp-content\/uploads\/usu2634\/2022\/03\/WhatsApp-Image-2022-03-04-at-20.05.272.jpeg\"><img loading=\"lazy\" decoding=\"async\" class=\"alignnone size-large wp-image-4088\" src=\"https:\/\/agora.xtec.cat\/col-alfageme-barcelona\/wp-content\/uploads\/usu2634\/2022\/03\/WhatsApp-Image-2022-03-04-at-20.05.272-1024x1024.jpeg\" alt=\"\" width=\"1024\" height=\"1024\" srcset=\"https:\/\/agora.xtec.cat\/col-alfageme-barcelona\/wp-content\/uploads\/usu2634\/2022\/03\/WhatsApp-Image-2022-03-04-at-20.05.272-1024x1024.jpeg 1024w, https:\/\/agora.xtec.cat\/col-alfageme-barcelona\/wp-content\/uploads\/usu2634\/2022\/03\/WhatsApp-Image-2022-03-04-at-20.05.272-300x300.jpeg 300w, https:\/\/agora.xtec.cat\/col-alfageme-barcelona\/wp-content\/uploads\/usu2634\/2022\/03\/WhatsApp-Image-2022-03-04-at-20.05.272-150x150.jpeg 150w, https:\/\/agora.xtec.cat\/col-alfageme-barcelona\/wp-content\/uploads\/usu2634\/2022\/03\/WhatsApp-Image-2022-03-04-at-20.05.272-768x768.jpeg 768w, https:\/\/agora.xtec.cat\/col-alfageme-barcelona\/wp-content\/uploads\/usu2634\/2022\/03\/WhatsApp-Image-2022-03-04-at-20.05.272.jpeg 1080w\" sizes=\"auto, (max-width: 1024px) 100vw, 1024px\" \/><\/a><\/p>\n<p>Moltes gr\u00e0cies, Rafael, per haver vingut. Torna quan vulguis! \u2764<\/p>\n<p><a href=\"https:\/\/agora.xtec.cat\/col-alfageme-barcelona\/wp-content\/uploads\/usu2634\/2022\/03\/WhatsApp-Image-2022-03-04-at-20.05.276.jpeg\"><img loading=\"lazy\" decoding=\"async\" class=\"alignnone size-large wp-image-4087\" src=\"https:\/\/agora.xtec.cat\/col-alfageme-barcelona\/wp-content\/uploads\/usu2634\/2022\/03\/WhatsApp-Image-2022-03-04-at-20.05.276-1024x1024.jpeg\" alt=\"\" width=\"1024\" height=\"1024\" srcset=\"https:\/\/agora.xtec.cat\/col-alfageme-barcelona\/wp-content\/uploads\/usu2634\/2022\/03\/WhatsApp-Image-2022-03-04-at-20.05.276-1024x1024.jpeg 1024w, https:\/\/agora.xtec.cat\/col-alfageme-barcelona\/wp-content\/uploads\/usu2634\/2022\/03\/WhatsApp-Image-2022-03-04-at-20.05.276-300x300.jpeg 300w, https:\/\/agora.xtec.cat\/col-alfageme-barcelona\/wp-content\/uploads\/usu2634\/2022\/03\/WhatsApp-Image-2022-03-04-at-20.05.276-150x150.jpeg 150w, https:\/\/agora.xtec.cat\/col-alfageme-barcelona\/wp-content\/uploads\/usu2634\/2022\/03\/WhatsApp-Image-2022-03-04-at-20.05.276-768x768.jpeg 768w, https:\/\/agora.xtec.cat\/col-alfageme-barcelona\/wp-content\/uploads\/usu2634\/2022\/03\/WhatsApp-Image-2022-03-04-at-20.05.276.jpeg 1080w\" sizes=\"auto, (max-width: 1024px) 100vw, 1024px\" \/><\/a><\/p>\n","protected":false},"excerpt":{"rendered":"<p>Les nenes i els nens de 5\u00e8 han apr\u00e8s moltes coses sobre el Titanic gr\u00e0cies al Rafael, el pare de l&#8217;Aitor.<br \/>\n<a href=\"https:\/\/agora.xtec.cat\/col-alfageme-barcelona\/wp-content\/uploads\/usu2634\/2022\/03\/WhatsApp-Image-2022-03-04-at-20.05.273.jpeg\"><\/a><br \/>\nHa explicat tot el que t\u00e9 relaci\u00f3 amb el Titanic: quan es va construir, qui el va construir, des d&#8217;on va salpar per primer&hellip;  <a href=\"https:\/\/agora.xtec.cat\/col-alfageme-barcelona\/general\/parlem-sobre-el-titanic-a-5e\/\" title=\"Read Parlem sobre el Tit\u00e0nic a 5\u00e8\">Llegeix m\u00e9s\u00bb<\/a><\/p>\n","protected":false},"author":1,"featured_media":4088,"comment_status":"closed","ping_status":"closed","sticky":false,"template":"","format":"standard","meta":{"_bbp_topic_count":0,"_bbp_reply_count":0,"_bbp_total_topic_count":0,"_bbp_total_reply_count":0,"_bbp_voice_count":0,"_bbp_anonymous_reply_count":0,"_bbp_topic_count_hidden":0,"_bbp_reply_count_hidden":0,"_bbp_forum_subforum_count":0,"footnotes":""},"categories":[14,1],"tags":[],"class_list":["post-4079","post","type-post","status-publish","format-standard","has-post-thumbnail","hentry","category-5e","category-general"],"post_mailing_queue_ids":[],"_links":{"self":[{"href":"https:\/\/agora.xtec.cat\/col-alfageme-barcelona\/wp-json\/wp\/v2\/posts\/4079","targetHints":{"allow":["GET"]}}],"collection":[{"href":"https:\/\/agora.xtec.cat\/col-alfageme-barcelona\/wp-json\/wp\/v2\/posts"}],"about":[{"href":"https:\/\/agora.xtec.cat\/col-alfageme-barcelona\/wp-json\/wp\/v2\/types\/post"}],"author":[{"embeddable":true,"href":"https:\/\/agora.xtec.cat\/col-alfageme-barcelona\/wp-json\/wp\/v2\/users\/1"}],"replies":[{"embeddable":true,"href":"https:\/\/agora.xtec.cat\/col-alfageme-barcelona\/wp-json\/wp\/v2\/comments?post=4079"}],"version-history":[{"count":1,"href":"https:\/\/agora.xtec.cat\/col-alfageme-barcelona\/wp-json\/wp\/v2\/posts\/4079\/revisions"}],"predecessor-version":[{"id":4089,"href":"https:\/\/agora.xtec.cat\/col-alfageme-barcelona\/wp-json\/wp\/v2\/posts\/4079\/revisions\/4089"}],"wp:featuredmedia":[{"embeddable":true,"href":"https:\/\/agora.xtec.cat\/col-alfageme-barcelona\/wp-json\/wp\/v2\/media\/4088"}],"wp:attachment":[{"href":"https:\/\/agora.xtec.cat\/col-alfageme-barcelona\/wp-json\/wp\/v2\/media?parent=4079"}],"wp:term":[{"taxonomy":"category","embeddable":true,"href":"https:\/\/agora.xtec.cat\/col-alfageme-barcelona\/wp-json\/wp\/v2\/categories?post=4079"},{"taxonomy":"post_tag","embeddable":true,"href":"https:\/\/agora.xtec.cat\/col-alfageme-barcelona\/wp-json\/wp\/v2\/tags?post=4079"}],"curies":[{"name":"wp","href":"https:\/\/api.w.org\/{rel}","templated":true}]}}