{"id":14688,"date":"2026-03-27T12:14:39","date_gmt":"2026-03-27T11:14:39","guid":{"rendered":"https:\/\/agora.xtec.cat\/col-alfageme-barcelona\/?p=14688"},"modified":"2026-03-27T12:14:39","modified_gmt":"2026-03-27T11:14:39","slug":"projecte-cicle-superior-la-historia-del-cinema","status":"publish","type":"post","link":"https:\/\/agora.xtec.cat\/col-alfageme-barcelona\/general\/projecte-cicle-superior-la-historia-del-cinema\/","title":{"rendered":"Projecte Cicle Superior: &#8220;La hist\u00f2ria del cinema&#8221;"},"content":{"rendered":"<p><strong>La hist\u00f2ria del cinema<\/strong><\/p>\n<p style=\"text-align: justify;\">Durant tot el segon trimestre, l\u2019alumnat de cicle superior ha estat immers en un projecte tan engrescador com enriquidor: <em>La hist\u00f2ria del cinema<\/em>. Aquest treball interdisciplinari ens ha perm\u00e8s viatjar en el temps per descobrir com ha evolucionat el set\u00e8 art, des dels seus inicis fins a l\u2019actualitat, tot combinant recerca, treball en equip i creativitat.<\/p>\n<p style=\"text-align: justify;\">Per comen\u00e7ar, els alumnes es van organitzar en vuit grups, cadascun dels quals representava una etapa diferent de la hist\u00f2ria del cinema. Aquesta divisi\u00f3 va permetre aprofundir en per\u00edodes concrets, com el cinema mut, l\u2019arribada del so, l\u2019\u00e8poca daurada de Hollywood, el cinema contemporani, entre d\u2019altres. Cada grup es va convertir en expert de la seva etapa, assumint el repte d\u2019investigar i seleccionar la informaci\u00f3 m\u00e9s rellevant.<\/p>\n<p style=\"text-align: justify;\">Al llarg de diverses sessions, els grups van dur a terme una recerca detallada sobre diferents aspectes del cinema del seu per\u00edode. Van investigar les cinc pel\u00b7l\u00edcules m\u00e9s famoses de l\u2019\u00e8poca, els premis m\u00e9s importants, aix\u00ed com els actors i actrius m\u00e9s destacats. Aquest proc\u00e9s no nom\u00e9s els ha ajudat a con\u00e8ixer millor la hist\u00f2ria del cinema, sin\u00f3 tamb\u00e9 a desenvolupar habilitats de cerca, selecci\u00f3 i organitzaci\u00f3 de la informaci\u00f3.<\/p>\n<p style=\"text-align: justify;\">Un cop recollides totes les dades, cada grup va plasmar els seus aprenentatges en un mural visual. Aquests murals, plens d\u2019imatges, textos i curiositats, han omplert els passadissos de l\u2019escola de cultura cinematogr\u00e0fica i han esdevingut una eina molt \u00fatil per compartir el coneixement amb la resta de companys i companyes. Ha estat molt interessant observar la diversitat d\u2019estils i la creativitat de cada grup a l\u2019hora de presentar la informaci\u00f3.<\/p>\n<p style=\"text-align: justify;\">Com a producte final del projecte, l\u2019alumnat ha realitzat una activitat molt especial: el doblatge d\u2019una escena representativa de la seva etapa del cinema. Despr\u00e9s d\u2019escollir la seq\u00fc\u00e8ncia, han preparat els di\u00e0legs, han practicat la vocalitzaci\u00f3 i la interpretaci\u00f3, i finalment han gravat el doblatge amb les seves pr\u00f2pies veus. Aquesta experi\u00e8ncia els ha perm\u00e8s posar-se en la pell dels actors i actrius, tot entenent millor la import\u00e0ncia del so, l\u2019expressivitat i la sincronitzaci\u00f3 en el m\u00f3n audiovisual.<\/p>\n<p style=\"text-align: justify;\">El resultat ha estat espectacular. Hem pogut gaudir de versions molt originals i divertides d\u2019escenes cl\u00e0ssiques i modernes, demostrant no nom\u00e9s els coneixements adquirits, sin\u00f3 tamb\u00e9 la implicaci\u00f3 i l\u2019entusiasme de tot l\u2019alumnat.<\/p>\n<p style=\"text-align: justify;\">Aquest projecte ha estat una oportunitat magn\u00edfica per aprendre d\u2019una manera diferent, fomentant el treball cooperatiu, la creativitat i l\u2019inter\u00e8s per la cultura. Sens dubte, <em>La hist\u00f2ria del cinema<\/em> ha deixat empremta en tots nosaltres\u2026 i potser tamb\u00e9 ha despertat alguna futura vocaci\u00f3 cinematogr\u00e0fica! \ud83c\udfac<\/p>\n<p><img loading=\"lazy\" decoding=\"async\" class=\"size-large wp-image-14691 aligncenter\" src=\"https:\/\/agora.xtec.cat\/col-alfageme-barcelona\/wp-content\/uploads\/usu2634\/2026\/03\/IMG_6945-768x1024.jpg\" alt=\"\" width=\"768\" height=\"1024\" srcset=\"https:\/\/agora.xtec.cat\/col-alfageme-barcelona\/wp-content\/uploads\/usu2634\/2026\/03\/IMG_6945-768x1024.jpg 768w, https:\/\/agora.xtec.cat\/col-alfageme-barcelona\/wp-content\/uploads\/usu2634\/2026\/03\/IMG_6945-225x300.jpg 225w, https:\/\/agora.xtec.cat\/col-alfageme-barcelona\/wp-content\/uploads\/usu2634\/2026\/03\/IMG_6945-1152x1536.jpg 1152w, https:\/\/agora.xtec.cat\/col-alfageme-barcelona\/wp-content\/uploads\/usu2634\/2026\/03\/IMG_6945-1536x2048.jpg 1536w, https:\/\/agora.xtec.cat\/col-alfageme-barcelona\/wp-content\/uploads\/usu2634\/2026\/03\/IMG_6945-scaled.jpg 1920w\" sizes=\"auto, (max-width: 768px) 100vw, 768px\" \/> <img loading=\"lazy\" decoding=\"async\" class=\"size-large wp-image-14692 aligncenter\" src=\"https:\/\/agora.xtec.cat\/col-alfageme-barcelona\/wp-content\/uploads\/usu2634\/2026\/03\/IMG_6948-768x1024.jpg\" alt=\"\" width=\"768\" height=\"1024\" srcset=\"https:\/\/agora.xtec.cat\/col-alfageme-barcelona\/wp-content\/uploads\/usu2634\/2026\/03\/IMG_6948-768x1024.jpg 768w, https:\/\/agora.xtec.cat\/col-alfageme-barcelona\/wp-content\/uploads\/usu2634\/2026\/03\/IMG_6948-225x300.jpg 225w, https:\/\/agora.xtec.cat\/col-alfageme-barcelona\/wp-content\/uploads\/usu2634\/2026\/03\/IMG_6948-1152x1536.jpg 1152w, https:\/\/agora.xtec.cat\/col-alfageme-barcelona\/wp-content\/uploads\/usu2634\/2026\/03\/IMG_6948-1536x2048.jpg 1536w, https:\/\/agora.xtec.cat\/col-alfageme-barcelona\/wp-content\/uploads\/usu2634\/2026\/03\/IMG_6948-scaled.jpg 1920w\" sizes=\"auto, (max-width: 768px) 100vw, 768px\" \/> <img loading=\"lazy\" decoding=\"async\" class=\"alignright size-large wp-image-14693\" src=\"https:\/\/agora.xtec.cat\/col-alfageme-barcelona\/wp-content\/uploads\/usu2634\/2026\/03\/IMG_6971-1024x768.jpg\" alt=\"\" width=\"1024\" height=\"768\" srcset=\"https:\/\/agora.xtec.cat\/col-alfageme-barcelona\/wp-content\/uploads\/usu2634\/2026\/03\/IMG_6971-1024x768.jpg 1024w, https:\/\/agora.xtec.cat\/col-alfageme-barcelona\/wp-content\/uploads\/usu2634\/2026\/03\/IMG_6971-300x225.jpg 300w, https:\/\/agora.xtec.cat\/col-alfageme-barcelona\/wp-content\/uploads\/usu2634\/2026\/03\/IMG_6971-768x576.jpg 768w, https:\/\/agora.xtec.cat\/col-alfageme-barcelona\/wp-content\/uploads\/usu2634\/2026\/03\/IMG_6971-1536x1152.jpg 1536w, https:\/\/agora.xtec.cat\/col-alfageme-barcelona\/wp-content\/uploads\/usu2634\/2026\/03\/IMG_6971-2048x1536.jpg 2048w, https:\/\/agora.xtec.cat\/col-alfageme-barcelona\/wp-content\/uploads\/usu2634\/2026\/03\/IMG_6971-200x150.jpg 200w\" sizes=\"auto, (max-width: 1024px) 100vw, 1024px\" \/><\/p>\n","protected":false},"excerpt":{"rendered":"<p>La hist\u00f2ria del cinema<br \/>\nDurant tot el segon trimestre, l\u2019alumnat de cicle superior ha estat immers en un projecte tan engrescador com enriquidor: La hist\u00f2ria del cinema. Aquest treball interdisciplinari ens ha perm\u00e8s viatjar en el temps per descobrir com ha evolucionat el set\u00e8 art, des&hellip;  <a href=\"https:\/\/agora.xtec.cat\/col-alfageme-barcelona\/general\/projecte-cicle-superior-la-historia-del-cinema\/\" title=\"Read Projecte Cicle Superior: &#8220;La hist\u00f2ria del cinema&#8221;\">Llegeix m\u00e9s\u00bb<\/a><\/p>\n","protected":false},"author":1,"featured_media":14693,"comment_status":"closed","ping_status":"open","sticky":false,"template":"","format":"standard","meta":{"_bbp_topic_count":0,"_bbp_reply_count":0,"_bbp_total_topic_count":0,"_bbp_total_reply_count":0,"_bbp_voice_count":0,"_bbp_anonymous_reply_count":0,"_bbp_topic_count_hidden":0,"_bbp_reply_count_hidden":0,"_bbp_forum_subforum_count":0,"footnotes":""},"categories":[14,15,60,1],"tags":[],"class_list":["post-14688","post","type-post","status-publish","format-standard","has-post-thumbnail","hentry","category-5e","category-6e","category-educacio-primaria","category-general"],"post_mailing_queue_ids":[],"_links":{"self":[{"href":"https:\/\/agora.xtec.cat\/col-alfageme-barcelona\/wp-json\/wp\/v2\/posts\/14688","targetHints":{"allow":["GET"]}}],"collection":[{"href":"https:\/\/agora.xtec.cat\/col-alfageme-barcelona\/wp-json\/wp\/v2\/posts"}],"about":[{"href":"https:\/\/agora.xtec.cat\/col-alfageme-barcelona\/wp-json\/wp\/v2\/types\/post"}],"author":[{"embeddable":true,"href":"https:\/\/agora.xtec.cat\/col-alfageme-barcelona\/wp-json\/wp\/v2\/users\/1"}],"replies":[{"embeddable":true,"href":"https:\/\/agora.xtec.cat\/col-alfageme-barcelona\/wp-json\/wp\/v2\/comments?post=14688"}],"version-history":[{"count":3,"href":"https:\/\/agora.xtec.cat\/col-alfageme-barcelona\/wp-json\/wp\/v2\/posts\/14688\/revisions"}],"predecessor-version":[{"id":14694,"href":"https:\/\/agora.xtec.cat\/col-alfageme-barcelona\/wp-json\/wp\/v2\/posts\/14688\/revisions\/14694"}],"wp:featuredmedia":[{"embeddable":true,"href":"https:\/\/agora.xtec.cat\/col-alfageme-barcelona\/wp-json\/wp\/v2\/media\/14693"}],"wp:attachment":[{"href":"https:\/\/agora.xtec.cat\/col-alfageme-barcelona\/wp-json\/wp\/v2\/media?parent=14688"}],"wp:term":[{"taxonomy":"category","embeddable":true,"href":"https:\/\/agora.xtec.cat\/col-alfageme-barcelona\/wp-json\/wp\/v2\/categories?post=14688"},{"taxonomy":"post_tag","embeddable":true,"href":"https:\/\/agora.xtec.cat\/col-alfageme-barcelona\/wp-json\/wp\/v2\/tags?post=14688"}],"curies":[{"name":"wp","href":"https:\/\/api.w.org\/{rel}","templated":true}]}}