{"id":2923,"date":"2026-04-28T17:53:25","date_gmt":"2026-04-28T15:53:25","guid":{"rendered":"https:\/\/agora.xtec.cat\/cfpapaucasals\/?p=2923"},"modified":"2026-04-28T18:05:06","modified_gmt":"2026-04-28T16:05:06","slug":"concurs-de-poesia-i-relat-curt-sant-jordi-2026","status":"publish","type":"post","link":"https:\/\/agora.xtec.cat\/cfpapaucasals\/portada\/concurs-de-poesia-i-relat-curt-sant-jordi-2026\/","title":{"rendered":"Concurs de poesia i relat curt Sant Jordi 2026"},"content":{"rendered":"<p><a href=\"https:\/\/agora.xtec.cat\/cfpapaucasals\/wp-content\/uploads\/usu1861\/2026\/04\/ChatGPT-Image-28-dabr.-del-2026-18_02_54-1.png\"><img loading=\"lazy\" decoding=\"async\" class=\"size-medium wp-image-2929 aligncenter\" src=\"https:\/\/agora.xtec.cat\/cfpapaucasals\/wp-content\/uploads\/usu1861\/2026\/04\/ChatGPT-Image-28-dabr.-del-2026-18_02_54-1-300x298.png\" alt=\"\" width=\"300\" height=\"298\" srcset=\"https:\/\/agora.xtec.cat\/cfpapaucasals\/wp-content\/uploads\/usu1861\/2026\/04\/ChatGPT-Image-28-dabr.-del-2026-18_02_54-1-300x298.png 300w, https:\/\/agora.xtec.cat\/cfpapaucasals\/wp-content\/uploads\/usu1861\/2026\/04\/ChatGPT-Image-28-dabr.-del-2026-18_02_54-1-150x150.png 150w, https:\/\/agora.xtec.cat\/cfpapaucasals\/wp-content\/uploads\/usu1861\/2026\/04\/ChatGPT-Image-28-dabr.-del-2026-18_02_54-1.png 536w\" sizes=\"auto, (max-width: 300px) 100vw, 300px\" \/><\/a><\/p>\n<p>Amb motiu de la celebraci\u00f3 de Sant Jordi 2026, la nostra escola ha organitzat el tradicional concurs de poesia i relat curt, una activitat que any rere any posa en valor la creativitat i l\u2019expressi\u00f3 liter\u00e0ria del nostre alumnat.<\/p>\n<p>Ens complau compartir els tres primers premis d\u2019aquesta edici\u00f3 <a href=\"https:\/\/agora.xtec.cat\/cfpapaucasals\/wp-content\/uploads\/usu1861\/2026\/04\/Sant-Jordi.pdf\">Sant Jordi<\/a><\/p>\n<p>Agra\u00efm de tot cor a tots els alumnes que han participat en el concurs. La vostra il\u00b7lusi\u00f3, esfor\u00e7 i creativitat s\u00f3n l\u2019ess\u00e8ncia d\u2019aquesta diada tan especial i contribueixen a mantenir viva la passi\u00f3 per la lectura i l\u2019escriptura.<\/p>\n<p>Moltes gr\u00e0cies a tothom i enhorabona!<\/p>\n","protected":false},"excerpt":{"rendered":"<p><a href=\"https:\/\/agora.xtec.cat\/cfpapaucasals\/wp-content\/uploads\/usu1861\/2026\/04\/ChatGPT-Image-28-dabr.-del-2026-18_02_54-1.png\"><\/a><br \/>\nAmb motiu de la celebraci\u00f3 de Sant Jordi 2026, la nostra escola ha organitzat el tradicional concurs de poesia i relat curt, una activitat que any rere any posa en valor la creativitat i l\u2019expressi\u00f3 liter\u00e0ria del nostre alumnat.<br \/>\nEns complau compartir els tres primers&hellip;  <a href=\"https:\/\/agora.xtec.cat\/cfpapaucasals\/portada\/concurs-de-poesia-i-relat-curt-sant-jordi-2026\/\" title=\"Read Concurs de poesia i relat curt Sant Jordi 2026\">Llegeix m\u00e9s\u00bb<\/a><\/p>\n","protected":false},"author":43,"featured_media":2929,"comment_status":"open","ping_status":"open","sticky":false,"template":"","format":"standard","meta":{"_bbp_topic_count":0,"_bbp_reply_count":0,"_bbp_total_topic_count":0,"_bbp_total_reply_count":0,"_bbp_voice_count":0,"_bbp_anonymous_reply_count":0,"_bbp_topic_count_hidden":0,"_bbp_reply_count_hidden":0,"_bbp_forum_subforum_count":0,"footnotes":""},"categories":[80,133,163,100,134,29],"tags":[85,120,167,109,142,143,126,38],"class_list":["post-2923","post","type-post","status-publish","format-standard","has-post-thumbnail","hentry","category-revista","category-catala","category-cocobe","category-competic","category-llengues","category-portada","tag-enriquits","tag-cfapaucasals","tag-cocobe","tag-competic","tag-gust-per-la-lectura","tag-lic","tag-poema","tag-sant-jordi"],"post_mailing_queue_ids":[],"_links":{"self":[{"href":"https:\/\/agora.xtec.cat\/cfpapaucasals\/wp-json\/wp\/v2\/posts\/2923","targetHints":{"allow":["GET"]}}],"collection":[{"href":"https:\/\/agora.xtec.cat\/cfpapaucasals\/wp-json\/wp\/v2\/posts"}],"about":[{"href":"https:\/\/agora.xtec.cat\/cfpapaucasals\/wp-json\/wp\/v2\/types\/post"}],"author":[{"embeddable":true,"href":"https:\/\/agora.xtec.cat\/cfpapaucasals\/wp-json\/wp\/v2\/users\/43"}],"replies":[{"embeddable":true,"href":"https:\/\/agora.xtec.cat\/cfpapaucasals\/wp-json\/wp\/v2\/comments?post=2923"}],"version-history":[{"count":3,"href":"https:\/\/agora.xtec.cat\/cfpapaucasals\/wp-json\/wp\/v2\/posts\/2923\/revisions"}],"predecessor-version":[{"id":2930,"href":"https:\/\/agora.xtec.cat\/cfpapaucasals\/wp-json\/wp\/v2\/posts\/2923\/revisions\/2930"}],"wp:featuredmedia":[{"embeddable":true,"href":"https:\/\/agora.xtec.cat\/cfpapaucasals\/wp-json\/wp\/v2\/media\/2929"}],"wp:attachment":[{"href":"https:\/\/agora.xtec.cat\/cfpapaucasals\/wp-json\/wp\/v2\/media?parent=2923"}],"wp:term":[{"taxonomy":"category","embeddable":true,"href":"https:\/\/agora.xtec.cat\/cfpapaucasals\/wp-json\/wp\/v2\/categories?post=2923"},{"taxonomy":"post_tag","embeddable":true,"href":"https:\/\/agora.xtec.cat\/cfpapaucasals\/wp-json\/wp\/v2\/tags?post=2923"}],"curies":[{"name":"wp","href":"https:\/\/api.w.org\/{rel}","templated":true}]}}