{"id":2917,"date":"2026-04-28T17:32:52","date_gmt":"2026-04-28T15:32:52","guid":{"rendered":"https:\/\/agora.xtec.cat\/cfpapaucasals\/?p=2917"},"modified":"2026-04-28T17:33:54","modified_gmt":"2026-04-28T15:33:54","slug":"qui-es-fatima-saheb","status":"publish","type":"post","link":"https:\/\/agora.xtec.cat\/cfpapaucasals\/general\/qui-es-fatima-saheb\/","title":{"rendered":"Qui \u00e9s F\u00e0tima Saheb?"},"content":{"rendered":"<p><img loading=\"lazy\" decoding=\"async\" class=\"alignnone size-medium wp-image-2918 aligncenter\" src=\"https:\/\/agora.xtec.cat\/cfpapaucasals\/wp-content\/uploads\/usu1861\/2026\/04\/foto-fatima-saheb-web-300x225.jpg\" alt=\"\" width=\"300\" height=\"225\" srcset=\"https:\/\/agora.xtec.cat\/cfpapaucasals\/wp-content\/uploads\/usu1861\/2026\/04\/foto-fatima-saheb-web-300x225.jpg 300w, https:\/\/agora.xtec.cat\/cfpapaucasals\/wp-content\/uploads\/usu1861\/2026\/04\/foto-fatima-saheb-web-1024x768.jpg 1024w, https:\/\/agora.xtec.cat\/cfpapaucasals\/wp-content\/uploads\/usu1861\/2026\/04\/foto-fatima-saheb-web-768x576.jpg 768w, https:\/\/agora.xtec.cat\/cfpapaucasals\/wp-content\/uploads\/usu1861\/2026\/04\/foto-fatima-saheb-web-1536x1152.jpg 1536w, https:\/\/agora.xtec.cat\/cfpapaucasals\/wp-content\/uploads\/usu1861\/2026\/04\/foto-fatima-saheb-web-2048x1536.jpg 2048w, https:\/\/agora.xtec.cat\/cfpapaucasals\/wp-content\/uploads\/usu1861\/2026\/04\/foto-fatima-saheb-web-200x150.jpg 200w\" sizes=\"auto, (max-width: 300px) 100vw, 300px\" \/><\/p>\n<p>La setmana passada vam tenir el privilegi de rebre la visita de l\u2019escriptora catalana F\u00e0tima Saheb a la nostra escola, en una activitat que va resultar especialment enriquidora.<\/p>\n<p>Durant la trobada, l\u2019autora va compartir amb l\u2019alumnat algunes de les seves lectures, aix\u00ed com experi\u00e8ncies personals que han marcat el seu cam\u00ed vital i professional. Aquest intercanvi proper i sincer va generar un espai de di\u00e0leg molt valu\u00f3s, on els alumnes van poder expressar inquietuds, fer preguntes i reflexionar sobre temes importants com la identitat, la cultura i la superaci\u00f3 personal.<\/p>\n<p>La seva pres\u00e8ncia va esdevenir un gran referent per als nostres alumnes, no nom\u00e9s des del punt de vista literari, sin\u00f3 tamb\u00e9 hum\u00e0. Activitats com aquesta fomenten el gust per la lectura i contribueixen a formar esperits cr\u00edtics i oberts al m\u00f3n.<\/p>\n<p>Agra\u00efm sincerament a la F\u00e0tima Saheb la seva visita i la generositat amb qu\u00e8 va compartir el seu temps i la seva experi\u00e8ncia amb nosaltres.<\/p>\n<p><a href=\"https:\/\/agora.xtec.cat\/cfpapaucasals\/wp-content\/uploads\/usu1861\/2026\/04\/Fatima-Saheb.pdf\">F\u00e0tima Saheb<\/a><\/p>\n","protected":false},"excerpt":{"rendered":"<p>La setmana passada vam tenir el privilegi de rebre la visita de l\u2019escriptora catalana F\u00e0tima Saheb a la nostra escola, en una activitat que va resultar especialment enriquidora.<br \/>\nDurant la trobada, l\u2019autora va compartir amb l\u2019alumnat algunes de les seves lectures, aix\u00ed com experi\u00e8ncies personals que&hellip;  <a href=\"https:\/\/agora.xtec.cat\/cfpapaucasals\/general\/qui-es-fatima-saheb\/\" title=\"Read Qui \u00e9s F\u00e0tima Saheb?\">Llegeix m\u00e9s\u00bb<\/a><\/p>\n","protected":false},"author":43,"featured_media":2918,"comment_status":"open","ping_status":"open","sticky":false,"template":"","format":"standard","meta":{"_bbp_topic_count":0,"_bbp_reply_count":0,"_bbp_total_topic_count":0,"_bbp_total_reply_count":0,"_bbp_voice_count":0,"_bbp_anonymous_reply_count":0,"_bbp_topic_count_hidden":0,"_bbp_reply_count_hidden":0,"_bbp_forum_subforum_count":0,"footnotes":""},"categories":[1,29],"tags":[85,89,128,120,167,107,108,98,118,117,44],"class_list":["post-2917","post","type-post","status-publish","format-standard","has-post-thumbnail","hentry","category-general","category-portada","tag-enriquits","tag-biblioteca","tag-catala","tag-cfapaucasals","tag-cocobe","tag-cultures","tag-dona","tag-fi","tag-llengues","tag-portada","tag-xerrades"],"post_mailing_queue_ids":[],"_links":{"self":[{"href":"https:\/\/agora.xtec.cat\/cfpapaucasals\/wp-json\/wp\/v2\/posts\/2917","targetHints":{"allow":["GET"]}}],"collection":[{"href":"https:\/\/agora.xtec.cat\/cfpapaucasals\/wp-json\/wp\/v2\/posts"}],"about":[{"href":"https:\/\/agora.xtec.cat\/cfpapaucasals\/wp-json\/wp\/v2\/types\/post"}],"author":[{"embeddable":true,"href":"https:\/\/agora.xtec.cat\/cfpapaucasals\/wp-json\/wp\/v2\/users\/43"}],"replies":[{"embeddable":true,"href":"https:\/\/agora.xtec.cat\/cfpapaucasals\/wp-json\/wp\/v2\/comments?post=2917"}],"version-history":[{"count":3,"href":"https:\/\/agora.xtec.cat\/cfpapaucasals\/wp-json\/wp\/v2\/posts\/2917\/revisions"}],"predecessor-version":[{"id":2922,"href":"https:\/\/agora.xtec.cat\/cfpapaucasals\/wp-json\/wp\/v2\/posts\/2917\/revisions\/2922"}],"wp:featuredmedia":[{"embeddable":true,"href":"https:\/\/agora.xtec.cat\/cfpapaucasals\/wp-json\/wp\/v2\/media\/2918"}],"wp:attachment":[{"href":"https:\/\/agora.xtec.cat\/cfpapaucasals\/wp-json\/wp\/v2\/media?parent=2917"}],"wp:term":[{"taxonomy":"category","embeddable":true,"href":"https:\/\/agora.xtec.cat\/cfpapaucasals\/wp-json\/wp\/v2\/categories?post=2917"},{"taxonomy":"post_tag","embeddable":true,"href":"https:\/\/agora.xtec.cat\/cfpapaucasals\/wp-json\/wp\/v2\/tags?post=2917"}],"curies":[{"name":"wp","href":"https:\/\/api.w.org\/{rel}","templated":true}]}}