{"id":2914,"date":"2026-04-15T17:17:14","date_gmt":"2026-04-15T15:17:14","guid":{"rendered":"https:\/\/agora.xtec.cat\/cfpapaucasals\/?p=2914"},"modified":"2026-04-15T17:17:14","modified_gmt":"2026-04-15T15:17:14","slug":"xerrada-de-lagencia-tributaria","status":"publish","type":"post","link":"https:\/\/agora.xtec.cat\/cfpapaucasals\/portada\/xerrada-de-lagencia-tributaria\/","title":{"rendered":"Xerrada de l&#8217;Ag\u00e8ncia Tributaria"},"content":{"rendered":"<p>L\u2019alumnat de GES d\u2019<strong>Economia<\/strong> i de <strong>Ciutadania<\/strong> del nostre centre ha tingut l\u2019oportunitat d\u2019assistir recentment a una xerrada molt enriquidora a c\u00e0rrec de dues treballadores de l\u2019Ag\u00e8ncia Tribut\u00e0ria. Aquesta activitat s\u2019emmarca dins de la voluntat del centre de fomentar una educaci\u00f3 integral, connectada amb la realitat social i econ\u00f2mica.<\/p>\n<p>Durant la sessi\u00f3, les ponents van explicar de manera clara i entenedora <strong>qu\u00e8 s\u00f3n els impostos<\/strong> i per qu\u00e8 s\u00f3n una pe\u00e7a fonamental per al funcionament de qualsevol societat. L\u2019alumnat va poder comprendre com es recapten aquests recursos, qui est\u00e0 obligat a pagar-los i en quins moments de la vida s\u2019han de declarar i abonar.<\/p>\n<p>Un dels aspectes m\u00e9s destacats de la xerrada va ser la manera pr\u00e0ctica amb qu\u00e8 es van il\u00b7lustrar els continguts. A trav\u00e9s d\u2019exemples concrets, es va mostrar quin \u00e9s el <strong>cost aproximat de tota l\u2019escolaritzaci\u00f3 d\u2019una persona<\/strong>, aix\u00ed com el finan\u00e7ament de diversos <strong>tractaments m\u00e8dics<\/strong> dins del sistema p\u00fablic de salut. Aix\u00f2 va permetre a l\u2019alumnat prendre consci\u00e8ncia del valor dels serveis p\u00fablics que sovint es donen per descomptats.<\/p>\n<p>Tamb\u00e9 es va abordar el <strong>sistema de pensions<\/strong>: quins tipus existeixen, qui hi t\u00e9 dret i quina \u00e9s la realitat actual pel que fa al nombre de pensionistes i les diferents prestacions. Aquesta part va generar molt d\u2019inter\u00e8s i va propiciar reflexions sobre la sostenibilitat del sistema i la import\u00e0ncia de la contribuci\u00f3 col\u00b7lectiva.<\/p>\n<p>La xerrada va ser una experi\u00e8ncia molt positiva que va ajudar l\u2019alumnat a entendre millor el paper dels impostos en la nostra societat i a desenvolupar una <strong>mirada m\u00e9s cr\u00edtica i responsable com a ciutadans<\/strong>. Des del centre, volem agrair la disponibilitat i la tasca pedag\u00f2gica de les professionals de l\u2019Ag\u00e8ncia Tribut\u00e0ria, que han contribu\u00eft a fer aquesta activitat tan profitosa.<\/p>\n","protected":false},"excerpt":{"rendered":"<p>L\u2019alumnat de GES d\u2019Economia i de Ciutadania del nostre centre ha tingut l\u2019oportunitat d\u2019assistir recentment a una xerrada molt enriquidora a c\u00e0rrec de dues treballadores de l\u2019Ag\u00e8ncia Tribut\u00e0ria. Aquesta activitat s\u2019emmarca dins de la voluntat del centre de fomentar una educaci\u00f3 integral, connectada amb la&hellip;  <a href=\"https:\/\/agora.xtec.cat\/cfpapaucasals\/portada\/xerrada-de-lagencia-tributaria\/\" title=\"Read Xerrada de l&#8217;Ag\u00e8ncia Tributaria\">Llegeix m\u00e9s\u00bb<\/a><\/p>\n","protected":false},"author":69,"featured_media":2915,"comment_status":"open","ping_status":"open","sticky":false,"template":"","format":"standard","meta":{"_bbp_topic_count":0,"_bbp_reply_count":0,"_bbp_total_topic_count":0,"_bbp_total_reply_count":0,"_bbp_voice_count":0,"_bbp_anonymous_reply_count":0,"_bbp_topic_count_hidden":0,"_bbp_reply_count_hidden":0,"_bbp_forum_subforum_count":0,"footnotes":""},"categories":[113,29],"tags":[],"class_list":["post-2914","post","type-post","status-publish","format-standard","has-post-thumbnail","hentry","category-ges","category-portada"],"post_mailing_queue_ids":[],"_links":{"self":[{"href":"https:\/\/agora.xtec.cat\/cfpapaucasals\/wp-json\/wp\/v2\/posts\/2914","targetHints":{"allow":["GET"]}}],"collection":[{"href":"https:\/\/agora.xtec.cat\/cfpapaucasals\/wp-json\/wp\/v2\/posts"}],"about":[{"href":"https:\/\/agora.xtec.cat\/cfpapaucasals\/wp-json\/wp\/v2\/types\/post"}],"author":[{"embeddable":true,"href":"https:\/\/agora.xtec.cat\/cfpapaucasals\/wp-json\/wp\/v2\/users\/69"}],"replies":[{"embeddable":true,"href":"https:\/\/agora.xtec.cat\/cfpapaucasals\/wp-json\/wp\/v2\/comments?post=2914"}],"version-history":[{"count":1,"href":"https:\/\/agora.xtec.cat\/cfpapaucasals\/wp-json\/wp\/v2\/posts\/2914\/revisions"}],"predecessor-version":[{"id":2916,"href":"https:\/\/agora.xtec.cat\/cfpapaucasals\/wp-json\/wp\/v2\/posts\/2914\/revisions\/2916"}],"wp:featuredmedia":[{"embeddable":true,"href":"https:\/\/agora.xtec.cat\/cfpapaucasals\/wp-json\/wp\/v2\/media\/2915"}],"wp:attachment":[{"href":"https:\/\/agora.xtec.cat\/cfpapaucasals\/wp-json\/wp\/v2\/media?parent=2914"}],"wp:term":[{"taxonomy":"category","embeddable":true,"href":"https:\/\/agora.xtec.cat\/cfpapaucasals\/wp-json\/wp\/v2\/categories?post=2914"},{"taxonomy":"post_tag","embeddable":true,"href":"https:\/\/agora.xtec.cat\/cfpapaucasals\/wp-json\/wp\/v2\/tags?post=2914"}],"curies":[{"name":"wp","href":"https:\/\/api.w.org\/{rel}","templated":true}]}}