{"id":651,"date":"2022-02-14T12:23:32","date_gmt":"2022-02-14T11:23:32","guid":{"rendered":"https:\/\/agora.xtec.cat\/cfgselgalliner\/?p=651"},"modified":"2022-02-14T12:26:35","modified_gmt":"2022-02-14T11:26:35","slug":"masterclass-isaac-alcayde","status":"publish","type":"post","link":"https:\/\/agora.xtec.cat\/cfgselgalliner\/portada\/masterclass-isaac-alcayde\/","title":{"rendered":"Masterclass Isaac Alcayde"},"content":{"rendered":"<p><span style=\"text-decoration: underline;\">Masterclass de Coaching acotral amb Isaac Alcayde<\/span>, actor amb llarga traject\u00f2ria al teatre, televisi\u00f3 i cinema, pedagog i coach. Com a professor, ha desenvolupat la seva tasca pedag\u00f2gica des de cursos d\u2019iniciaci\u00f3 fins a la direcci\u00f3 de peces teatrals senceres.<br \/>\nHa fet coaching per a actors de diferents edats i proced\u00e8ncia per a cinema, teatre i TV (Merl\u00ed, La Vida Sense la Sara Amat, Les de l\u2019Hoquei&#8230;).<br \/>\nLa seva tasca parteix del treball concret amb cada alumne potenciant sempre la seva individualitat, l\u2019escolta esc\u00e8nica en un grau molt important, la veritat interpretativa com a base indispensable, i el treball corporal, la cohesi\u00f3 i el treball en equip de tots els seus grups. El creixement personal de la m\u00e0 del professional, i interpretatiu. Creu en la pedagogia com el fet de transmetre el propi aprenentatge esdevingut del proc\u00e9s de treball amb els diferents i propis mestres de la seva carrera, i com un proc\u00e9s que no acaba.<\/p>\n<ul>\n<li>Quan? <strong>Dissabte 19 de mar\u00e7 de 10h a 14h <\/strong><\/li>\n<li>On? <strong>Al Centre de formaci\u00f3 teatral El Galliner<\/strong><\/li>\n<li>Preu? <strong>40\u20ac<\/strong> per alumnes del CFGS d&#8217;El Galliner, socis de l&#8217;AGT i de l&#8217;AADPC i professors de l&#8217;Escola<br \/>\n<strong> 50\u20ac<\/strong> per la resta.<\/li>\n<li>Com ho faig per apuntar-me? <strong>Envia un correu a agt@agt.cat o truca al 972 22 13 77<br \/>\n<\/strong><\/li>\n<\/ul>\n<p>No et perdis aquesta oportunitat!<\/p>\n<p>&nbsp;<\/p>\n","protected":false},"excerpt":{"rendered":"<p>Masterclass de Coaching acotral amb Isaac Alcayde dissabte 19 de mar\u00e7 al Centre de formaci\u00f3 teatral El Galliner&hellip;  <a href=\"https:\/\/agora.xtec.cat\/cfgselgalliner\/portada\/masterclass-isaac-alcayde\/\" title=\"Read Masterclass Isaac Alcayde\">Llegeix m\u00e9s\u00bb<\/a><\/p>\n","protected":false},"author":1,"featured_media":652,"comment_status":"open","ping_status":"closed","sticky":false,"template":"","format":"standard","meta":{"_bbp_topic_count":0,"_bbp_reply_count":0,"_bbp_total_topic_count":0,"_bbp_total_reply_count":0,"_bbp_voice_count":0,"_bbp_anonymous_reply_count":0,"_bbp_topic_count_hidden":0,"_bbp_reply_count_hidden":0,"_bbp_forum_subforum_count":0,"footnotes":""},"categories":[29],"tags":[91,103,102,94,99,100,101,98,97,40,95],"class_list":["post-651","post","type-post","status-publish","format-standard","has-post-thumbnail","hentry","category-portada","tag-actuar","tag-agt","tag-associacio-gironina-de-teatre","tag-cfgs","tag-curs","tag-el-galliner","tag-girona","tag-isaac-alcayde","tag-masterclass","tag-teatre","tag-tecniques-dactuacio-teatral"],"post_mailing_queue_ids":[],"_links":{"self":[{"href":"https:\/\/agora.xtec.cat\/cfgselgalliner\/wp-json\/wp\/v2\/posts\/651","targetHints":{"allow":["GET"]}}],"collection":[{"href":"https:\/\/agora.xtec.cat\/cfgselgalliner\/wp-json\/wp\/v2\/posts"}],"about":[{"href":"https:\/\/agora.xtec.cat\/cfgselgalliner\/wp-json\/wp\/v2\/types\/post"}],"author":[{"embeddable":true,"href":"https:\/\/agora.xtec.cat\/cfgselgalliner\/wp-json\/wp\/v2\/users\/1"}],"replies":[{"embeddable":true,"href":"https:\/\/agora.xtec.cat\/cfgselgalliner\/wp-json\/wp\/v2\/comments?post=651"}],"version-history":[{"count":2,"href":"https:\/\/agora.xtec.cat\/cfgselgalliner\/wp-json\/wp\/v2\/posts\/651\/revisions"}],"predecessor-version":[{"id":655,"href":"https:\/\/agora.xtec.cat\/cfgselgalliner\/wp-json\/wp\/v2\/posts\/651\/revisions\/655"}],"wp:featuredmedia":[{"embeddable":true,"href":"https:\/\/agora.xtec.cat\/cfgselgalliner\/wp-json\/wp\/v2\/media\/652"}],"wp:attachment":[{"href":"https:\/\/agora.xtec.cat\/cfgselgalliner\/wp-json\/wp\/v2\/media?parent=651"}],"wp:term":[{"taxonomy":"category","embeddable":true,"href":"https:\/\/agora.xtec.cat\/cfgselgalliner\/wp-json\/wp\/v2\/categories?post=651"},{"taxonomy":"post_tag","embeddable":true,"href":"https:\/\/agora.xtec.cat\/cfgselgalliner\/wp-json\/wp\/v2\/tags?post=651"}],"curies":[{"name":"wp","href":"https:\/\/api.w.org\/{rel}","templated":true}]}}