{"id":134,"date":"2022-02-07T10:45:22","date_gmt":"2022-02-07T09:45:22","guid":{"rendered":"http:\/\/agora.xtec.cat\/cfgselgalliner\/?p=134"},"modified":"2022-02-11T13:02:01","modified_gmt":"2022-02-11T12:02:01","slug":"distrets1aconvocatoria","status":"publish","type":"post","link":"https:\/\/agora.xtec.cat\/cfgselgalliner\/portada\/distrets1aconvocatoria\/","title":{"rendered":"Distrets"},"content":{"rendered":"<p>Els Distrets s\u00f3n una marat\u00f3 d&#8217;espectacles breus de creaci\u00f3 pr\u00f2pia dels nostres alumnes. La primera presentaci\u00f3 ser\u00e0 el proper 19 de febrer al Centre C\u00edvic Sant Narc\u00eds a les 16h.<\/p>\n<p>Entrada lliure i gratu\u00efta, aforament limitat.<\/p>\n<p>Aquest any alguns dels alumnes del nostre CFGS en t\u00e8cniques d&#8217;actuaci\u00f3 teatral que hi participen s\u00f3n:<\/p>\n<p><strong>8 de Mar\u00e7: <\/strong>Pau Roca, J\u00falia Ayats. <em>(1r CFGS)<\/em><\/p>\n<p><strong>La nostra veritat: <\/strong>Aina Pujol, Pol Riera. <em>(2n CFGS)<\/em><\/p>\n<p><strong>Ar\u00e1kne: <\/strong>Mar Barrera <em>(1r CFGS)<\/em>, Espe Qui\u00f1ones.<\/p>\n<p><strong>Soul: <\/strong>Solange Carmona, Sara Garc\u00eda. <em>(1r CFGS)<\/em><\/p>\n<p><strong>Caronte: <\/strong>Elsa Rodr\u00edguez, Chon L\u00f3pez. <em>(2n CFGS)<\/em><\/p>\n<p><strong>Gideon: <\/strong>Yaiza Torres, Joan Gr\u00e0cia<em>. (1r CFGS)<\/em><\/p>\n<p><strong>Hivern: <\/strong>Nil Ribes, Stella Menezes<em>. (2n CFGS)<\/em><\/p>\n<p><strong>No puc m\u00e9s sense tu: <\/strong>Pol Formatj\u00e9<em>. (1r CFGS)<\/em><\/p>\n<p><strong>Una historia de mi: <\/strong>Anna Bag\u00f3<em>. (2n CFGS)<\/em><\/p>\n<p><strong>The soul has no gender: <\/strong>Guillem Hern\u00e1ndez, Carles Ruiz<em>. (1r CFGS)<\/em><\/p>\n<p><strong>Identitat: <\/strong>Oriol Porxas<em>. (1r CFGS)<\/em><\/p>\n","protected":false},"excerpt":{"rendered":"<p>Els Distrets s\u00f3n una marat\u00f3 d&#8217;espectacles breus de creaci\u00f3 pr\u00f2pia dels nostres alumnes. La primera presentaci\u00f3 ser\u00e0 el proper 19 de febrer al Centre C\u00edvic Sant Narc\u00eds a les 16h.<br \/>\nEntrada lliure i gratu\u00efta, aforament limitat.<br \/>\nAquest any alguns dels alumnes del nostre CFGS en t\u00e8cniques d&#8217;actuaci\u00f3&hellip;  <a href=\"https:\/\/agora.xtec.cat\/cfgselgalliner\/portada\/distrets1aconvocatoria\/\" title=\"Read Distrets\">Llegeix m\u00e9s\u00bb<\/a><\/p>\n","protected":false},"author":1,"featured_media":609,"comment_status":"open","ping_status":"closed","sticky":false,"template":"","format":"standard","meta":{"_bbp_topic_count":0,"_bbp_reply_count":0,"_bbp_total_topic_count":0,"_bbp_total_reply_count":0,"_bbp_voice_count":0,"_bbp_anonymous_reply_count":0,"_bbp_topic_count_hidden":0,"_bbp_reply_count_hidden":0,"_bbp_forum_subforum_count":0,"footnotes":""},"categories":[29],"tags":[91,84,92,94,93,96,87,40,95],"class_list":["post-134","post","type-post","status-publish","format-standard","has-post-thumbnail","hentry","category-portada","tag-actuar","tag-alumnes","tag-centre-civic-sant-narcis","tag-cfgs","tag-distrets","tag-estudiar","tag-taller","tag-teatre","tag-tecniques-dactuacio-teatral"],"post_mailing_queue_ids":[],"_links":{"self":[{"href":"https:\/\/agora.xtec.cat\/cfgselgalliner\/wp-json\/wp\/v2\/posts\/134","targetHints":{"allow":["GET"]}}],"collection":[{"href":"https:\/\/agora.xtec.cat\/cfgselgalliner\/wp-json\/wp\/v2\/posts"}],"about":[{"href":"https:\/\/agora.xtec.cat\/cfgselgalliner\/wp-json\/wp\/v2\/types\/post"}],"author":[{"embeddable":true,"href":"https:\/\/agora.xtec.cat\/cfgselgalliner\/wp-json\/wp\/v2\/users\/1"}],"replies":[{"embeddable":true,"href":"https:\/\/agora.xtec.cat\/cfgselgalliner\/wp-json\/wp\/v2\/comments?post=134"}],"version-history":[{"count":4,"href":"https:\/\/agora.xtec.cat\/cfgselgalliner\/wp-json\/wp\/v2\/posts\/134\/revisions"}],"predecessor-version":[{"id":677,"href":"https:\/\/agora.xtec.cat\/cfgselgalliner\/wp-json\/wp\/v2\/posts\/134\/revisions\/677"}],"wp:featuredmedia":[{"embeddable":true,"href":"https:\/\/agora.xtec.cat\/cfgselgalliner\/wp-json\/wp\/v2\/media\/609"}],"wp:attachment":[{"href":"https:\/\/agora.xtec.cat\/cfgselgalliner\/wp-json\/wp\/v2\/media?parent=134"}],"wp:term":[{"taxonomy":"category","embeddable":true,"href":"https:\/\/agora.xtec.cat\/cfgselgalliner\/wp-json\/wp\/v2\/categories?post=134"},{"taxonomy":"post_tag","embeddable":true,"href":"https:\/\/agora.xtec.cat\/cfgselgalliner\/wp-json\/wp\/v2\/tags?post=134"}],"curies":[{"name":"wp","href":"https:\/\/api.w.org\/{rel}","templated":true}]}}